{"id":359023,"date":"2025-09-01T19:38:13","date_gmt":"2025-09-01T19:38:13","guid":{"rendered":"https:\/\/www.europesays.com\/fr\/359023\/"},"modified":"2025-09-01T19:38:13","modified_gmt":"2025-09-01T19:38:13","slug":"le-mercato-est-fini-pas-de-nouvelles-pour-bakwa","status":"publish","type":"post","link":"https:\/\/www.europesays.com\/fr\/359023\/","title":{"rendered":"le mercato est fini, pas de nouvelles pour Bakwa !"},"content":{"rendered":"<p>        &#13;<br \/>\n        <a href=\"https:\/\/www.europesays.com\/fr\/wp-content\/uploads\/2025\/09\/image-1756576012.jpg\" title=\"Photo Jean-Marc Loos\" class=\"chocolat-image GA-tracking\" data-ga_type=\"click\" data-ga_category=\"D\u00e9tail\" data-ga_action=\"zoomer\" data-ga_label=\"agrandir image\">&#13;<br \/>\n            <img loading=\"lazy\" decoding=\"async\" src=\"https:\/\/www.europesays.com\/fr\/wp-content\/uploads\/2025\/09\/image-1756576012.jpg\" alt=\"Photo Jean-Marc Loos\"\/>&#13;<br \/>\n        <\/a>&#13;<br \/>\n                Photo Jean-Marc Loos&#13;<\/p>\n<p>En vendant au d\u00e9but du mercato son capitaine Habib Diarra \u00e0 Sunderland, le Racing avait explos\u00e9 son record en la mati\u00e8re avec une rentr\u00e9e de quelque 35 millions d&rsquo;euros.<\/p>\n<p>Un nouveau seuil pourrait \u00eatre franchi en cas de d\u00e9part de Dilane Bakwa (23 ans), lui aussi\u00a0suivi\u00a0 par les clubs anglais et dont la cote ne cesse de grimper \u00e0 la faveur d&rsquo;un \u00e9t\u00e9 \u00e9tincelant, malgr\u00e9 un temps de jeu r\u00e9duit.<\/p>\n<p>Si le club strasbourgeois \u00e9tait dispos\u00e9 ces derni\u00e8res semaines \u00e0 se s\u00e9parer de son ailier, en atteste son r\u00f4le de rempla\u00e7ant et ses propres d\u00e9clarations dans le vestiaire, ses entr\u00e9es tonitruantes en barrages de Conf\u00e9rence Ligue et en championnat (1 but, 2 passes, 1 penalty provoqu\u00e9) ont permis de\u00a0rappeler \u00e0 quel point le natif de Cr\u00e9teil \u00e9tait devenu indispensable.<\/p>\n<p>Il faudrait d\u00e9sormais une \u00ab\u00a0offre qui ne se refuse pas\u00a0\u00bb pour que Bakwa file \u00e0 l&rsquo;anglaise dans les derni\u00e8res heures du mercato.\u00a0<\/p>\n<p>Mais avec la surface financi\u00e8re de BlueCo, la barre devra \u00eatre plac\u00e9e tr\u00e8s haut, en particulier pou Nottingham Forest qui a d\u00e9j\u00e0 formul\u00e9 plusieurs offres, toutes refus\u00e9es jusque-l\u00e0.<\/p>\n","protected":false},"excerpt":{"rendered":"&#13; &#13; &#13; &#13; Photo Jean-Marc Loos&#13; En vendant au d\u00e9but du mercato son capitaine Habib Diarra \u00e0&hellip;\n","protected":false},"author":2,"featured_media":359024,"comment_status":"","ping_status":"","sticky":false,"template":"","format":"standard","meta":{"footnotes":""},"categories":[2820],"tags":[328,1111,11,2649,12255,3545,2880,1777,674,107,63,1011,27,775,3544,23100,12,41281,25,517,640],"class_list":{"0":"post-359023","1":"post","2":"type-post","3":"status-publish","4":"format-standard","5":"has-post-thumbnail","7":"category-strasbourg","8":"tag-a-la-une","9":"tag-actu","10":"tag-actualites","11":"tag-bas-rhin","12":"tag-direct-actualite","13":"tag-direct-sport","14":"tag-edition-strasbourg","15":"tag-eu","16":"tag-europe","17":"tag-fil-info","18":"tag-football","19":"tag-fr","20":"tag-france","21":"tag-grand-est","22":"tag-matchs-en-direct","23":"tag-mercato-football","24":"tag-news","25":"tag-racing-club-strasbourg-masculin","26":"tag-republique-francaise","27":"tag-sport","28":"tag-strasbourg"},"share_on_mastodon":{"url":"https:\/\/pubeurope.com\/@fr\/115130735662838920","error":""},"_links":{"self":[{"href":"https:\/\/www.europesays.com\/fr\/wp-json\/wp\/v2\/posts\/359023","targetHints":{"allow":["GET"]}}],"collection":[{"href":"https:\/\/www.europesays.com\/fr\/wp-json\/wp\/v2\/posts"}],"about":[{"href":"https:\/\/www.europesays.com\/fr\/wp-json\/wp\/v2\/types\/post"}],"author":[{"embeddable":true,"href":"https:\/\/www.europesays.com\/fr\/wp-json\/wp\/v2\/users\/2"}],"replies":[{"embeddable":true,"href":"https:\/\/www.europesays.com\/fr\/wp-json\/wp\/v2\/comments?post=359023"}],"version-history":[{"count":0,"href":"https:\/\/www.europesays.com\/fr\/wp-json\/wp\/v2\/posts\/359023\/revisions"}],"wp:featuredmedia":[{"embeddable":true,"href":"https:\/\/www.europesays.com\/fr\/wp-json\/wp\/v2\/media\/359024"}],"wp:attachment":[{"href":"https:\/\/www.europesays.com\/fr\/wp-json\/wp\/v2\/media?parent=359023"}],"wp:term":[{"taxonomy":"category","embeddable":true,"href":"https:\/\/www.europesays.com\/fr\/wp-json\/wp\/v2\/categories?post=359023"},{"taxonomy":"post_tag","embeddable":true,"href":"https:\/\/www.europesays.com\/fr\/wp-json\/wp\/v2\/tags?post=359023"}],"curies":[{"name":"wp","href":"https:\/\/api.w.org\/{rel}","templated":true}]}}