{"id":359030,"date":"2025-09-01T19:42:27","date_gmt":"2025-09-01T19:42:27","guid":{"rendered":"https:\/\/www.europesays.com\/fr\/359030\/"},"modified":"2025-09-01T19:42:27","modified_gmt":"2025-09-01T19:42:27","slug":"handball-face-a-nantes-pau-billere-demarre-sa-saison-en-grande-pompe","status":"publish","type":"post","link":"https:\/\/www.europesays.com\/fr\/359030\/","title":{"rendered":"Handball. Face \u00e0 Nantes, Pau-Bill\u00e8re d\u00e9marre sa saison en grande pompe"},"content":{"rendered":"<p>C\u2019est en train de devenir une bonne habitude. Comme l\u2019an dernier, le Pau Bill\u00e8re Handball re\u00e7oit une \u00e9norme cylindr\u00e9e en guise de mise en bouche avec la venue du HBC Nantes pour le compte du 1er tour de la Coupe de France. Non seulement Nantes est devenu depuis plusieurs saisons une des \u00e9quipes phares de la Starligue, mais en prime, la Coupe de France et la cit\u00e9 de Jules-Verne ont nou\u00e9 une vraie histoire d\u2019amour. Vainqueurs de deux des trois derni\u00e8res \u00e9ditions (2023 et 2024), les co\u00e9quipiers de l\u2019ailier gauche barcelonais Val\u00e9ro Rivera, qui \u00e0 40\u00a0ans, entame sa derni\u00e8re saison de joueur, attachent une attention particuli\u00e8re \u00e0 ce troph\u00e9e.<\/p>\n<p>Un chaudron bouillant<\/p>\n<p>Si la saison pass\u00e9e, le PBH avait accueilli le PSG au Palais des sports de Pau, cette fois, ce sont bel et bien les Billerois qui auront l\u2019honneur de pouvoir voir de pr\u00e8s la pluie de stars sur leur parquet du Sporting d\u2019Este. Un peu comme un superbe cadeau de No\u00ebl en plein mois de septembre. \u00ab\u00a0Bien entendu, on ne rentrera pas les 4\u00a0000 spectateurs de l\u2019an dernier, mais notre chaudron va \u00eatre plein comme un \u0153uf. Recevoir la 3e meilleure \u00e9quipe du monde pour entamer la saison est un message fort envoy\u00e9 \u00e0 nos supporters\u00a0\u00bb, salive l\u2019entra\u00eeneur Rares Fortuneanu, qui ne veut pas voir dans ce match une ultime rencontre de pr\u00e9paration. \u00ab\u00a0La comp\u00e9tition commence aujourd\u2019hui. Les matchs de pr\u00e9paration, on en a assez jou\u00e9, l\u00e0, il s\u2019agit d\u2019un match officiel et nous l\u2019avons pr\u00e9par\u00e9 avec la vraie volont\u00e9 d\u2019enregistrer le meilleur r\u00e9sultat possible\u00a0\u00bb, poursuit l\u2019entra\u00eeneur roumain.<\/p>\n<p>L\u2019an pass\u00e9 face au PSG, Bill\u00e8re avait rendu une copie tr\u00e8s honorable en tenant la drag\u00e9e haute aux Parisiens. Cette ann\u00e9e, Rares Fortuneanu attend la m\u00eame chose de la part de ses hommes\u00a0: \u00ab\u00a0Ce n\u2019est pas tous les jours que l\u2019on re\u00e7oit une telle \u00e9quipe au Sporting d\u2019Este, alors je souhaite que l\u2019on frappe un grand coup sur le plan de notre identit\u00e9 de jeu. Cette entame de prestige doit nous permettre de faire corps avec notre public pour toute la saison.\u00a0\u00bb<\/p>\n<p>Sans Zahaf<\/p>\n<p>Si la pr\u00e9paration a \u00e9t\u00e9 globalement positive, le dernier match a mal tourn\u00e9 au Sporting d\u2019Este, face \u00e0 Saintes. On n\u2019a pas reconnu le Pau Bill\u00e8re Handball de cet \u00e9t\u00e9. La chaleur accumul\u00e9e venant apr\u00e8s une lourde pr\u00e9paration en est peut-\u00eatre la cause. Un argument balay\u00e9 par l\u2019entra\u00eeneur\u00a0: \u00ab\u00a0il faisait chaud pour tout le monde. Saintes n\u2019a pas jou\u00e9 avec la climatisation\u00a0! La v\u00e9rit\u00e9, c\u2019est que nous avons eu trop de manques un peu partout. Ce doit \u00eatre un avertissement sans frais, raison de plus pour rendre une belle copie ce soir.\u00a0\u00bb<\/p>\n<p>Face \u00e0 Saintes, tout avait d\u00e9j\u00e0 mal commenc\u00e9 par la blessure \u00e0 l\u2019\u00e9chauffement du nouveau gardien de buts Karim Zahaf (entorse au genou), qui sera absent entre six et huit semaines. Louis Barr\u00e9 d\u00e9marrera donc la saison avec Arnaud Tabarand dans les cages b\u00e9arnaises. De son c\u00f4t\u00e9, Yoni Bourrigault rem\u00e9diera \u00e0 l\u2019absence de Lorenzo Briant pour quelques semaines encore.<\/p>\n<p>    Pau-Bill\u00e8re &#8211; Nantes<br \/>\n<strong>Lieu <\/strong>Bill\u00e8re (Sporting d\u2019Este). <strong>Horaire <\/strong>Ce soir \u00e0 20 heures. <strong>Arbitres\u00a0<\/strong>Hugo Marty et Damien Bondon.<br \/><strong>PAU-BILLERE Le groupe\u00a0:<\/strong> Tabarand, Barr\u00e9\u00a0; Daoud, Favril, Gayduchenko, Vellenoweth, Kolakovic, Kersauson, Doudeau, Cohn, Obbina, Gaillard, Bourrigault, Maric, Mantz, Tarrico.<\/p>\n<p>    L\u2019info<br \/>\n<strong>Un ancien joueur de Nancy \u00e0 l\u2019essai. <\/strong>Et si le recrutement du Pau Bill\u00e8re handball n\u2019\u00e9tait pas termin\u00e9\u00a0? La question m\u00e9rite d\u2019\u00eatre pos\u00e9e. Pr\u00e9sent hier lors de l\u2019entra\u00eenement au Sporting d\u2019Este, l\u2019ancien arri\u00e8re droit de Nancy Handball, \u00c9milien Deschamps, pourrait bien conna\u00eetre un troisi\u00e8me club de Proligue depuis le d\u00e9but de sa carri\u00e8re professionnelle. Form\u00e9 chez les Vikings de Caen, il avait rejoint le Nancy Handball la saison derni\u00e8re. La fin de l\u2019aventure professionnelle du club de Meurthe-et-Moselle entra\u00eene une fuite majeure de ses joueurs. Apr\u00e8s un premier essai \u00e0 Besan\u00e7on, ce gaucher de 22\u00a0ans pourrait bien \u00eatre\u00a0; selon nos informations\u00a0; la sixi\u00e8me recrue du club b\u00e9arnais.<\/p>\n","protected":false},"excerpt":{"rendered":"C\u2019est en train de devenir une bonne habitude. Comme l\u2019an dernier, le Pau Bill\u00e8re Handball re\u00e7oit une \u00e9norme&hellip;\n","protected":false},"author":2,"featured_media":359031,"comment_status":"","ping_status":"","sticky":false,"template":"","format":"standard","meta":{"footnotes":""},"categories":[2818],"tags":[1111,11,1777,674,1011,27,766,12,2636,25],"class_list":{"0":"post-359030","1":"post","2":"type-post","3":"status-publish","4":"format-standard","5":"has-post-thumbnail","7":"category-nantes","8":"tag-actu","9":"tag-actualites","10":"tag-eu","11":"tag-europe","12":"tag-fr","13":"tag-france","14":"tag-nantes","15":"tag-news","16":"tag-pays-de-la-loire","17":"tag-republique-francaise"},"share_on_mastodon":{"url":"https:\/\/pubeurope.com\/@fr\/115130751146045773","error":""},"_links":{"self":[{"href":"https:\/\/www.europesays.com\/fr\/wp-json\/wp\/v2\/posts\/359030","targetHints":{"allow":["GET"]}}],"collection":[{"href":"https:\/\/www.europesays.com\/fr\/wp-json\/wp\/v2\/posts"}],"about":[{"href":"https:\/\/www.europesays.com\/fr\/wp-json\/wp\/v2\/types\/post"}],"author":[{"embeddable":true,"href":"https:\/\/www.europesays.com\/fr\/wp-json\/wp\/v2\/users\/2"}],"replies":[{"embeddable":true,"href":"https:\/\/www.europesays.com\/fr\/wp-json\/wp\/v2\/comments?post=359030"}],"version-history":[{"count":0,"href":"https:\/\/www.europesays.com\/fr\/wp-json\/wp\/v2\/posts\/359030\/revisions"}],"wp:featuredmedia":[{"embeddable":true,"href":"https:\/\/www.europesays.com\/fr\/wp-json\/wp\/v2\/media\/359031"}],"wp:attachment":[{"href":"https:\/\/www.europesays.com\/fr\/wp-json\/wp\/v2\/media?parent=359030"}],"wp:term":[{"taxonomy":"category","embeddable":true,"href":"https:\/\/www.europesays.com\/fr\/wp-json\/wp\/v2\/categories?post=359030"},{"taxonomy":"post_tag","embeddable":true,"href":"https:\/\/www.europesays.com\/fr\/wp-json\/wp\/v2\/tags?post=359030"}],"curies":[{"name":"wp","href":"https:\/\/api.w.org\/{rel}","templated":true}]}}