{"id":359032,"date":"2025-09-01T19:43:14","date_gmt":"2025-09-01T19:43:14","guid":{"rendered":"https:\/\/www.europesays.com\/fr\/359032\/"},"modified":"2025-09-01T19:43:14","modified_gmt":"2025-09-01T19:43:14","slug":"festival-et-paff-2025-de-la-biere-a-la-guinguette-chez-alriq","status":"publish","type":"post","link":"https:\/\/www.europesays.com\/fr\/359032\/","title":{"rendered":"Festival Et Paff 2025 de la bi\u00e8re \u00e0 la guinguette Chez Alriq"},"content":{"rendered":"<p>Article sponsoris\u00e9 par Paff Festival.<\/p>\n<p><strong>Le samedi 4 octobre 2025, Bordeaux va p\u00e9tiller avec le festival Et Paff. Pour la premi\u00e8re fois, l\u2019\u00e9v\u00e9nement prend place \u00e0 la guinguette Chez Alriq, ce spot bordelais connu pour ses soir\u00e9es conviviales au bord de la Garonne. Au programme : festival de bi\u00e8res, boissons artisanales, ambiance fa\u00e7on Oktoberfest \u00e0 Bordeaux, jeux, animations et une grande soir\u00e9e concert avec DJ jusqu\u2019\u00e0 2h du matin. Autant dire que cette f\u00eate de la bi\u00e8re ne passera pas inaper\u00e7ue.<\/strong><\/p>\n<p>Une journ\u00e9e qui m\u00eale d\u00e9gustations et d\u00e9couvertes<\/p>\n<p>D\u00e8s 11h, les portes du festival s\u2019ouvrent. Le principe est simple : on prend son verre collector (offert \u00e0 l\u2019entr\u00e9e) et on part \u00e0 la <strong>rencontre des brasseurs<\/strong>. Le <a href=\"https:\/\/www.etpaff.com\/\" target=\"_blank\" rel=\"noreferrer noopener nofollow\">festival Et Paff<\/a> rassemble des<strong> artisans passionn\u00e9s<\/strong> qui font d\u00e9couvrir leurs cr\u00e9ations. On parle ici de <strong>d\u00e9gustation de bi\u00e8res artisanales<\/strong>, mais aussi de <strong>vins p\u00e9tillants, de cocktails gazeux ou encore de boissons sans alcool<\/strong> pour ceux qui veulent profiter sans bulles alcoolis\u00e9es.<\/p>\n<p><img loading=\"lazy\" decoding=\"async\" width=\"700\" height=\"589\" src=\"https:\/\/www.europesays.com\/fr\/wp-content\/uploads\/2025\/09\/festival-biere-bordeaux.jpg\" alt=\"Festival de bi\u00e8res \u00e0 Bordeaux\" class=\"wp-image-18811749\" title=\"Oktoberfest \u00e0 Bordeaux : Et Paff transforme la guinguette Chez Alriq en festival de la bi\u00e8re 1\"  \/><\/p>\n<p>Il est possible d\u2019acheter des bouteilles sur place pour prolonger l\u2019exp\u00e9rience \u00e0 la maison. C\u2019est aussi \u00e7a l\u2019esprit de l\u2019\u00e9v\u00e9nement : tester sur place, discuter avec les producteurs, puis se fournir directement aupr\u00e8s d\u2019eux.<\/p>\n<p>L\u2019esprit Oktoberfest \u00e0 Bordeaux<\/p>\n<p>Le mois d\u2019octobre rime forc\u00e9ment avec <strong>Oktoberfest<\/strong>. Mais pas besoin d\u2019aller jusqu\u2019\u00e0 Munich pour retrouver cette ambiance festive. Avec le <strong>festival Et Paff<\/strong>, Bordeaux se met aux couleurs de la bi\u00e8re et des bulles artisanales. Pas de chopes d\u2019un litre ni de costumes traditionnels obligatoires, mais une atmosph\u00e8re chaleureuse, des longues tabl\u00e9es, des discussions anim\u00e9es et des concerts qui s\u2019encha\u00eenent.<\/p>\n<p>La <strong>guinguette Chez Alriq<\/strong> est le lieu parfait pour \u00e7a. Ceux qui connaissent savent d\u00e9j\u00e0 que son esprit boh\u00e8me, ses guirlandes lumineuses et sa sc\u00e8ne au bord de l\u2019eau cr\u00e9ent une atmosph\u00e8re unique. Pour une <strong>f\u00eate de la bi\u00e8re<\/strong> version bordelaise, difficile de faire mieux.<\/p>\n<p>Le festival Et Paff, ce n\u2019est pas que de la bi\u00e8re<\/p>\n<p>Un bon <strong>festival de bi\u00e8res<\/strong> ne se limite pas \u00e0 remplir les verres. Et Paff, c\u2019est aussi <strong>des jeux, des animations<\/strong> et bien s\u00fbr de la <strong>restauration disponible toute la journ\u00e9e.<\/strong> Pas question de rester le ventre vide. On retrouve sur place de quoi grignoter en continu, dans l\u2019esprit convivial et accessible de la guinguette.<\/p>\n<p>La soir\u00e9e : concerts et DJ set jusqu\u2019\u00e0 2h du matin<\/p>\n<p>\u00c0 partir de 19h, le festival change de rythme. Les brasseurs laissent place aux musiciens, et la sc\u00e8ne s\u2019anime avec des<strong> concerts live<\/strong>. Puis vient le <strong>DJ set<\/strong>, qui transforme la guinguette en piste de danse sous les lampions. L\u2019ambiance se fait plus \u00e9lectrique, les verres se l\u00e8vent et la <strong>f\u00eate de la bi\u00e8re<\/strong> prend un tournant festif jusqu\u2019\u00e0 2h du matin.<\/p>\n<p>Si vous n\u2019avez pas pu venir en journ\u00e9e, il est possible de rejoindre uniquement la soir\u00e9e avec un <strong>billet sp\u00e9cifique<\/strong> <strong>\u00e0 5\u20ac<\/strong>. Et l\u00e0 encore, le bar reste ouvert pour profiter des derni\u00e8res gorg\u00e9es artisanales.<\/p>\n<p>Tarifs et fonctionnement<\/p>\n<p>L\u2019entr\u00e9e est pens\u00e9e pour rester accessible. En journ\u00e9e, de 11h \u00e0 19h, <strong>l\u2019entr\u00e9e co\u00fbte 7 \u20ac<\/strong> en pr\u00e9vente et <strong>8 \u20ac sur place<\/strong>. Ce billet comprend l\u2019acc\u00e8s au site et le fameux verre du festival. Les d\u00e9gustations se paient ensuite directement aupr\u00e8s des producteurs, en fonction de ce que vous choisissez.<\/p>\n<p><img loading=\"lazy\" decoding=\"async\" width=\"700\" height=\"986\" src=\"https:\/\/www.europesays.com\/fr\/wp-content\/uploads\/2025\/09\/affiche-et-paff-fest.jpg\" alt=\"F\u00eate de la bi\u00e8re \u00e0 Bordeaux\" class=\"wp-image-18811748\" title=\"Oktoberfest \u00e0 Bordeaux : Et Paff transforme la guinguette Chez Alriq en festival de la bi\u00e8re 2\"  \/><\/p>\n<p>\u00c0 partir de 19h, place \u00e0 la soir\u00e9e concert et DJ. L\u2019entr\u00e9e est \u00e0 5 \u20ac, avec toujours le bar et la restauration disponibles sur place.<\/p>\n<p>Un conseil pratique : pensez \u00e0 r\u00e9server vos places <a href=\"https:\/\/www.helloasso.com\/associations\/et-paff\/evenements\/festival-et-paff-bordeaux-2025\" target=\"_blank\" rel=\"noreferrer noopener nofollow\">en ligne<\/a> pour gagner du temps et \u00eatre s\u00fbr de pouvoir entrer, surtout pour la partie soir\u00e9e qui attire toujours beaucoup de monde \u00e0 la guinguette.<\/p>\n<p class=\"has-text-align-center\">L\u2019abus d\u2019alcool est dangereux pour la sant\u00e9, \u00e0 consommer avec mod\u00e9ration.<\/p>\n<p>Retrouvez tous nos bons plans en cliquant <a href=\"https:\/\/quoifaireabordeaux.com\/category\/bons-plans\/\" target=\"_blank\" rel=\"noreferrer noopener nofollow\">ICI<\/a>.<\/p>\n<p>\t\t\t\t\t\t\t\t\t\t\tInformations pratiques<\/p>\n<p>concernant l&rsquo;\u00e9v\u00e9nement<\/p>\n<p data-start=\"5351\" data-end=\"5385\"><strong data-start=\"5351\" data-end=\"5359\">Date<\/strong> : samedi 4 octobre 2025<\/p>\n<p data-start=\"5388\" data-end=\"5460\"><strong data-start=\"5388\" data-end=\"5396\">Lieu<\/strong> : La Guinguette Chez Alriq \u2013 Quai de Queyries, 33100 Bordeaux<\/p>\n<p data-start=\"5463\" data-end=\"5532\"><strong data-start=\"5463\" data-end=\"5475\">Horaires<\/strong> : 11h \u00e0 19h (d\u00e9gustations) \u2013 19h \u00e0 2h (concerts et DJ)<\/p>\n<p data-start=\"5535\" data-end=\"5606\"><strong data-start=\"5535\" data-end=\"5545\">Tarifs<\/strong> : 7 \u20ac en pr\u00e9vente \/ 8 \u20ac sur place (journ\u00e9e) \u2013 5 \u20ac (soir\u00e9e)<\/p>\n<p data-start=\"5609\" data-end=\"5669\"><strong data-start=\"5609\" data-end=\"5624\">Billetterie<\/strong> en cliquant <a href=\"https:\/\/www.helloasso.com\/associations\/et-paff\/evenements\/festival-et-paff-bordeaux-2025\" target=\"_blank\" rel=\"noopener nofollow\"><strong>ICI<\/strong><\/a><\/p>\n<p data-start=\"5672\" data-end=\"5768\"><strong data-start=\"5672\" data-end=\"5684\">\u00c0 savoir<\/strong> : verre du festival offert \u00e0 l\u2019entr\u00e9e, consommations payantes aupr\u00e8s des artisans<\/p>\n","protected":false},"excerpt":{"rendered":"Article sponsoris\u00e9 par Paff Festival. Le samedi 4 octobre 2025, Bordeaux va p\u00e9tiller avec le festival Et Paff.&hellip;\n","protected":false},"author":2,"featured_media":359033,"comment_status":"","ping_status":"","sticky":false,"template":"","format":"standard","meta":{"footnotes":""},"categories":[2817],"tags":[1111,11,1997,1777,674,1011,27,12,2219,25],"class_list":{"0":"post-359032","1":"post","2":"type-post","3":"status-publish","4":"format-standard","5":"has-post-thumbnail","7":"category-bordeaux","8":"tag-actu","9":"tag-actualites","10":"tag-bordeaux","11":"tag-eu","12":"tag-europe","13":"tag-fr","14":"tag-france","15":"tag-news","16":"tag-nouvelle-aquitaine","17":"tag-republique-francaise"},"share_on_mastodon":{"url":"https:\/\/pubeurope.com\/@fr\/115130755549758603","error":""},"_links":{"self":[{"href":"https:\/\/www.europesays.com\/fr\/wp-json\/wp\/v2\/posts\/359032","targetHints":{"allow":["GET"]}}],"collection":[{"href":"https:\/\/www.europesays.com\/fr\/wp-json\/wp\/v2\/posts"}],"about":[{"href":"https:\/\/www.europesays.com\/fr\/wp-json\/wp\/v2\/types\/post"}],"author":[{"embeddable":true,"href":"https:\/\/www.europesays.com\/fr\/wp-json\/wp\/v2\/users\/2"}],"replies":[{"embeddable":true,"href":"https:\/\/www.europesays.com\/fr\/wp-json\/wp\/v2\/comments?post=359032"}],"version-history":[{"count":0,"href":"https:\/\/www.europesays.com\/fr\/wp-json\/wp\/v2\/posts\/359032\/revisions"}],"wp:featuredmedia":[{"embeddable":true,"href":"https:\/\/www.europesays.com\/fr\/wp-json\/wp\/v2\/media\/359033"}],"wp:attachment":[{"href":"https:\/\/www.europesays.com\/fr\/wp-json\/wp\/v2\/media?parent=359032"}],"wp:term":[{"taxonomy":"category","embeddable":true,"href":"https:\/\/www.europesays.com\/fr\/wp-json\/wp\/v2\/categories?post=359032"},{"taxonomy":"post_tag","embeddable":true,"href":"https:\/\/www.europesays.com\/fr\/wp-json\/wp\/v2\/tags?post=359032"}],"curies":[{"name":"wp","href":"https:\/\/api.w.org\/{rel}","templated":true}]}}