{"id":359034,"date":"2025-09-01T19:44:14","date_gmt":"2025-09-01T19:44:14","guid":{"rendered":"https:\/\/www.europesays.com\/fr\/359034\/"},"modified":"2025-09-01T19:44:14","modified_gmt":"2025-09-01T19:44:14","slug":"il-faut-suspendre-les-travaux-nouvelle-offensive-des-ecologistes-et-des-insoumis-contre-la-lgv-bordeaux-toulouse","status":"publish","type":"post","link":"https:\/\/www.europesays.com\/fr\/359034\/","title":{"rendered":"\u00ab\u00a0Il faut suspendre les travaux\u00a0\u00bb\u00a0: nouvelle offensive des \u00e9cologistes et des Insoumis contre la LGV Bordeaux-Toulouse"},"content":{"rendered":"<p>\n                                                                    l&rsquo;essentiel<br \/>\n                                                                Les d\u00e9put\u00e9s \u00e9cologistes et Insoumis toulousains, qui doutent du plan de financement de la LGV, demandent au ministre des Transports l\u2018arr\u00eat des travaux au nord de la Ville rose.\n                            <\/p>\n<p>Y a-t-il une alerte sur le financement europ\u00e9en de la LGV Bordeaux-Toulouse, soit 20\u00a0% des 14\u00a0milliards d\u2019\u20ac n\u00e9cessaires\u00a0? Oui, affirme la d\u00e9put\u00e9e \u00e9cologiste de Toulouse Christine Arrighi en notant que l\u2019Europe n\u2019a pas retenu le projet dans ses financements 2024-2025 et que rien \u00ab\u00a0\u2005n\u2019est pr\u00e9vu avant 2028\u2005\u00a0\u00bb. Non, assurent la soci\u00e9t\u00e9 de financement du Grand Projet Sud-ouest ainsi que la R\u00e9gion que nous avons contact\u00e9s ce lundi. \u00ab\u00a0\u2005Nous avons obtenu 20\u00a0M\u20ac l\u2019an dernier. Cette ann\u00e9e, l\u2019appel ne nous concernait pas et nous n\u2019avons rien demand\u00e9. Pour la programmation apr\u00e8s 2028, l\u2019Europe a doubl\u00e9 son budget et d\u2019ici l\u00e0, il y aura d\u2019autres appels \u00e0 financement\u2005\u00a0\u00bb, explique-t-on en r\u00e9sum\u00e9 chez GPSO pour qui \u00ab\u00a0\u2005tous les signaux sont bons\u2005\u00a0\u00bb.<\/p>\n<p>Pour autant, en rappelant aussi le contexte budg\u00e9taire tendu de l\u2019\u00c9tat, la d\u00e9put\u00e9e Verte a \u00e9crit la semaine derni\u00e8re au ministre des Transports pour lui demander de suspendre les travaux pr\u00e9paratoires, en particulier \u00ab\u00a0\u2005les coupes d\u2019arbres programm\u00e9s au nord de Toulouse \u00e0 compter du 1er\u00a0septembre\u2005\u00a0\u00bb, le tribunal devant par ailleurs examiner un recours mi-septembre.<\/p>\n<p>Pro et anti-LGV<\/p>\n<p>Ce courrier, co-sign\u00e9 par les d\u00e9put\u00e9s Insoumis Hadrien Clouet, Anne Stambach, Fran\u00e7ois Piquemal et Christophe Bex, a aussit\u00f4t relanc\u00e9 la pol\u00e9mique entre pro et anti-LGV. Alors que d\u00e9bute la campagne des municipales dans la Ville rose, ce sujet ne pouvait rester \u00e0 l\u2019\u00e9cart.<\/p>\n<blockquote data-class=\"twitter-tweet\">\n<p lang=\"fr\" dir=\"ltr\">Le projet de LGV <a href=\"https:\/\/twitter.com\/hashtag\/Bordeaux?src=hash&amp;ref_src=twsrc%5Etfw\" rel=\"nofollow noopener\" target=\"_blank\">#Bordeaux<\/a>&#8211;<a href=\"https:\/\/twitter.com\/hashtag\/Toulouse?src=hash&amp;ref_src=twsrc%5Etfw\" rel=\"nofollow noopener\" target=\"_blank\">#Toulouse<\/a>&#8211;<a href=\"https:\/\/twitter.com\/hashtag\/Dax?src=hash&amp;ref_src=twsrc%5Etfw\" rel=\"nofollow noopener\" target=\"_blank\">#Dax<\/a> plus fragile que jamais.<\/p>\n<p>Avec <a href=\"https:\/\/twitter.com\/ChArrighi?ref_src=twsrc%5Etfw\" rel=\"nofollow noopener\" target=\"_blank\">@ChArrighi<\/a>, <a href=\"https:\/\/twitter.com\/Anne_Stambach?ref_src=twsrc%5Etfw\" rel=\"nofollow noopener\" target=\"_blank\">@Anne_Stambach<\/a>, <a href=\"https:\/\/twitter.com\/ChristopheBex?ref_src=twsrc%5Etfw\" rel=\"nofollow noopener\" target=\"_blank\">@ChristopheBex<\/a>, <a href=\"https:\/\/twitter.com\/FraPiquemal?ref_src=twsrc%5Etfw\" rel=\"nofollow noopener\" target=\"_blank\">@FraPiquemal<\/a>, <a href=\"https:\/\/twitter.com\/PrudhommeLoic?ref_src=twsrc%5Etfw\" rel=\"nofollow noopener\" target=\"_blank\">@PrudhommeLoic<\/a>, <a href=\"https:\/\/twitter.com\/MathildeFeld?ref_src=twsrc%5Etfw\" rel=\"nofollow noopener\" target=\"_blank\">@MathildeFeld<\/a> et <a href=\"https:\/\/twitter.com\/nthierry?ref_src=twsrc%5Etfw\" rel=\"nofollow noopener\" target=\"_blank\">@nthierry<\/a>, nous \u00e9crivons au ministre des transports. <\/p>\n<p>Aucun financement europ\u00e9en = il faut interrompre\u2026 <a href=\"https:\/\/t.co\/Jrw77BdAfK\" rel=\"nofollow\">pic.twitter.com\/Jrw77BdAfK<\/a><\/p>\n<p>\u2014 Hadrien Clouet (@HadrienClouet) <a href=\"https:\/\/twitter.com\/HadrienClouet\/status\/1961776768471163070?ref_src=twsrc%5Etfw\" rel=\"nofollow noopener\" target=\"_blank\">August 30, 2025<\/a><\/p><\/blockquote>\n<p>Sur X, Sacha Briand, directeur de campagne de Jean-Luc Moudenc, le maire candidat \u00e0 sa succession, a cibl\u00e9 Fran\u00e7ois Piquemal, candidat Insoumis au Capitole\u00a0: \u00ab\u00a0\u2005nous savons d\u00e9sormais (sa) position\u00a0: stopper le projet LGV alors m\u00eame que les travaux sont en cours et malgr\u00e9 les d\u00e9penses d\u00e9j\u00e0 engag\u00e9es.\u2005\u00a0\u00bb Une position relay\u00e9e par d\u2019autres \u00e9lus de la majorit\u00e9 et partag\u00e9e par plusieurs comptes anonymes ou pas qui s\u2019en prennent au \u00ab\u00a0\u2005non\u2005\u00a0\u00bb des \u00e9cologistes\u00a0\u00e0 cette ligne pr\u00e9vue pour 2032 et attendue depuis longtemps.<\/p>\n<blockquote data-class=\"twitter-tweet\">\n<p lang=\"fr\" dir=\"ltr\">Nous savons d\u00e9sormais la position de <a href=\"https:\/\/twitter.com\/FraPiquemal?ref_src=twsrc%5Etfw\" rel=\"nofollow noopener\" target=\"_blank\">@FraPiquemal<\/a> : stopper le projet de LGV. Alors m\u00eame que les travaux sont en cours. Malgr\u00e9 les d\u00e9penses d\u00e9j\u00e0 engag\u00e9es. La m\u00eame position que pour l\u2019A69 quasi termin\u00e9e. Va-t-il aussi proposer de stopper les travaux de la 3eme ligne de m\u00e9tro ? <a href=\"https:\/\/t.co\/Ab0CRQzcOw\" rel=\"nofollow\">https:\/\/t.co\/Ab0CRQzcOw<\/a><\/p>\n<p>\u2014 Sacha Briand ???? (@sachabriand) <a href=\"https:\/\/twitter.com\/sachabriand\/status\/1961797753748517078?ref_src=twsrc%5Etfw\" rel=\"nofollow noopener\" target=\"_blank\">August 30, 2025<\/a><\/p><\/blockquote>\n<p>Fran\u00e7ois Piquemal d\u00e9nonce \u00ab\u00a0\u2005un manque de cr\u00e9dibilit\u00e9\u2005\u00a0\u00bb du plan de financement. Et il plaide, comme Christine Arrighi, pour la r\u00e9novation de la ligne existante au profit des \u00ab\u00a0\u2005trains du quotidien\u2005\u00a0\u00bb. \u00ab\u00a0\u2005Il n\u2019y a pas un transport pour les pauvres et un transport pour les riches\u2005\u00a0\u00bb, lance la d\u00e9put\u00e9e pour qui le doublement de la voie ferr\u00e9e au nord de Toulouse et le projet de RER peuvent \u00eatre men\u00e9s ind\u00e9pendamment de la LGV.<\/p>\n<p>Ce d\u00e9bat a d\u00e9j\u00e0 \u00e9t\u00e9 tranch\u00e9 pour les collectivit\u00e9s territoriales qui participent au financement, R\u00e9gion, M\u00e9tropole et D\u00e9partement. Carole Delga (PS) a martel\u00e9 qu\u2019une voie suppl\u00e9mentaire \u00e9tait n\u00e9cessaire pour faire passer la grande vitesse et lib\u00e9rer les autres emprises pour les TER et un futur r\u00e9seau RER. Au nord de Toulouse, ces travaux ont commenc\u00e9 d\u00e9but 2024.<\/p>\n<p>    Et la troisi\u00e8me ligne de m\u00e9tro\u00a0?<\/p>\n<p>La troisi\u00e8me ligne de m\u00e9tro, en plein chantier, sera-t-elle, elle aussi, remise en question pendant la campagne des municipales\u00a0? Le consensus politique est large autour de ce projet\u00a0: la majorit\u00e9 de Jean-Luc Moudenc a \u00e9t\u00e9 rejointe par les socialistes, les Ind\u00e9pendants mais aussi le Sicoval. L\u2019opposition \u00e0 la ligne C est ainsi moins pr\u00e9sente dans le d\u00e9bat. Antoine Maurice, pr\u00e9sident des \u00e9lus \u00e9cologistes au Capitole, vient de la relancer ces derniers jours. Dans une vid\u00e9o, il affirme que \u00a0\u00bb cette promesse de 2014 ne sera r\u00e9alis\u00e9e au mieux qu\u2019en 2030 \u00a0\u00bb alors que la mise en service est pr\u00e9vue fin 2028 et que le planning est \u00e0 ce jour tenu.<\/p>\n<p>                                                                                                                                                                                                        <script async src=\"https:\/\/platform.twitter.com\/widgets.js\" charset=\"utf-8\"><\/script><\/p>\n","protected":false},"excerpt":{"rendered":"l&rsquo;essentiel Les d\u00e9put\u00e9s \u00e9cologistes et Insoumis toulousains, qui doutent du plan de financement de la LGV, demandent au&hellip;\n","protected":false},"author":2,"featured_media":359035,"comment_status":"","ping_status":"","sticky":false,"template":"","format":"standard","meta":{"footnotes":""},"categories":[2817],"tags":[1111,11,1997,1777,674,1011,27,12,2219,25],"class_list":{"0":"post-359034","1":"post","2":"type-post","3":"status-publish","4":"format-standard","5":"has-post-thumbnail","7":"category-bordeaux","8":"tag-actu","9":"tag-actualites","10":"tag-bordeaux","11":"tag-eu","12":"tag-europe","13":"tag-fr","14":"tag-france","15":"tag-news","16":"tag-nouvelle-aquitaine","17":"tag-republique-francaise"},"share_on_mastodon":{"url":"https:\/\/pubeurope.com\/@fr\/115130758912086572","error":""},"_links":{"self":[{"href":"https:\/\/www.europesays.com\/fr\/wp-json\/wp\/v2\/posts\/359034","targetHints":{"allow":["GET"]}}],"collection":[{"href":"https:\/\/www.europesays.com\/fr\/wp-json\/wp\/v2\/posts"}],"about":[{"href":"https:\/\/www.europesays.com\/fr\/wp-json\/wp\/v2\/types\/post"}],"author":[{"embeddable":true,"href":"https:\/\/www.europesays.com\/fr\/wp-json\/wp\/v2\/users\/2"}],"replies":[{"embeddable":true,"href":"https:\/\/www.europesays.com\/fr\/wp-json\/wp\/v2\/comments?post=359034"}],"version-history":[{"count":0,"href":"https:\/\/www.europesays.com\/fr\/wp-json\/wp\/v2\/posts\/359034\/revisions"}],"wp:featuredmedia":[{"embeddable":true,"href":"https:\/\/www.europesays.com\/fr\/wp-json\/wp\/v2\/media\/359035"}],"wp:attachment":[{"href":"https:\/\/www.europesays.com\/fr\/wp-json\/wp\/v2\/media?parent=359034"}],"wp:term":[{"taxonomy":"category","embeddable":true,"href":"https:\/\/www.europesays.com\/fr\/wp-json\/wp\/v2\/categories?post=359034"},{"taxonomy":"post_tag","embeddable":true,"href":"https:\/\/www.europesays.com\/fr\/wp-json\/wp\/v2\/tags?post=359034"}],"curies":[{"name":"wp","href":"https:\/\/api.w.org\/{rel}","templated":true}]}}