{"id":359046,"date":"2025-09-01T19:50:10","date_gmt":"2025-09-01T19:50:10","guid":{"rendered":"https:\/\/www.europesays.com\/fr\/359046\/"},"modified":"2025-09-01T19:50:10","modified_gmt":"2025-09-01T19:50:10","slug":"marseille-benjamin-pavard-arrive-adrien-rabiot-sen-va","status":"publish","type":"post","link":"https:\/\/www.europesays.com\/fr\/359046\/","title":{"rendered":"Marseille\u00a0: Benjamin Pavard arrive, Adrien Rabiot s\u2019en va"},"content":{"rendered":"<p>Benjamin Pavard (29 ans) jouait depuis deux ans \u00e0 l\u2019Inter Milan apr\u00e8s avoir \u00e9volu\u00e9 pendant quatre saisons au Bayern Munich. Il compte 55 s\u00e9lections en \u00e9quipe de France, avec laquelle il a gagn\u00e9 la Coupe du monde 2018 et a \u00e9t\u00e9 finaliste de celle de 2022.<\/p>\n<p>Exp\u00e9riment\u00e9 et habitu\u00e9 au haut niveau, Pavard peut jouer en d\u00e9fense centrale ou sur le flanc droit de la d\u00e9fense. Apr\u00e8s des d\u00e9buts \u00e0 Lille, il a \u00e9volu\u00e9 \u00e0 Stuttgart, puis au Bayern Munich et \u00e0 l\u2019Inter. Il arrive \u00e0 Marseille Il arrive en pr\u00eat avec option d\u2019achat.<\/p>\n<p>Au-del\u00e0 de son titre mondial avec les Bleus, le palmar\u00e8s de Pavard est \u00e9galement tr\u00e8s copieux en club avec quatre titres de champion d\u2019Allemagne et un titre de champion d\u2019Italie, ainsi qu\u2019une Ligue des champions remport\u00e9e en 2020 avec le Bayern.<\/p>\n<p>A Marseille, il va venir renforcer une d\u00e9fense qui souffre depuis le d\u00e9but de saison et qui \u00e9tait d\u00e9j\u00e0 le point faible de l\u2019\u00e9quipe de Roberto De Zerbi la saison derni\u00e8re.<\/p>\n<p>Un contrat de trois ans pour Rabiot<\/p>\n<p>De son c\u00f4t\u00e9, Adrien Rabiot (30 ans) retrouve la Serie A et Massimiliano Allegri\u00a0: l\u2019international fran\u00e7ais a quitt\u00e9, lundi, l\u2019OM qui l\u2019a \u00e9cart\u00e9 apr\u00e8s une violente altercation avec un co\u00e9quipier, pour rejoindre l\u2019AC Milan d\u2019Allegri, son ancien entra\u00eeneur \u00e0 la Juventus Turin.<\/p>\n<p>\u00ab\u00a0L\u2019AC Milan est heureuse d\u2019annoncer la signature d\u2019Adrien Rabiot de l\u2019Olympique Marseille qui a sign\u00e9 un contrat expirant le 30 juin 2028\u00a0\u00bb, a annonc\u00e9 le Milan dans un bref communiqu\u00e9 peu apr\u00e8s la fin du mercato estival en Italie.<\/p>\n<p>Selon la presse italienne, le club rossonero va d\u00e9bourser dix millions d\u2019euros pour recruter l\u2019ancien Parisien.<\/p>\n<p>Ce retour vers son pass\u00e9 est l\u2019\u00e9pilogue d\u2019une affaire qui agitait l\u2019OM depuis le 15 ao\u00fbt. A l\u2019issue de l\u2019ouverture de la saison en Ligue 1 perdue 1 \u00e0 0 \u00e0 Rennes, le milieu de terrain fran\u00e7ais s\u2019en \u00e9tait pris verbalement puis physiquement \u00e0 son co\u00e9quipier Jonathan Rowe.<\/p>\n<p>Les deux joueurs avaient \u00e9t\u00e9 aussit\u00f4t provisoirement \u00e9cart\u00e9s du groupe de Roberto de Zerbi, avant d\u2019\u00eatre plac\u00e9s sur la liste des transferts, d\u00e9clenchant une \u00e9ni\u00e8me crise grave pour l\u2019OM.<\/p>\n","protected":false},"excerpt":{"rendered":"Benjamin Pavard (29 ans) jouait depuis deux ans \u00e0 l\u2019Inter Milan apr\u00e8s avoir \u00e9volu\u00e9 pendant quatre saisons au&hellip;\n","protected":false},"author":2,"featured_media":359047,"comment_status":"","ping_status":"","sticky":false,"template":"","format":"standard","meta":{"footnotes":""},"categories":[2814],"tags":[1111,11,1777,674,63,1011,27,66,884,30393,12,882,25,60],"class_list":{"0":"post-359046","1":"post","2":"type-post","3":"status-publish","4":"format-standard","5":"has-post-thumbnail","7":"category-marseille","8":"tag-actu","9":"tag-actualites","10":"tag-eu","11":"tag-europe","12":"tag-football","13":"tag-fr","14":"tag-france","15":"tag-ligue-1","16":"tag-marseille","17":"tag-mercato-pro","18":"tag-news","19":"tag-provence-alpes-cote-dazur","20":"tag-republique-francaise","21":"tag-sports"},"share_on_mastodon":{"url":"https:\/\/pubeurope.com\/@fr\/115130782594828361","error":""},"_links":{"self":[{"href":"https:\/\/www.europesays.com\/fr\/wp-json\/wp\/v2\/posts\/359046","targetHints":{"allow":["GET"]}}],"collection":[{"href":"https:\/\/www.europesays.com\/fr\/wp-json\/wp\/v2\/posts"}],"about":[{"href":"https:\/\/www.europesays.com\/fr\/wp-json\/wp\/v2\/types\/post"}],"author":[{"embeddable":true,"href":"https:\/\/www.europesays.com\/fr\/wp-json\/wp\/v2\/users\/2"}],"replies":[{"embeddable":true,"href":"https:\/\/www.europesays.com\/fr\/wp-json\/wp\/v2\/comments?post=359046"}],"version-history":[{"count":0,"href":"https:\/\/www.europesays.com\/fr\/wp-json\/wp\/v2\/posts\/359046\/revisions"}],"wp:featuredmedia":[{"embeddable":true,"href":"https:\/\/www.europesays.com\/fr\/wp-json\/wp\/v2\/media\/359047"}],"wp:attachment":[{"href":"https:\/\/www.europesays.com\/fr\/wp-json\/wp\/v2\/media?parent=359046"}],"wp:term":[{"taxonomy":"category","embeddable":true,"href":"https:\/\/www.europesays.com\/fr\/wp-json\/wp\/v2\/categories?post=359046"},{"taxonomy":"post_tag","embeddable":true,"href":"https:\/\/www.europesays.com\/fr\/wp-json\/wp\/v2\/tags?post=359046"}],"curies":[{"name":"wp","href":"https:\/\/api.w.org\/{rel}","templated":true}]}}