{"id":359048,"date":"2025-09-01T19:51:14","date_gmt":"2025-09-01T19:51:14","guid":{"rendered":"https:\/\/www.europesays.com\/fr\/359048\/"},"modified":"2025-09-01T19:51:14","modified_gmt":"2025-09-01T19:51:14","slug":"bien-vivre-lyon-ses-environs-le-guide-des-adresses-engagees","status":"publish","type":"post","link":"https:\/\/www.europesays.com\/fr\/359048\/","title":{"rendered":"Bien Vivre Lyon &#038; ses environs: le guide des adresses engag\u00e9es"},"content":{"rendered":"<p>L\u2019association The Greener Good lance la 3e \u00e9dition de son guide \u00ab Bien Vivre \u2013 Lyon &amp; ses environs \u00bb, un ouvrage de 240 pages d\u00e9di\u00e9 \u00e0 un mode de vie plus sain et durable.<\/p>\n<p>Le guide \u00ab <strong>Bien Vivre Lyon &amp; ses environs<\/strong> \u00bb propose des <strong>conseils pratiques<\/strong> et <strong>plus de 900 adresses engag\u00e9es<\/strong> dans toute la <strong>M\u00e9tropole de Lyon<\/strong>, r\u00e9parties dans 8 domaines de la <strong>vie quotidienne<\/strong> (des services, \u00e0 l\u2019<strong>alimentation<\/strong>, en passant par la <strong>famille<\/strong>, ou les <strong>loisirs<\/strong>\u2026).<\/p>\n<p>Et pour sa 3\u00e8me \u00e9dition, le <strong>guide<\/strong> a fait peau neuve. Nous avons rencontr\u00e9 <strong>Cl\u00e9mentine Moss\u00e9<\/strong>, directrice et fondatrice de \u00ab\u00a0<strong>The Greener Good<\/strong>\u00ab\u00a0<\/p>\n<p>\u00ab\u00a0L\u2019<strong>alimentation<\/strong>, c\u2019est le chapitre qui prend le plus de place. A la fois, il y a le volet <strong>alimentation au quotidien<\/strong>, donc faire ses courses dans des magasins, des \u00e9piceries, mais il y a aussi le c\u00f4t\u00e9 plaisir. On est quand m\u00eame dans la <strong>Capitale de la Gastronomie<\/strong>, donc les <strong>restaurants<\/strong>, les <strong>bars<\/strong>, les <strong>caf\u00e9s<\/strong>, etc. Il y a de quoi faire et on les a bien mis en valeur.\u00a0\u00bb<\/p>\n<p>Ecoutez le podcast<\/p>\n<p>Bien Vivre Lyon<\/p>\n<p>Ecoutez aussi : <a href=\"https:\/\/www.lyondemain.fr\/des-funerailles-personnalisees-et-plus-ecologiques\/\" target=\"_blank\" rel=\"noreferrer noopener\">Des fun\u00e9railles personnalis\u00e9es et plus \u00e9cologiques\u2026<\/a><\/p>\n<p><img fetchpriority=\"high\" decoding=\"async\" width=\"1200\" height=\"675\" src=\"https:\/\/www.europesays.com\/fr\/wp-content\/uploads\/2025\/09\/Bien-Vivre-Lyon-Clementine-Mosse.jpg\" alt=\"Bien Vivre Lyon\" class=\"wp-image-251324\"  \/>Cl\u00e9mentine Moss\u00e9<\/p>\n<p>Des th\u00e9matiques inattendues<\/p>\n<p>Mais d\u2019autres th\u00e9matiques plus inattendues sont aussi d\u00e9velopp\u00e9es dans le guide \u00ab\u00a0<strong>Bien Vivre Lyon<\/strong>\u00ab\u00a0. Comme le <strong>num\u00e9rique<\/strong>, le <strong>fun\u00e9raire<\/strong> ou la <strong>randonn\u00e9e<\/strong>.<\/p>\n<p>\u00ab\u00a0Si on prend l\u2019exemple du <strong>num\u00e9rique<\/strong>, par exemple. C\u2019est vraiment un secteur qui explose en termes de demandes \u00e9nerg\u00e9tiques, en termes de demandes d\u2019eau aussi pour refroidir les serveurs. D\u2019autant plus que maintenant, il y a le sujet de l\u2019<strong>IA<\/strong> qui vient s\u2019ajouter. Donc, il faut aussi qu\u2019on s\u2019empare de ces sujets. Le sujet du <strong>fun\u00e9raire<\/strong> aussi, on ne se rend pas forc\u00e9ment compte. Mais selon le type de fun\u00e9railles qu\u2019on choisit, il y a aussi plus ou moins d\u2019impact. Et la<strong> randonn\u00e9e<\/strong>. Pourquoi ? On n\u2019est pas oblig\u00e9 forc\u00e9ment de partir \u00e0 l\u2019autre bout du monde\u2026 D\u2019avoir des loisirs consommateurs d\u2019\u00e9nergie, de ressources, polluants, etc. Et que justement, il y a des choses qui peuvent vraiment faire du bien, accessibles \u00e0 tout le monde, gratuites, localement. On a quand m\u00eame la chance d\u2019avoir pas mal d\u2019<strong>itin\u00e9raires de randonn\u00e9es<\/strong> dans toute la <strong>M\u00e9tropole de Lyon<\/strong>.\u00a0\u00bb.<\/p>\n<p>Le guide \u00ab\u00a0<strong>Bien Vivre Lyon &amp; ses environs<\/strong>\u00a0\u00bb est en vente au si\u00e8ge de l\u2019associaion : <strong>15, rue du Bocage, Lyon 8\u00e8me<\/strong>. Et sur tous les \u00e9v\u00e9nements organis\u00e9s par <strong>The Greener Good<\/strong>, comme le <strong>Greener Festival<\/strong> (4 et 5 octobre 2025 \u00e0 la MJC et au Ch\u00e2teau de Montchat). On peut aussi le commander en ligne pour le recevoir \u00e0 la maison\u2026<\/p>\n<p>Pour commander le guide, c\u2019est <a href=\"https:\/\/www.helloasso.com\/associations\/the-greener-good\/boutiques\/commandez-les-ouvrages-et-jeux-de-the-greener-good\" target=\"_blank\" rel=\"noreferrer noopener\">ici<\/a><\/p>\n<p>Ecoutez aussi :<a href=\"https:\/\/www.lyondemain.fr\/lyon-velo-location\/\" target=\"_blank\" rel=\"noreferrer noopener\"> Lyon V\u00e9lo Location : louer un v\u00e9lo pour tester ou voyager<\/a><\/p>\n<p><img loading=\"lazy\" decoding=\"async\" width=\"1200\" height=\"675\" src=\"https:\/\/www.europesays.com\/fr\/wp-content\/uploads\/2025\/09\/guide-Bien-Vivre-Lyon.jpg\" alt=\"Bien Vivre Lyon\" class=\"wp-image-251326\"  \/><br \/>\nJ\u2019aime \u00e7a\u00a0:<\/p>\n<p>J\u2019aime chargement\u2026<\/p>\n<p><a class=\"sd-link-color\"\/><\/p>\n<p>\n\tArticles similaires\n<\/p>\n<p>\t\t\t\t<img decoding=\"async\" src=\"https:\/\/www.europesays.com\/fr\/wp-content\/uploads\/2025\/09\/1756756274_23_7866158698e17e8ed633c05e8f8e7fe5d9e057ad78661c4dc34e413abb6b9f19\" alt=\"G\u00e9rald Bouchon\"\/><\/p>\n<p>Pionnier des radios libres, passionn\u00e9 de radio, journaliste et dirigeant de m\u00e9dias \u00e9co-responsables..<\/p>\n","protected":false},"excerpt":{"rendered":"L\u2019association The Greener Good lance la 3e \u00e9dition de son guide \u00ab Bien Vivre \u2013 Lyon &amp; ses&hellip;\n","protected":false},"author":2,"featured_media":359049,"comment_status":"","ping_status":"","sticky":false,"template":"","format":"standard","meta":{"footnotes":""},"categories":[1889],"tags":[1111,11,258,2430,49449,49450,6973,1777,674,1011,27,23031,4463,2428,12,7553,25,49451],"class_list":{"0":"post-359048","1":"post","2":"type-post","3":"status-publish","4":"format-standard","5":"has-post-thumbnail","7":"category-lyon","8":"tag-actu","9":"tag-actualites","10":"tag-alimentation","11":"tag-auvergne-rhone-alpes","12":"tag-bien-vivre","13":"tag-clementine-mosse","14":"tag-digital","15":"tag-eu","16":"tag-europe","17":"tag-fr","18":"tag-france","19":"tag-funeraire","20":"tag-guide","21":"tag-lyon","22":"tag-news","23":"tag-randonnee","24":"tag-republique-francaise","25":"tag-the-greener-good"},"share_on_mastodon":{"url":"https:\/\/pubeurope.com\/@fr\/115130786522116140","error":""},"_links":{"self":[{"href":"https:\/\/www.europesays.com\/fr\/wp-json\/wp\/v2\/posts\/359048","targetHints":{"allow":["GET"]}}],"collection":[{"href":"https:\/\/www.europesays.com\/fr\/wp-json\/wp\/v2\/posts"}],"about":[{"href":"https:\/\/www.europesays.com\/fr\/wp-json\/wp\/v2\/types\/post"}],"author":[{"embeddable":true,"href":"https:\/\/www.europesays.com\/fr\/wp-json\/wp\/v2\/users\/2"}],"replies":[{"embeddable":true,"href":"https:\/\/www.europesays.com\/fr\/wp-json\/wp\/v2\/comments?post=359048"}],"version-history":[{"count":0,"href":"https:\/\/www.europesays.com\/fr\/wp-json\/wp\/v2\/posts\/359048\/revisions"}],"wp:featuredmedia":[{"embeddable":true,"href":"https:\/\/www.europesays.com\/fr\/wp-json\/wp\/v2\/media\/359049"}],"wp:attachment":[{"href":"https:\/\/www.europesays.com\/fr\/wp-json\/wp\/v2\/media?parent=359048"}],"wp:term":[{"taxonomy":"category","embeddable":true,"href":"https:\/\/www.europesays.com\/fr\/wp-json\/wp\/v2\/categories?post=359048"},{"taxonomy":"post_tag","embeddable":true,"href":"https:\/\/www.europesays.com\/fr\/wp-json\/wp\/v2\/tags?post=359048"}],"curies":[{"name":"wp","href":"https:\/\/api.w.org\/{rel}","templated":true}]}}