{"id":359050,"date":"2025-09-01T19:52:14","date_gmt":"2025-09-01T19:52:14","guid":{"rendered":"https:\/\/www.europesays.com\/fr\/359050\/"},"modified":"2025-09-01T19:52:14","modified_gmt":"2025-09-01T19:52:14","slug":"un-lyceen-de-16-ans-poignarde-a-mort-dans-la-rue-lagresseur-toujours-recherche","status":"publish","type":"post","link":"https:\/\/www.europesays.com\/fr\/359050\/","title":{"rendered":"un lyc\u00e9en de 16 ans poignard\u00e9 \u00e0 mort dans la rue, l&rsquo;agresseur toujours recherch\u00e9"},"content":{"rendered":"<p class=\"intro \">Dimanche soir, vers 22h20, trois adolescents ont \u00e9t\u00e9 pris pour cible par un jeune arm\u00e9 d\u2019un couteau dans une ruelle calme de Caluire-et-Cuire, pr\u00e8s de Lyon. L\u2019un d\u2019eux, \u00e2g\u00e9 de 16 ans, a \u00e9t\u00e9 mortellement touch\u00e9 au c\u0153ur. L\u2019agresseur est en fuite et activement recherch\u00e9 par la police.<\/p>\n<p>Vers 22h20, dimanche soir, trois jeunes hommes marchent sur le trottoir, dans une ruelle assez calme de la petite commune de Caluire-et-Cuire, en p\u00e9riph\u00e9rie lyonnaise.<\/p>\n<p>    La suite apr\u00e8s cette publicit\u00e9<\/p>\n<p>    La suite apr\u00e8s cette publicit\u00e9<\/p>\n<p>Rien d\u2019anormal, mais un autre adolescent, \u00e2g\u00e9 d\u2019environ 15 ans et portant une casquette, surgit et menace les trois adolescents avec un couteau.<\/p>\n<p>Des recherches en cours pour retrouver l&rsquo;agresseur<\/p>\n<p>Les trois amis prennent la fuite en courant, mais l\u2019agresseur parvient quand m\u00eame \u00e0 rattraper l\u2019un d\u2019eux et le poignarde une fois au niveau du c\u0153ur. Le lyc\u00e9en de 16 ans s\u2019effondre et perd connaissance. L\u2019agresseur, lui, se volatilise. Il est actuellement toujours recherch\u00e9 par les policiers.<\/p>\n<p>    La suite apr\u00e8s cette publicit\u00e9<\/p>\n<p>    La suite apr\u00e8s cette publicit\u00e9<\/p>\n<p>Apr\u00e8s quelques minutes gisant au sol, l\u2019adolescent est pris en charge par le SAMU et transport\u00e9 \u00e0 l\u2019h\u00f4pital avec son pronostic vital engag\u00e9. Il est finalement mort des suites de ses blessures dans la nuit de dimanche \u00e0 lundi.<\/p>\n","protected":false},"excerpt":{"rendered":"Dimanche soir, vers 22h20, trois adolescents ont \u00e9t\u00e9 pris pour cible par un jeune arm\u00e9 d\u2019un couteau dans&hellip;\n","protected":false},"author":2,"featured_media":359051,"comment_status":"","ping_status":"","sticky":false,"template":"","format":"standard","meta":{"footnotes":""},"categories":[1889],"tags":[1111,11,2430,1777,674,1011,27,2428,12,25],"class_list":{"0":"post-359050","1":"post","2":"type-post","3":"status-publish","4":"format-standard","5":"has-post-thumbnail","7":"category-lyon","8":"tag-actu","9":"tag-actualites","10":"tag-auvergne-rhone-alpes","11":"tag-eu","12":"tag-europe","13":"tag-fr","14":"tag-france","15":"tag-lyon","16":"tag-news","17":"tag-republique-francaise"},"share_on_mastodon":{"url":"https:\/\/pubeurope.com\/@fr\/115130790334518429","error":""},"_links":{"self":[{"href":"https:\/\/www.europesays.com\/fr\/wp-json\/wp\/v2\/posts\/359050","targetHints":{"allow":["GET"]}}],"collection":[{"href":"https:\/\/www.europesays.com\/fr\/wp-json\/wp\/v2\/posts"}],"about":[{"href":"https:\/\/www.europesays.com\/fr\/wp-json\/wp\/v2\/types\/post"}],"author":[{"embeddable":true,"href":"https:\/\/www.europesays.com\/fr\/wp-json\/wp\/v2\/users\/2"}],"replies":[{"embeddable":true,"href":"https:\/\/www.europesays.com\/fr\/wp-json\/wp\/v2\/comments?post=359050"}],"version-history":[{"count":0,"href":"https:\/\/www.europesays.com\/fr\/wp-json\/wp\/v2\/posts\/359050\/revisions"}],"wp:featuredmedia":[{"embeddable":true,"href":"https:\/\/www.europesays.com\/fr\/wp-json\/wp\/v2\/media\/359051"}],"wp:attachment":[{"href":"https:\/\/www.europesays.com\/fr\/wp-json\/wp\/v2\/media?parent=359050"}],"wp:term":[{"taxonomy":"category","embeddable":true,"href":"https:\/\/www.europesays.com\/fr\/wp-json\/wp\/v2\/categories?post=359050"},{"taxonomy":"post_tag","embeddable":true,"href":"https:\/\/www.europesays.com\/fr\/wp-json\/wp\/v2\/tags?post=359050"}],"curies":[{"name":"wp","href":"https:\/\/api.w.org\/{rel}","templated":true}]}}