{"id":359058,"date":"2025-09-01T19:56:13","date_gmt":"2025-09-01T19:56:13","guid":{"rendered":"https:\/\/www.europesays.com\/fr\/359058\/"},"modified":"2025-09-01T19:56:13","modified_gmt":"2025-09-01T19:56:13","slug":"la-cci-paris-preconise-de-reequilibrer-les-pratiques-promotionnelles-dans-la-mode-2","status":"publish","type":"post","link":"https:\/\/www.europesays.com\/fr\/359058\/","title":{"rendered":"La CCI Paris pr\u00e9conise de r\u00e9\u00e9quilibrer les pratiques promotionnelles dans la mode"},"content":{"rendered":"<p>\n                                    <b>Publi\u00e9 le<\/b><br \/>\n                                    <\/p>\n<p>                                        1 septembre 2025<\/p>\n<p class=\"article-content col-md-8 offset-md-1\">\n                                Cet \u00e9t\u00e9, la chambre de commerce et d&rsquo;industrie de Paris \u00cele-de-France a publi\u00e9 un rapport interrogeant le futur du commerce physique d&rsquo;habillement, qui fait face \u00e0 des enjeux importants et voit la concurrence se renforcer (d\u00e9ferlement de l&rsquo;ultra fast-fashion, multiplication des promos et perte de vitesse des soldes, vacance commerciale en hausse, tarifs douaniers am\u00e9ricains\u2026). L&rsquo;une des pr\u00e9conisations de l&rsquo;entit\u00e9 est la n\u00e9cessit\u00e9 de casser sa d\u00e9pendance aux r\u00e9ductions pour assurer la p\u00e9rennit\u00e9 du magasin.\u00a0<\/p>\n<p><img decoding=\"async\" class=\"news-image\" style=\"width:100%;\" src=\"https:\/\/www.europesays.com\/fr\/wp-content\/uploads\/2025\/09\/6e59.jpg\" alt=\"\" loading=\"lazy\"\/> Shutterstock<\/p>\n<p class=\"col-md-8 offset-md-1 article-content--texte\">Elle sugg\u00e8re plusieurs mesures \u00e0 prendre, d&rsquo;abord du c\u00f4t\u00e9 des pouvoirs publics: tout d&rsquo;abord, \u00ab\u00a0contr\u00f4ler davantage la r\u00e9alit\u00e9 des pratiques promotionnelles qui pr\u00e9c\u00e8dent les soldes et qui enfreignent la l\u00e9gislation sur le prix de r\u00e9f\u00e9rence\u00a0\u00bb, ensuite, mener une r\u00e9flexion globale \u00ab\u00a0sur le d\u00e9calage de la date des soldes au regard du changement climatique\u00a0\u00bb et enfin interdire \u00ab\u00a0la gratuit\u00e9 des frais de livraison sur les sites de vente en ligne afin de ne pas p\u00e9naliser le commerce physique\u00a0\u00bb.<\/p>\n<p>Pr\u00e9sent\u00e9 par V\u00e9ronique Gou, membre \u00e9lue de la CCI Paris \u00cele-de-France, le document formule aussi des conseils au sujet des relations entre les marques de mode et les commer\u00e7ants ind\u00e9pendants. Il \u00e9voque ainsi l&rsquo;importance de \u00ab\u00a0trouver le bon \u00e9quilibre dans les contrats de distribution entre la marque et les d\u00e9taillants. Une piste pourrait consister \u00e0 fournir des collections exclusives aux commer\u00e7ants multimarques pour \u00e9viter les pratiques promotionnelles qui risquent de se t\u00e9lescoper, par exemple en ouvrant la n\u00e9gociation sur des gammes de produits non commercialis\u00e9es sur l&rsquo;e-shop du fournisseur ou m\u00eame en points de vente, comme c\u2019est d\u00e9j\u00e0 pratiqu\u00e9 par certaines marques\u00a0\u00bb.<\/p>\n<p class=\"col-md-10 exergue\">Financer la formation des employ\u00e9s<\/p>\n<p>Pour assurer l&rsquo;avenir des points de vente de proximit\u00e9, le rapport propose en outre de miser sur la professionnalisation des \u00e9quipes de vente par l&rsquo;incitation des employeurs \u00ab\u00a0\u00e0 financer une formation dipl\u00f4mante \u00e0 leurs salari\u00e9s dans les m\u00e9tiers de la vente et des nouvelles technologies\u00a0\u00bb, et \u00e9voque le besoin de revaloriser les salaires \u00ab\u00a0pour cr\u00e9er de la motivation et redonner de l\u2019app\u00e9tence pour les m\u00e9tiers du retail\u00a0\u00bb.<\/p>\n<p>Au sujet des aides \u00e0 apporter, l&rsquo;\u00e9tude demande un doublement des investissements dans le commerce de d\u00e9tail, \u00ab\u00a0en intensifiant les aides dans l\u2019omnicanalit\u00e9 ou vers les actions en faveur de la transition \u00e9nerg\u00e9tique. Actuellement, cet investissement est de 2,3% du chiffre d\u2019affaires dans le commerce contre 5,8% pour la moyenne des autres secteurs d\u2019activit\u00e9\u00a0\u00bb.<\/p>\n<p>Des cr\u00e9dits d&rsquo;imp\u00f4t pourraient aussi \u00eatre accord\u00e9s aux marques qui optent pour une production mode plus responsable, afin de soutenir \u00ab\u00a0une politique de prix plus r\u00e9aliste\u00a0\u00bb. La cr\u00e9ation de \u00ab\u00a0financements verts\u00a0\u00bb sp\u00e9cifiques et \u00e0 taux pr\u00e9f\u00e9rentiels pour les entreprises textiles qui s&rsquo;engagent dans des projets de relocalisation et de durabilit\u00e9 environnementale est sugg\u00e9r\u00e9e.<\/p>\n<p>Sur le plan des r\u00e9glementations et taxes, la CCI Paris \u00cele-de-France appelle \u00e0 plus d&rsquo;\u00e9quit\u00e9 entre les acteurs \u00ab\u00a0via une fiscalit\u00e9 adapt\u00e9e\u00a0\u00bb, le commerce physique \u00ab\u00a0ayant de lourdes charges \u00e0 supporter pour favoriser l\u2019animation des centres-villes\u00a0\u00bb. \u00ab\u00a0La fiscalit\u00e9 du commerce et les obligations r\u00e9glementaires aboutissent \u00e0 un certain appauvrissement de l\u2019offre commerciale\u00a0\u00bb. Elle souhaite, de plus, que les 90 taxes de nature diverse pesant sur ces acteurs puissent \u00eatre clarifi\u00e9es et all\u00e9g\u00e9es, et esp\u00e8re enfin l&rsquo;assouplissement du contrat de bail.<\/p>\n<p>Le rapport publi\u00e9 rappelle que, depuis 2023, au moins 4.000 emplois ont \u00e9t\u00e9 perdus dans le secteur du commerce de l&rsquo;habillement en France. Si l&rsquo;on \u00e9largit le spectre aux dix derni\u00e8res ann\u00e9es, ce chiffre culminerait \u00e0 37.000 suppressions de postes.\n                            <\/p>\n<p>\n                                Tous droits de reproduction et de repr\u00e9sentation r\u00e9serv\u00e9s.<br \/>\u00a9 2025 FashionNetwork.com\n                            <\/p>\n","protected":false},"excerpt":{"rendered":"Publi\u00e9 le 1 septembre 2025 Cet \u00e9t\u00e9, la chambre de commerce et d&rsquo;industrie de Paris \u00cele-de-France a publi\u00e9&hellip;\n","protected":false},"author":2,"featured_media":358558,"comment_status":"","ping_status":"","sticky":false,"template":"","format":"standard","meta":{"footnotes":""},"categories":[1888],"tags":[1111,1928,11,1927,2424,537,2423,1777,674,1011,27,2425,985,12,1926,2298,626,1925,2426,2427,25,2421,2422],"class_list":{"0":"post-359058","1":"post","2":"type-post","3":"status-publish","4":"format-standard","5":"has-post-thumbnail","7":"category-paris","8":"tag-actu","9":"tag-actu-paris","10":"tag-actualites","11":"tag-actualites-paris","12":"tag-beaute","13":"tag-contact","14":"tag-cosmetiques","15":"tag-eu","16":"tag-europe","17":"tag-fr","18":"tag-france","19":"tag-luxe","20":"tag-mode","21":"tag-news","22":"tag-news-paris","23":"tag-parfum","24":"tag-paris","25":"tag-paris-news","26":"tag-professionnel","27":"tag-professionnels","28":"tag-republique-francaise","29":"tag-reseau","30":"tag-textile"},"share_on_mastodon":{"url":"https:\/\/pubeurope.com\/@fr\/115130806480304256","error":""},"_links":{"self":[{"href":"https:\/\/www.europesays.com\/fr\/wp-json\/wp\/v2\/posts\/359058","targetHints":{"allow":["GET"]}}],"collection":[{"href":"https:\/\/www.europesays.com\/fr\/wp-json\/wp\/v2\/posts"}],"about":[{"href":"https:\/\/www.europesays.com\/fr\/wp-json\/wp\/v2\/types\/post"}],"author":[{"embeddable":true,"href":"https:\/\/www.europesays.com\/fr\/wp-json\/wp\/v2\/users\/2"}],"replies":[{"embeddable":true,"href":"https:\/\/www.europesays.com\/fr\/wp-json\/wp\/v2\/comments?post=359058"}],"version-history":[{"count":0,"href":"https:\/\/www.europesays.com\/fr\/wp-json\/wp\/v2\/posts\/359058\/revisions"}],"wp:featuredmedia":[{"embeddable":true,"href":"https:\/\/www.europesays.com\/fr\/wp-json\/wp\/v2\/media\/358558"}],"wp:attachment":[{"href":"https:\/\/www.europesays.com\/fr\/wp-json\/wp\/v2\/media?parent=359058"}],"wp:term":[{"taxonomy":"category","embeddable":true,"href":"https:\/\/www.europesays.com\/fr\/wp-json\/wp\/v2\/categories?post=359058"},{"taxonomy":"post_tag","embeddable":true,"href":"https:\/\/www.europesays.com\/fr\/wp-json\/wp\/v2\/tags?post=359058"}],"curies":[{"name":"wp","href":"https:\/\/api.w.org\/{rel}","templated":true}]}}