{"id":359067,"date":"2025-09-01T20:01:09","date_gmt":"2025-09-01T20:01:09","guid":{"rendered":"https:\/\/www.europesays.com\/fr\/359067\/"},"modified":"2025-09-01T20:01:09","modified_gmt":"2025-09-01T20:01:09","slug":"lavenir-des-droits-de-douane-est-desormais-tributaire-de-la-cour-supreme-americaine","status":"publish","type":"post","link":"https:\/\/www.europesays.com\/fr\/359067\/","title":{"rendered":"L\u2019avenir des droits de douane est d\u00e9sormais tributaire de la Cour supr\u00eame am\u00e9ricaine"},"content":{"rendered":"<p>La d\u00e9cision d\u2019une Cour d\u2019appel de Washington annonc\u00e9e vendredi dernier va-t-elle fondamentalement changer la donne en mati\u00e8re de taxes douani\u00e8res impos\u00e9es par le pr\u00e9sident Donald Trump \u00e0 une bonne partie de la plan\u00e8te? C\u2019est l\u2019espoir de certains pays fortement touch\u00e9s comme le Mexique, le Canada, l\u2019Inde ou la Suisse. Pour l\u2019heure toutefois, rien ne change. La d\u00e9cision de la Cour d\u2019appel jugeant ill\u00e9gaux les droits de douane tous azimuts impos\u00e9s par l\u2019administration am\u00e9ricaine ne produit pour l\u2019instant aucun effet imm\u00e9diat.<\/p>\n<p>Jusqu\u2019au 14\u00a0octobre<\/p>\n","protected":false},"excerpt":{"rendered":"La d\u00e9cision d\u2019une Cour d\u2019appel de Washington annonc\u00e9e vendredi dernier va-t-elle fondamentalement changer la donne en mati\u00e8re de&hellip;\n","protected":false},"author":2,"featured_media":359068,"comment_status":"","ping_status":"","sticky":false,"template":"","format":"standard","meta":{"footnotes":""},"categories":[1589],"tags":[11,75,73,1866,1074,12,301,1864,1865,1863,308],"class_list":{"0":"post-359067","1":"post","2":"type-post","3":"status-publish","4":"format-standard","5":"has-post-thumbnail","7":"category-etats-unis","8":"tag-actualites","9":"tag-donald-trump","10":"tag-etats-unis","11":"tag-etats-unis-damerique","12":"tag-guerre-commerciale","13":"tag-news","14":"tag-premium","15":"tag-united-states","16":"tag-united-states-of-america","17":"tag-us","18":"tag-usa"},"share_on_mastodon":{"url":"https:\/\/pubeurope.com\/@fr\/115130825701355268","error":""},"_links":{"self":[{"href":"https:\/\/www.europesays.com\/fr\/wp-json\/wp\/v2\/posts\/359067","targetHints":{"allow":["GET"]}}],"collection":[{"href":"https:\/\/www.europesays.com\/fr\/wp-json\/wp\/v2\/posts"}],"about":[{"href":"https:\/\/www.europesays.com\/fr\/wp-json\/wp\/v2\/types\/post"}],"author":[{"embeddable":true,"href":"https:\/\/www.europesays.com\/fr\/wp-json\/wp\/v2\/users\/2"}],"replies":[{"embeddable":true,"href":"https:\/\/www.europesays.com\/fr\/wp-json\/wp\/v2\/comments?post=359067"}],"version-history":[{"count":0,"href":"https:\/\/www.europesays.com\/fr\/wp-json\/wp\/v2\/posts\/359067\/revisions"}],"wp:featuredmedia":[{"embeddable":true,"href":"https:\/\/www.europesays.com\/fr\/wp-json\/wp\/v2\/media\/359068"}],"wp:attachment":[{"href":"https:\/\/www.europesays.com\/fr\/wp-json\/wp\/v2\/media?parent=359067"}],"wp:term":[{"taxonomy":"category","embeddable":true,"href":"https:\/\/www.europesays.com\/fr\/wp-json\/wp\/v2\/categories?post=359067"},{"taxonomy":"post_tag","embeddable":true,"href":"https:\/\/www.europesays.com\/fr\/wp-json\/wp\/v2\/tags?post=359067"}],"curies":[{"name":"wp","href":"https:\/\/api.w.org\/{rel}","templated":true}]}}