{"id":359069,"date":"2025-09-01T20:02:13","date_gmt":"2025-09-01T20:02:13","guid":{"rendered":"https:\/\/www.europesays.com\/fr\/359069\/"},"modified":"2025-09-01T20:02:13","modified_gmt":"2025-09-01T20:02:13","slug":"le-royaume-uni-suspend-la-possibilite-pour-les-refugies-de-faire-venir-leur-famille","status":"publish","type":"post","link":"https:\/\/www.europesays.com\/fr\/359069\/","title":{"rendered":"Le Royaume-Uni suspend la possibilit\u00e9 pour les r\u00e9fugi\u00e9s de faire venir leur famille"},"content":{"rendered":"<p>Le Royaume-Uni a annonc\u00e9 lundi 1er\u00a0septembre suspendre temporairement les nouvelles demandes de regroupement familial pour les r\u00e9fugi\u00e9s pr\u00e9sents sur son territoire, dans le cadre d\u2019un durcissement de sa politique d\u2019asile.<\/p>\n<p>Le <a href=\"https:\/\/www.la-croix.com\/international\/royaume-uni-le-gouvernement-travailliste-subit-la-colere-anti-migrants-20250825\" data-tracking=\"inpage_click\" data-tracking-action=\"suivre un lien dans l&#039;article\" data-tracking-category=\"engagement\" rel=\"nofollow noopener\" target=\"_blank\">gouvernement travailliste<\/a>, confront\u00e9 \u00e0 des chiffres records d\u2019arriv\u00e9es d\u2019exil\u00e9s par petits bateaux, a par ailleurs indiqu\u00e9 qu\u2019il pr\u00e9voyait de commencer \u00e0 renvoyer en France \u00ab\u00a0plus tard ce mois-ci\u00a0\u00bb de premiers migrants conform\u00e9ment au trait\u00e9 conclu cet \u00e9t\u00e9 avec Paris. La ministre de l\u2019int\u00e9rieur Yvette Cooper a indiqu\u00e9 devant le Parlement qu\u2019elle pr\u00e9senterait avant la fin de l\u2019ann\u00e9e une r\u00e9forme du syst\u00e8me d\u2019immigration familiale.<\/p>\n<p>\u00ab\u00a0En attendant, nous devons r\u00e9pondre aux pressions imm\u00e9diates qui p\u00e8sent sur les autorit\u00e9s locales et aux risques li\u00e9s aux bandes criminelles qui utilisent le regroupement familial pour encourager davantage de personnes \u00e0 embarquer pour de dangereuses travers\u00e9es\u00a0\u00bb, a-t-elle poursuivi, annon\u00e7ant de \u00ab\u00a0nouvelles r\u00e8gles (\u2026) afin de suspendre temporairement les nouvelles demandes\u00a0\u00bb des familles de r\u00e9fugi\u00e9s.<\/p>\n<p>Selon le minist\u00e8re de l\u2019int\u00e9rieur, quelque 21\u00a0000 visas au titre de la r\u00e9unification familiale ont \u00e9t\u00e9 accord\u00e9s \u00e0 des membres de la famille de r\u00e9fugi\u00e9s entre juin\u00a02024 et juin\u00a02025, pour la grande majorit\u00e9 \u00e0 des femmes et enfants.<\/p>\n<p>L\u2019association britannique Refugee Council a estim\u00e9 que cette suspension allait pousser \u00ab\u00a0davantage de gens d\u00e9sesp\u00e9r\u00e9s dans les bras des passeurs\u00a0\u00bb.<\/p>\n<p>\u00ab\u00a0Jusqu\u2019\u00e0 pr\u00e9sent, le regroupement familial \u00e9tait l\u2019une des seules voies s\u00fbres et l\u00e9gales permettant aux r\u00e9fugi\u00e9s fuyant la guerre et les pers\u00e9cutions d\u2019\u00eatre rejoints par leurs conjoints et enfants\u00a0\u00bb, a soulign\u00e9 Enver Solomon, chef du Refugee Council.<\/p>\n<p>De \u00ab\u00a0stricts contr\u00f4les de s\u00e9curit\u00e9\u00a0\u00bb<\/p>\n<p>Plus de 111\u00a0000 personnes ont demand\u00e9 l\u2019asile au Royaume-Uni entre juin\u00a02024 et juin\u00a02025, le nombre le plus \u00e9lev\u00e9 jamais enregistr\u00e9 depuis le d\u00e9but des statistiques en 2001, selon les derni\u00e8res donn\u00e9es du Home Office.<\/p>\n<p>Plus de 50\u00a0000 migrants sont arriv\u00e9s au Royaume-Uni en traversant la Manche depuis que le travailliste <a href=\"https:\/\/www.la-croix.com\/international\/au-royaume-uni-emmanuel-macron-et-keir-starmer-musclent-leur-alliance-militaire-20250710\" data-tracking=\"inpage_click\" data-tracking-action=\"suivre un lien dans l&#039;article\" data-tracking-category=\"engagement\" rel=\"nofollow noopener\" target=\"_blank\">Keir Starmer<\/a> est devenu premier ministre en juillet\u00a02024.<\/p>\n<p>La ministre de l\u2019int\u00e9rieur a \u00e9voqu\u00e9 le trait\u00e9 sign\u00e9 en ao\u00fbt avec Paris pr\u00e9voyant le retour en France de migrants arriv\u00e9s \u00e0 bord de petites embarcations en \u00e9change de l\u2019accueil au Royaume-Uni d\u2019un nombre \u00e9quivalent de migrants se trouvant sur le sol fran\u00e7ais.<\/p>\n<p>Elle a rappel\u00e9 que de premiers migrants avaient \u00e9t\u00e9 plac\u00e9s en d\u00e9tention d\u00e9but ao\u00fbt \u00e0 leur arriv\u00e9e \u00e0 Douvres dans le cadre de cet accord. \u00ab\u00a0Nous pr\u00e9voyons que les premiers retours commenceront plus tard ce mois-ci\u00a0\u00bb, a-t-elle indiqu\u00e9.<\/p>\n<p>Elle a ajout\u00e9 que c\u00f4t\u00e9 britannique, l\u2019examen des premi\u00e8res demandes de migrants se trouvant en France et souhaitant s\u2019installer au Royaume-Uni \u00e9tait en cours, avec de \u00ab\u00a0stricts contr\u00f4les de s\u00e9curit\u00e9\u00a0\u00bb.<\/p>\n","protected":false},"excerpt":{"rendered":"Le Royaume-Uni a annonc\u00e9 lundi 1er\u00a0septembre suspendre temporairement les nouvelles demandes de regroupement familial pour les r\u00e9fugi\u00e9s pr\u00e9sents&hellip;\n","protected":false},"author":2,"featured_media":359070,"comment_status":"","ping_status":"","sticky":false,"template":"","format":"standard","meta":{"footnotes":""},"categories":[1588],"tags":[11,1777,674,12,473,1853,1851,1850,1852],"class_list":{"0":"post-359069","1":"post","2":"type-post","3":"status-publish","4":"format-standard","5":"has-post-thumbnail","7":"category-royaume-uni","8":"tag-actualites","9":"tag-eu","10":"tag-europe","11":"tag-news","12":"tag-royaume-uni","13":"tag-royaume-uni-de-grande-bretagne-et-dirlande-du-nord","14":"tag-uk","15":"tag-united-kingdom","16":"tag-united-kingdom-of-great-britain-and-northern-ireland"},"share_on_mastodon":{"url":"https:\/\/pubeurope.com\/@fr\/115130829651524235","error":""},"_links":{"self":[{"href":"https:\/\/www.europesays.com\/fr\/wp-json\/wp\/v2\/posts\/359069","targetHints":{"allow":["GET"]}}],"collection":[{"href":"https:\/\/www.europesays.com\/fr\/wp-json\/wp\/v2\/posts"}],"about":[{"href":"https:\/\/www.europesays.com\/fr\/wp-json\/wp\/v2\/types\/post"}],"author":[{"embeddable":true,"href":"https:\/\/www.europesays.com\/fr\/wp-json\/wp\/v2\/users\/2"}],"replies":[{"embeddable":true,"href":"https:\/\/www.europesays.com\/fr\/wp-json\/wp\/v2\/comments?post=359069"}],"version-history":[{"count":0,"href":"https:\/\/www.europesays.com\/fr\/wp-json\/wp\/v2\/posts\/359069\/revisions"}],"wp:featuredmedia":[{"embeddable":true,"href":"https:\/\/www.europesays.com\/fr\/wp-json\/wp\/v2\/media\/359070"}],"wp:attachment":[{"href":"https:\/\/www.europesays.com\/fr\/wp-json\/wp\/v2\/media?parent=359069"}],"wp:term":[{"taxonomy":"category","embeddable":true,"href":"https:\/\/www.europesays.com\/fr\/wp-json\/wp\/v2\/categories?post=359069"},{"taxonomy":"post_tag","embeddable":true,"href":"https:\/\/www.europesays.com\/fr\/wp-json\/wp\/v2\/tags?post=359069"}],"curies":[{"name":"wp","href":"https:\/\/api.w.org\/{rel}","templated":true}]}}