{"id":359071,"date":"2025-09-01T20:03:12","date_gmt":"2025-09-01T20:03:12","guid":{"rendered":"https:\/\/www.europesays.com\/fr\/359071\/"},"modified":"2025-09-01T20:03:12","modified_gmt":"2025-09-01T20:03:12","slug":"paris-et-berlin-envisagent-de-developper-un-reseau-de-radars-terrestres-dalerte-avancee-via-le-projet-jewel","status":"publish","type":"post","link":"https:\/\/www.europesays.com\/fr\/359071\/","title":{"rendered":"Paris et Berlin envisagent de d\u00e9velopper un r\u00e9seau de radars terrestres d&rsquo;alerte avanc\u00e9e, via le projet JEWEL"},"content":{"rendered":"<p><img fetchpriority=\"high\" decoding=\"async\" src=\"https:\/\/www.europesays.com\/fr\/wp-content\/uploads\/2025\/09\/gf300-20250321.jpg\" alt=\"\" width=\"600\" height=\"399\" class=\"alignnone size-full wp-image-81167\"  \/><\/p>\n<p>Parmi les annonces faites \u00e0 l\u2019issue du Conseil franco-allemand de d\u00e9fense et de s\u00e9curit\u00e9 [CFADS], qui s\u2019est tenu le 29 ao\u00fbt \u00e0 Toulon, celle concernant l\u2019amorce d\u2019un dialogue strat\u00e9gique entre Paris et Berlin sur la dissuasion nucl\u00e9aire a particuli\u00e8rement retenu l\u2019attention, d\u2019autant plus que, en mars dernier, le pr\u00e9sident Macron s\u2019\u00e9tait de nouveau dit pr\u00eat \u00e0 avoir ce type de discussion avec \u00ab\u00a0plusieurs partenaires\u00a0\u00bb europ\u00e9ens, compte tenu de la d\u00e9gradation du contexte s\u00e9curitaire international. <\/p>\n<p>Selon les conclusions de ce CFADS, publi\u00e9es par le bureau du chancelier allemand, Friedrich Merz, la France et l\u2019Allemagne ont ainsi soulign\u00e9 que \u00ab\u00a0dissuasion nucl\u00e9aire est la pierre angulaire de la s\u00e9curit\u00e9 de l\u2019Alliance\u00a0\u00bb atlantique et que les forces strat\u00e9giques \u00ab\u00a0ind\u00e9pendantes\u00a0\u00bb fran\u00e7aises y contribuaient \u00ab\u00a0significativement\u00a0\u00bb. <\/p>\n<p>Aussi, compte tenu de la situation s\u00e9curitaire et pour \u00ab\u00a0d\u00e9velopper [leur] culture strat\u00e9gique commune et mieux articuler [leurs] objectifs et strat\u00e9gies de s\u00e9curit\u00e9 et de d\u00e9fense\u00a0\u00bb, les deux pays vont donc engager un \u00ab\u00a0dialogue strat\u00e9gique sous l\u2019\u00e9gide de la Chancellerie f\u00e9d\u00e9rale allemande et de la Pr\u00e9sidence de la R\u00e9publique fran\u00e7aise, avec la participation des minist\u00e8res des Affaires \u00e9trang\u00e8res et de la D\u00e9fense\u00a0\u00bb, pr\u00e9cise le document. <\/p>\n<p>Ce \u00ab\u00a0dialogue strat\u00e9gique\u00a0\u00bb pourrait se traduire par un renforcement de la coop\u00e9ration entre l\u2019Allemagne et la France en mati\u00e8re de \u00ab\u00a0recherche et d\u2019acquisitions militaires\u00a0\u00bb, sur la \u00ab\u00a0base des besoins capacitaires nationaux, de l\u2019Otan et de l\u2019Union europ\u00e9enne\u00a0\u00bb. <\/p>\n<p>Justement, s\u2019agissant des coop\u00e9rations franco-allemandes dans le domaine de l\u2019armement, lesquelles font actuellement l\u2019objet de tensions entre les industriels impliqu\u00e9s, le document n\u2019en dit pas grand chose\u2026 Si ce n\u2019est que la France et l\u2019Allemagne \u00ab\u00a0restent attach\u00e9es au d\u00e9veloppement du Syst\u00e8me Principal de Combat Terrestre [MGCS, Main Ground Combat System]\u00a0\u00bb, l\u2019objectif \u00e9tant de lancer \u00ab\u00a0une phase de recherche financ\u00e9e de mani\u00e8re ad\u00e9quate afin de garantir sa disponibilit\u00e9 [\u2026] \u00e0 partir de 2040\u00a0\u00bb. <\/p>\n<p>Quant au Syst\u00e8me de combat a\u00e9rien du futur [SCAF], les deux parties sont convenues de \u00ab\u00a0trouver des solutions pour surmonter les d\u00e9fis li\u00e9s \u00e0 ce programme\u00a0\u00bb et de prendre \u00ab\u00a0les mesures appropri\u00e9es d\u2019ici la fin de l\u2019ann\u00e9e afin de respecter l\u2019\u00e9ch\u00e9ance de capacit\u00e9 initiale de 2040\u00a0\u00bb. \u00c0 noter que le projet MAWS [Maritime Airborne Warfare System] est d\u00e9finitivement sorti des \u00e9crans radar, l\u2019\u00e9chec de cette coop\u00e9ration franco-allemande dans le domaine de la patrouille maritime, lanc\u00e9e en 2017, \u00e9tant d\u00e9finitivement act\u00e9. <\/p>\n<p>Cela \u00e9tant, Paris et Berlin ont l\u2019intention de nouer une nouvelle coop\u00e9ration en mati\u00e8re d\u2019alerte avanc\u00e9e et, donc, de d\u00e9fense a\u00e9rienne. En juillet, les ministres fran\u00e7ais et allemand de la D\u00e9fense, S\u00e9bastien Lecornu et Boris Pistorius, avaient estim\u00e9 que b\u00e2tir une telle capacit\u00e9, cens\u00e9e permettre la d\u00e9tection rapide de missiles, \u00e9tait plus que jamais n\u00e9cessaire au regard de l\u2019\u00e9volution des menaces. <\/p>\n<p>Ce syst\u00e8me d\u2019alerte pr\u00e9coce doit reposer sur le projet europ\u00e9en ODIN\u2019S EYE, dont la coordination a \u00e9t\u00e9 confi\u00e9e \u00e0 l\u2019allemand OHB System AG en 2021. Il s\u2019agit de d\u00e9velopper une capacit\u00e9 de d\u00e9tection de missiles balistiques et hypersoniques depuis l\u2019espace. <\/p>\n<p>D\u00e9sormais, il est question de compl\u00e9ter ODIN\u2019S EYE par un r\u00e9seau de radars terrestres, dans le cadre d\u2019un projet appel\u00e9 \u00ab\u00a0JEWEL\u00a0\u00bb [bijou, en anglais]. C\u2019est en effet l\u2019option qui a \u00e9t\u00e9 \u00e9voqu\u00e9e lors du dernier Conseil franco-allemand de d\u00e9fense et de s\u00e9curit\u00e9. <\/p>\n<p>\u00ab\u00a0Afin de doter l\u2019Europe d\u2019un syst\u00e8me d\u2019alerte pr\u00e9coce compl\u00e9mentaire, l\u2019Allemagne et la France pr\u00e9voient de lancer une initiative [\u2026] comprenant deux piliers : un syst\u00e8me spatial d\u2019alerte avanc\u00e9e contre les missiles, bas\u00e9 sur le projet ODIN\u2019S EYE, et un r\u00e9seau de radars terrestres s\u2019appuyant sur les technologies existantes et futures\u00a0\u00bb, lit-on dans le document publi\u00e9 par la Chancellerie f\u00e9d\u00e9rale allemande. <\/p>\n<p>Selon la m\u00eame source, un protocole d\u2019accord [MoU] est en cours d\u2019\u00e9laboration et il est question d\u2019ouvrir ce projet \u00e0 d\u2019autres \u00ab\u00a0partenaires\u00a0\u00bb. <\/p>\n<p>Reste \u00e0 voir en quoi consistera le projet \u00ab\u00a0JEWEL\u00a0\u00bb, sachant que la strat\u00e9gie du minist\u00e8re des Arm\u00e9es pour la Tr\u00e8s Haute Altitude [THA] explique que la participation fran\u00e7aise au programme europ\u00e9en ODIN\u2019S Eye permettra de compl\u00e9ter le radar transhorizon exp\u00e9rimental Nostradamus, qui s\u2019\u00e9tend sur 12 hectares en Normandie. <\/p>\n<p>Photo : THALES<\/p>\n","protected":false},"excerpt":{"rendered":"Parmi les annonces faites \u00e0 l\u2019issue du Conseil franco-allemand de d\u00e9fense et de s\u00e9curit\u00e9 [CFADS], qui s\u2019est tenu&hellip;\n","protected":false},"author":2,"featured_media":359072,"comment_status":"","ping_status":"","sticky":false,"template":"","format":"standard","meta":{"footnotes":""},"categories":[1587],"tags":[11,41247,672,1804,49456,10463,1805,49457,1803,1777,674,27,1801,20625,49458,12,41250,1802],"class_list":{"0":"post-359071","1":"post","2":"type-post","3":"status-publish","4":"format-standard","5":"has-post-thumbnail","7":"category-allemagne","8":"tag-actualites","9":"tag-alerte-avancee","10":"tag-allemagne","11":"tag-bundesrepublik-deutschland","12":"tag-conseil-franco-allemand-de-defense-et-de-securite","13":"tag-cooperation","14":"tag-de","15":"tag-detection","16":"tag-deutschland","17":"tag-eu","18":"tag-europe","19":"tag-france","20":"tag-germany","21":"tag-initiative","22":"tag-jewel","23":"tag-news","24":"tag-odins-eye","25":"tag-republique-federale-dallemagne"},"share_on_mastodon":{"url":"https:\/\/pubeurope.com\/@fr\/115130833904967330","error":""},"_links":{"self":[{"href":"https:\/\/www.europesays.com\/fr\/wp-json\/wp\/v2\/posts\/359071","targetHints":{"allow":["GET"]}}],"collection":[{"href":"https:\/\/www.europesays.com\/fr\/wp-json\/wp\/v2\/posts"}],"about":[{"href":"https:\/\/www.europesays.com\/fr\/wp-json\/wp\/v2\/types\/post"}],"author":[{"embeddable":true,"href":"https:\/\/www.europesays.com\/fr\/wp-json\/wp\/v2\/users\/2"}],"replies":[{"embeddable":true,"href":"https:\/\/www.europesays.com\/fr\/wp-json\/wp\/v2\/comments?post=359071"}],"version-history":[{"count":0,"href":"https:\/\/www.europesays.com\/fr\/wp-json\/wp\/v2\/posts\/359071\/revisions"}],"wp:featuredmedia":[{"embeddable":true,"href":"https:\/\/www.europesays.com\/fr\/wp-json\/wp\/v2\/media\/359072"}],"wp:attachment":[{"href":"https:\/\/www.europesays.com\/fr\/wp-json\/wp\/v2\/media?parent=359071"}],"wp:term":[{"taxonomy":"category","embeddable":true,"href":"https:\/\/www.europesays.com\/fr\/wp-json\/wp\/v2\/categories?post=359071"},{"taxonomy":"post_tag","embeddable":true,"href":"https:\/\/www.europesays.com\/fr\/wp-json\/wp\/v2\/tags?post=359071"}],"curies":[{"name":"wp","href":"https:\/\/api.w.org\/{rel}","templated":true}]}}