{"id":359081,"date":"2025-09-01T20:08:10","date_gmt":"2025-09-01T20:08:10","guid":{"rendered":"https:\/\/www.europesays.com\/fr\/359081\/"},"modified":"2025-09-01T20:08:10","modified_gmt":"2025-09-01T20:08:10","slug":"olivier-faure-detaille-le-contre-budget-du-ps-faceabfm","status":"publish","type":"post","link":"https:\/\/www.europesays.com\/fr\/359081\/","title":{"rendered":"Olivier Faure d\u00e9taille le contre-budget du PS #FaceABFM"},"content":{"rendered":"<p>Dette de la France: Olivier Faure d\u00e9taille le contre-budget du PS #FaceABFMSur le m\u00eame sujet<a href=\"https:\/\/www.bfmtv.com\/politique\/gouvernement\/video-dette-de-la-france-olivier-faure-detaille-le-contre-budget-du-ps-face-abfm_VN-202509010832.html\" title=\"Dette de la France: Olivier Faure d\u00e9taille le contre-budget du PS #FaceABFM\" rel=\"nofollow noopener\" target=\"_blank\"><img width=\"16\" height=\"9\" class=\"lozad\"  alt=\"Dette de la France: Olivier Faure d\u00e9taille le contre-budget du PS #FaceABFM\"\/>en lectureDette de la France: Olivier Faure d\u00e9taille le contre-budget du PS #FaceABFM<\/a><a href=\"https:\/\/www.bfmtv.com\/politique\/gouvernement\/video-dissolution-de-l-assemblee-nationale-je-ne-veux-pas-que-la-france-bascule-a-l-extreme-droite-indique-olivier-faure-ps_VN-202509010830.html\" title=\"Dissolution de l&#039;Assembl\u00e9e nationale : &quot;Je ne veux pas que la France bascule \u00e0 l&#039;extr\u00eame droite&quot;, indique Olivier Faure (PS)\" rel=\"nofollow noopener\" target=\"_blank\"><img width=\"16\" height=\"9\" class=\"lozad\"  alt=\"Dissolution de l'Assembl\u00e9e nationale : &quot;Je ne veux pas que la France bascule \u00e0 l'extr\u00eame droite&quot;, indique Olivier Faure (PS)\"\/>1:39Dissolution de l&rsquo;Assembl\u00e9e nationale : \u00ab\u00a0Je ne veux pas que la France bascule \u00e0 l&rsquo;extr\u00eame droite\u00a0\u00bb, indique Olivier Faure (PS)<\/a><a href=\"https:\/\/www.bfmtv.com\/politique\/gouvernement\/video-vote-de-confiance-il-faut-changer-de-mode-de-gouvernance-considere-oliver-faure-premier-secretaire-du-ps_VN-202509010829.html\" title=\"Vote de confiance: &quot;Il faut changer de mode de gouvernance&quot;, consid\u00e8re Oliver Faure, Premier secr\u00e9taire du PS\" rel=\"nofollow noopener\" target=\"_blank\"><img width=\"16\" height=\"9\" class=\"lozad\"  alt=\"Vote de confiance: &quot;Il faut changer de mode de gouvernance&quot;, consid\u00e8re Oliver Faure, Premier secr\u00e9taire du PS\"\/>1:37Vote de confiance: \u00ab\u00a0Il faut changer de mode de gouvernance\u00a0\u00bb, consid\u00e8re Oliver Faure, Premier secr\u00e9taire du PS<\/a><a href=\"https:\/\/www.bfmtv.com\/politique\/gouvernement\/video-budget-2026-ce-que-je-crois-c-est-que-l-extreme-droite-va-finir-par-le-remporter-si-on-prive-les-francais-de-pouvoir-d-achat-s-inquiete-olivier-faure-ps_VN-202509010828.html\" title=\"Budget 2026: &quot;Ce que je crois, c&#039;est que l&#039;extr\u00eame droite va finir par le remporter si on prive les Fran\u00e7ais de pouvoir d&#039;achat&quot;, s&#039;inqui\u00e8te Olivier Faure (PS)\" rel=\"nofollow noopener\" target=\"_blank\"><img width=\"16\" height=\"9\" class=\"lozad\"  alt=\"Budget 2026: &quot;Ce que je crois, c'est que l'extr\u00eame droite va finir par le remporter si on prive les Fran\u00e7ais de pouvoir d'achat&quot;, s'inqui\u00e8te Olivier Faure (PS)\"\/>1:19Budget 2026: \u00ab\u00a0Ce que je crois, c&rsquo;est que l&rsquo;extr\u00eame droite va finir par le remporter si on prive les Fran\u00e7ais de pouvoir d&rsquo;achat\u00a0\u00bb, s&rsquo;inqui\u00e8te Olivier Faure (PS)<\/a><a href=\"https:\/\/www.bfmtv.com\/politique\/gouvernement\/video-vote-de-confiance-notre-decision-reste-irrevocable-confirme-oliver-faure-premier-secretaire-du-ps_VN-202509010823.html\" title=\"Vote de confiance: &quot;Notre d\u00e9cision reste irr\u00e9vocable&quot;, confirme Oliver Faure, Premier secr\u00e9taire du PS\" rel=\"nofollow noopener\" target=\"_blank\"><img width=\"16\" height=\"9\" class=\"lozad\"  alt=\"Vote de confiance: &quot;Notre d\u00e9cision reste irr\u00e9vocable&quot;, confirme Oliver Faure, Premier secr\u00e9taire du PS\"\/>2:00Vote de confiance: \u00ab\u00a0Notre d\u00e9cision reste irr\u00e9vocable\u00a0\u00bb, confirme Oliver Faure, Premier secr\u00e9taire du PS<\/a><a href=\"https:\/\/www.bfmtv.com\/politique\/gouvernement\/video-demission-d-emmanuel-macron-c-est-dangereux-d-en-arriver-la-affirme-aurore-berge-ministre-de-l-egalite-femmes-hommes_VN-202509010821.html\" title=\"D\u00e9mission d&#039;Emmanuel Macron: &quot;C&#039;est dangereux d&#039;en arriver l\u00e0&quot;, affirme Aurore Berg\u00e9, ministre de l&#039;\u00c9galit\u00e9 femmes-hommes\" rel=\"nofollow noopener\" target=\"_blank\"><img width=\"16\" height=\"9\" class=\"lozad\"  alt=\"D\u00e9mission d'Emmanuel Macron: &quot;C'est dangereux d'en arriver l\u00e0&quot;, affirme Aurore Berg\u00e9, ministre de l'\u00c9galit\u00e9 femmes-hommes\"\/>2:01D\u00e9mission d&rsquo;Emmanuel Macron: \u00ab\u00a0C&rsquo;est dangereux d&rsquo;en arriver l\u00e0\u00a0\u00bb, affirme Aurore Berg\u00e9, ministre de l&rsquo;\u00c9galit\u00e9 femmes-hommes<\/a><a href=\"https:\/\/www.bfmtv.com\/politique\/gouvernement\/video-dette-la-responsabilite-elle-est-d-abord-la-responsabilite-des-choix-politiques-confie-aurore-berge-ministre-de-l-egalite-femmes-hommes_VN-202509010819.html\" title=\"Dette: &quot;La responsabilit\u00e9, elle est d&#039;abord la responsabilit\u00e9 des choix politiques&quot;, confie Aurore Berg\u00e9, ministre de l&#039;\u00c9galit\u00e9 femmes-hommes\" rel=\"nofollow noopener\" target=\"_blank\"><img width=\"16\" height=\"9\" class=\"lozad\"  alt=\"Dette: &quot;La responsabilit\u00e9, elle est d'abord la responsabilit\u00e9 des choix politiques&quot;, confie Aurore Berg\u00e9, ministre de l'\u00c9galit\u00e9 femmes-hommes\"\/>0:58Dette: \u00ab\u00a0La responsabilit\u00e9, elle est d&rsquo;abord la responsabilit\u00e9 des choix politiques\u00a0\u00bb, confie Aurore Berg\u00e9, ministre de l&rsquo;\u00c9galit\u00e9 femmes-hommes<\/a><a href=\"https:\/\/www.bfmtv.com\/politique\/gouvernement\/video-olivier-faure-ps-a-matignon-pour-aurore-berge-ministre-de-l-egalite-femmes-hommes-c-est-inconcevable_VN-202509010816.html\" title=\"Olivier Faure (PS) \u00e0 Matignon: pour Aurore Berg\u00e9, ministre de l&#039;\u00c9galit\u00e9 femmes-hommes, &quot;c&#039;est inconcevable&quot; \" rel=\"nofollow noopener\" target=\"_blank\"><img width=\"16\" height=\"9\" class=\"lozad\"  alt=\"Olivier Faure (PS) \u00e0 Matignon: pour Aurore Berg\u00e9, ministre de l'\u00c9galit\u00e9 femmes-hommes, &quot;c'est inconcevable&quot; \"\/>1:43Olivier Faure (PS) \u00e0 Matignon: pour Aurore Berg\u00e9, ministre de l&rsquo;\u00c9galit\u00e9 femmes-hommes, \u00ab\u00a0c&rsquo;est inconcevable\u00a0\u00bb<\/a><a href=\"https:\/\/www.bfmtv.com\/politique\/gouvernement\/video-budget-2026-pour-que-l-etat-soit-credible-il-faut-reinterroger-nos-propres-depenses-ce-que-nous-avons-fait-observe-aurore-berge-ministre-de-l-egalite-femmes-hommes_VN-202509010814.html\" title=\"Budget 2026: &quot;Pour que l&#039;\u00c9tat soit cr\u00e9dible, il faut r\u00e9interroger nos propres d\u00e9penses, ce que nous avons fait&quot;, observe Aurore Berg\u00e9, ministre de l&#039;\u00c9galit\u00e9 femmes-hommes\" rel=\"nofollow noopener\" target=\"_blank\"><img width=\"16\" height=\"9\" class=\"lozad\"  alt=\"Budget 2026: &quot;Pour que l'\u00c9tat soit cr\u00e9dible, il faut r\u00e9interroger nos propres d\u00e9penses, ce que nous avons fait&quot;, observe Aurore Berg\u00e9, ministre de l'\u00c9galit\u00e9 femmes-hommes\"\/>1:29Budget 2026: \u00ab\u00a0Pour que l&rsquo;\u00c9tat soit cr\u00e9dible, il faut r\u00e9interroger nos propres d\u00e9penses, ce que nous avons fait\u00a0\u00bb, observe Aurore Berg\u00e9, ministre de l&rsquo;\u00c9galit\u00e9 femmes-hommes<\/a><a href=\"https:\/\/www.bfmtv.com\/politique\/gouvernement\/video-deux-jours-feries-supprimes-il-y-a-presque-unanimite-contre-cette-mesure-il-faut-accepter-qu-elle-soit-discutee-affirme-aurore-berge-ministre-deleguee-chargee-de-l-egalite-entre-les-hommes-et-les-femmes_VN-202509010810.html\" title=\"Deux jours f\u00e9ri\u00e9s supprim\u00e9s: &quot;il y a presque unanimit\u00e9 contre cette mesure, il faut accepter qu&#039;elle soit discut\u00e9e&quot;, affirme Aurore Berg\u00e9, ministre d\u00e9l\u00e9gu\u00e9e charg\u00e9e de l\u2019\u00c9galit\u00e9 entre les hommes et les femmes\" rel=\"nofollow noopener\" target=\"_blank\"><img width=\"16\" height=\"9\" class=\"lozad\"  alt=\"Deux jours f\u00e9ri\u00e9s supprim\u00e9s: &quot;il y a presque unanimit\u00e9 contre cette mesure, il faut accepter qu'elle soit discut\u00e9e&quot;, affirme Aurore Berg\u00e9, ministre d\u00e9l\u00e9gu\u00e9e charg\u00e9e de l\u2019\u00c9galit\u00e9 entre les hommes et les femmes\"\/>1:21Deux jours f\u00e9ri\u00e9s supprim\u00e9s: \u00ab\u00a0il y a presque unanimit\u00e9 contre cette mesure, il faut accepter qu&rsquo;elle soit discut\u00e9e\u00a0\u00bb, affirme Aurore Berg\u00e9, ministre d\u00e9l\u00e9gu\u00e9e charg\u00e9e de l\u2019\u00c9galit\u00e9 entre les hommes et les femmes<\/a><a href=\"https:\/\/www.bfmtv.com\/politique\/gouvernement\/video-dissolution-de-l-assemblee-nationale-pour-aurore-berge-ministre-de-l-egalite-femmes-hommes-ce-n-est-pas-le-moment_VN-202509010809.html\" title=\"Dissolution de l&#039;Assembl\u00e9e nationale: pour Aurore Berg\u00e9, ministre de l&#039;\u00c9galit\u00e9 femmes-hommes, &quot;ce n&#039;est pas le moment&quot;\" rel=\"nofollow noopener\" target=\"_blank\"><img width=\"16\" height=\"9\" class=\"lozad\"  alt=\"Dissolution de l'Assembl\u00e9e nationale: pour Aurore Berg\u00e9, ministre de l'\u00c9galit\u00e9 femmes-hommes, &quot;ce n'est pas le moment&quot;\"\/>1:01Dissolution de l&rsquo;Assembl\u00e9e nationale: pour Aurore Berg\u00e9, ministre de l&rsquo;\u00c9galit\u00e9 femmes-hommes, \u00ab\u00a0ce n&rsquo;est pas le moment\u00a0\u00bb<\/a><a href=\"https:\/\/www.bfmtv.com\/politique\/gouvernement\/video-mobilisation-du-10-septembre-promouvoir-le-blocage-c-est-le-projet-de-ceux-qui-n-ont-pas-de-projet-affirme-marc-ferracci-ministre-charge-de-l-industrie-et-de-l-energie_VN-202509010799.html\" title=\"Mobilisation du 10 septembre: &quot;Promouvoir le blocage, c&#039;est le projet de ceux qui n&#039;ont pas de projet&quot;, affirme Marc Ferracci, ministre charg\u00e9 de l&#039;Industrie et de l&#039;\u00c9nergie\" rel=\"nofollow noopener\" target=\"_blank\"><img width=\"16\" height=\"9\" class=\"lozad\"  alt=\"Mobilisation du 10 septembre: &quot;Promouvoir le blocage, c'est le projet de ceux qui n'ont pas de projet&quot;, affirme Marc Ferracci, ministre charg\u00e9 de l'Industrie et de l'\u00c9nergie\"\/>1:42Mobilisation du 10 septembre: \u00ab\u00a0Promouvoir le blocage, c&rsquo;est le projet de ceux qui n&rsquo;ont pas de projet\u00a0\u00bb, affirme Marc Ferracci, ministre charg\u00e9 de l&rsquo;Industrie et de l&rsquo;\u00c9nergie<\/a><a href=\"https:\/\/www.bfmtv.com\/politique\/gouvernement\/video-crise-politique-marc-ferracci-ministre-charge-de-l-industrie-et-de-l-energie-considere-qu-une-nouvelle-dissolution-n-est-pas-necessairement-une-bonne-solution_VN-202509010798.html\" title=\"Crise politique: Marc Ferracci, ministre charg\u00e9 de l&#039;Industrie et de l&#039;\u00c9nergie, consid\u00e8re qu&#039;une &quot;nouvelle dissolution n&#039;est pas n\u00e9cessairement une bonne solution&quot;\" rel=\"nofollow noopener\" target=\"_blank\"><img width=\"16\" height=\"9\" class=\"lozad\"  alt=\"Crise politique: Marc Ferracci, ministre charg\u00e9 de l'Industrie et de l'\u00c9nergie, consid\u00e8re qu'une &quot;nouvelle dissolution n'est pas n\u00e9cessairement une bonne solution&quot;\"\/>0:54Crise politique: Marc Ferracci, ministre charg\u00e9 de l&rsquo;Industrie et de l&rsquo;\u00c9nergie, consid\u00e8re qu&rsquo;une \u00ab\u00a0nouvelle dissolution n&rsquo;est pas n\u00e9cessairement une bonne solution\u00a0\u00bb<\/a><a href=\"https:\/\/www.bfmtv.com\/politique\/gouvernement\/video-vote-de-confiance-a-l-assemblee-nationale-marine-le-pen-veut-abaisser-nos-institutions-estime-marc-ferracci-ministre-charge-de-l-industrie-et-de-l-energie_VN-202509010797.html\" title=\"Vote de confiance \u00e0 l&#039;Assembl\u00e9e nationale: Marine Le Pen &quot;veut abaisser nos institutions&quot;, estime Marc Ferracci, ministre charg\u00e9 de l&#039;Industrie et de l&#039;\u00c9nergie\" rel=\"nofollow noopener\" target=\"_blank\"><img width=\"16\" height=\"9\" class=\"lozad\"  alt=\"Vote de confiance \u00e0 l'Assembl\u00e9e nationale: Marine Le Pen &quot;veut abaisser nos institutions&quot;, estime Marc Ferracci, ministre charg\u00e9 de l'Industrie et de l'\u00c9nergie\"\/>1:14Vote de confiance \u00e0 l&rsquo;Assembl\u00e9e nationale: Marine Le Pen \u00ab\u00a0veut abaisser nos institutions\u00a0\u00bb, estime Marc Ferracci, ministre charg\u00e9 de l&rsquo;Industrie et de l&rsquo;\u00c9nergie<\/a><a class=\"jumpToVideo\" target=\"_blank\"><img class=\"thumbnailPreview\"\/><\/a><\/p>\n","protected":false},"excerpt":{"rendered":"Dette de la France: Olivier Faure d\u00e9taille le contre-budget du PS #FaceABFMSur le m\u00eame sujeten lectureDette de la&hellip;\n","protected":false},"author":2,"featured_media":359082,"comment_status":"","ping_status":"","sticky":false,"template":"","format":"standard","meta":{"footnotes":""},"categories":[4],"tags":[11,1011,27,12,25],"class_list":{"0":"post-359081","1":"post","2":"type-post","3":"status-publish","4":"format-standard","5":"has-post-thumbnail","7":"category-france","8":"tag-actualites","9":"tag-fr","10":"tag-france","11":"tag-news","12":"tag-republique-francaise"},"share_on_mastodon":{"url":"https:\/\/pubeurope.com\/@fr\/115130853129477829","error":""},"_links":{"self":[{"href":"https:\/\/www.europesays.com\/fr\/wp-json\/wp\/v2\/posts\/359081","targetHints":{"allow":["GET"]}}],"collection":[{"href":"https:\/\/www.europesays.com\/fr\/wp-json\/wp\/v2\/posts"}],"about":[{"href":"https:\/\/www.europesays.com\/fr\/wp-json\/wp\/v2\/types\/post"}],"author":[{"embeddable":true,"href":"https:\/\/www.europesays.com\/fr\/wp-json\/wp\/v2\/users\/2"}],"replies":[{"embeddable":true,"href":"https:\/\/www.europesays.com\/fr\/wp-json\/wp\/v2\/comments?post=359081"}],"version-history":[{"count":0,"href":"https:\/\/www.europesays.com\/fr\/wp-json\/wp\/v2\/posts\/359081\/revisions"}],"wp:featuredmedia":[{"embeddable":true,"href":"https:\/\/www.europesays.com\/fr\/wp-json\/wp\/v2\/media\/359082"}],"wp:attachment":[{"href":"https:\/\/www.europesays.com\/fr\/wp-json\/wp\/v2\/media?parent=359081"}],"wp:term":[{"taxonomy":"category","embeddable":true,"href":"https:\/\/www.europesays.com\/fr\/wp-json\/wp\/v2\/categories?post=359081"},{"taxonomy":"post_tag","embeddable":true,"href":"https:\/\/www.europesays.com\/fr\/wp-json\/wp\/v2\/tags?post=359081"}],"curies":[{"name":"wp","href":"https:\/\/api.w.org\/{rel}","templated":true}]}}