{"id":359089,"date":"2025-09-01T20:15:14","date_gmt":"2025-09-01T20:15:14","guid":{"rendered":"https:\/\/www.europesays.com\/fr\/359089\/"},"modified":"2025-09-01T20:15:14","modified_gmt":"2025-09-01T20:15:14","slug":"tennis-de-table-le-manque-de-respect-colossal-de-romain-ruiz","status":"publish","type":"post","link":"https:\/\/www.europesays.com\/fr\/359089\/","title":{"rendered":"Tennis de table | Le manque de respect colossal de Romain Ruiz"},"content":{"rendered":"<p><strong><a href=\"https:\/\/fflose.com\/football-le-passage-hors-du-commun-derik-ten-hag-a-leverkusen\/\" rel=\"nofollow noopener\" target=\"_blank\">Si la Bundesliga bat son plein au football<\/a>, son homologue au tennis de table est partie, elle aussi, sur les chapeaux de roue. Avec Romain Ruiz en ennemi n\u00b01 de la FFL.<\/strong><\/p>\n<p>Romain Ruiz s\u2019offre l\u2019ancien num\u00e9ro 1 mondial au tennis de table<\/p>\n<p>La venue de Fan Zhendong, ex-num\u00e9ro un mondial, champion olympique et double champion du monde, dans le club de Saarbrucken a secou\u00e9 la plan\u00e8te du tennis de table. Alors au moment de disputer son tout premier match de Bundesliga, tous les regards \u00e9taient logiquement tourn\u00e9s vers le joueur chinois. Face \u00e0 lui se dressait Romain Ruiz, 302e joueur mondial, et avec 35 points au compteur. Quand les premiers fr\u00f4lent les 10\u202f000 unit\u00e9s. Vous n\u2019avez qu\u2019\u00e0 voir la diff\u00e9rence de plan\u00e8tes qui subsiste entre les deux pongistes. Mais lors de cette rencontre de Bundesliga, on s\u2019est demand\u00e9 lequel des deux joueurs avait \u00e9t\u00e9 num\u00e9ro un mondial dans sa carri\u00e8re.<\/p>\n<blockquote class=\"twitter-tweet\">\n<p dir=\"ltr\" lang=\"fr\">MANCHE D\u00c9CISIVE ENTRE ROMAIN RUIZ ET FAN ZHENDONG ! \ud83d\ude0d<\/p>\n<p>Le Fran\u00e7ais n\u2019a pas peur du champion olympique en titre <a href=\"https:\/\/t.co\/i0LL0MoYXD\" rel=\"nofollow\">pic.twitter.com\/i0LL0MoYXD<\/a><\/p>\n<p>\u2014 Cho Allez !\ud83c\udfd3 (@ChoAllez) <a href=\"https:\/\/twitter.com\/ChoAllez\/status\/1962132816436559936?ref_src=twsrc%5Etfw\" rel=\"nofollow noopener\" target=\"_blank\">August 31, 2025<\/a><\/p>\n<\/blockquote>\n<p>En effet, le Fran\u00e7ais et le Chinois ont tous deux remport\u00e9 deux manches, et le cinqui\u00e8me set est d\u00e9cisif. Mais contre toute attente, c\u2019est Romain Ruiz qui sort vainqueur de ce duel, et s\u2019offre la plus grande victoire de sa carri\u00e8re \u00e0 28 ans. Et l\u2019une des plus grandes trahisons dans l\u2019histoire du tennis de table tricolore. \u00c0 tel point qu\u2019il en tombe \u00e0 la renverse sur la balle de match. La m\u00e9taphore est toute trouv\u00e9e pour d\u00e9crire notre r\u00e9action au moment o\u00f9 on a d\u00e9couvert cette odieuse prouesse.<\/p>\n<blockquote class=\"twitter-tweet\">\n<p dir=\"ltr\" lang=\"fr\">MO-NU-MEN-TAL RUIZ ! \ud83c\uddeb\ud83c\uddf7\ud83d\udd25<\/p>\n<p>Le Fran\u00e7ais s\u2019impose face au champion olympique en titre Fan Zhendong ! \ud83e\udd2f<\/p>\n<p>L\u2019UN DES PLUS GROS EXPLOITS DU PING FRAN\u00c7AIS ! \ud83d\ude0d<\/p>\n<p>L\u2019ex-n\u00b01 mondial rate donc son entr\u00e9e en mati\u00e8re dans le championnat allemand\u2026 <a href=\"https:\/\/t.co\/5uheOQQPbM\" rel=\"nofollow\">pic.twitter.com\/5uheOQQPbM<\/a><\/p>\n<p>\u2014 Cho Allez !\ud83c\udfd3 (@ChoAllez) <a href=\"https:\/\/twitter.com\/ChoAllez\/status\/1962135374978793591?ref_src=twsrc%5Etfw\" rel=\"nofollow noopener\" target=\"_blank\">August 31, 2025<\/a><\/p>\n<\/blockquote>\n<p>                         <a href=\"https:\/\/fflose.com\/author\/tomgaleron\/\" class=\"url\" title=\"Tom\" rel=\"nofollow noopener\" target=\"_blank\"> <img loading=\"lazy\" decoding=\"async\" alt=\"Tom\" src=\"https:\/\/www.europesays.com\/fr\/wp-content\/uploads\/2025\/09\/1756757714_444_42b7cbe105414bcd1f96d432c56f293f\"  class=\"avatar avatar-250 photo\" height=\"250\" width=\"250\"\/><\/a> <\/p>\n<p>Natif de Marseille, autant vous dire qu&rsquo;il est pr\u00e9f\u00e9rable de ne pas me parler de football en ce moment. Merci pour votre compr\u00e9hension.<\/p>\n<p> <a href=\"https:\/\/fflose.com\/author\/tomgaleron\/\" class=\"url\" title=\"Tom\" rel=\"nofollow noopener\" target=\"_blank\"><img loading=\"lazy\" decoding=\"async\" alt=\"Tom\" src=\"https:\/\/www.europesays.com\/fr\/wp-content\/uploads\/2025\/09\/1756757714_444_42b7cbe105414bcd1f96d432c56f293f\"  class=\"avatar avatar-250 photo\" height=\"250\" width=\"250\"\/><\/a>  <\/p>\n<p><script async src=\"https:\/\/platform.twitter.com\/widgets.js\" charset=\"utf-8\"><\/script><\/p>\n","protected":false},"excerpt":{"rendered":"Si la Bundesliga bat son plein au football, son homologue au tennis de table est partie, elle aussi,&hellip;\n","protected":false},"author":2,"featured_media":359090,"comment_status":"","ping_status":"","sticky":false,"template":"","format":"standard","meta":{"footnotes":""},"categories":[1412],"tags":[1451,1452,1453,1454,1455,1011,27,60],"class_list":{"0":"post-359089","1":"post","2":"type-post","3":"status-publish","4":"format-standard","5":"has-post-thumbnail","7":"category-f1","8":"tag-f1","9":"tag-formula-1","10":"tag-formula1","11":"tag-formule-1","12":"tag-formule1","13":"tag-fr","14":"tag-france","15":"tag-sports"},"share_on_mastodon":{"url":"https:\/\/pubeurope.com\/@fr\/115130880839990557","error":""},"_links":{"self":[{"href":"https:\/\/www.europesays.com\/fr\/wp-json\/wp\/v2\/posts\/359089","targetHints":{"allow":["GET"]}}],"collection":[{"href":"https:\/\/www.europesays.com\/fr\/wp-json\/wp\/v2\/posts"}],"about":[{"href":"https:\/\/www.europesays.com\/fr\/wp-json\/wp\/v2\/types\/post"}],"author":[{"embeddable":true,"href":"https:\/\/www.europesays.com\/fr\/wp-json\/wp\/v2\/users\/2"}],"replies":[{"embeddable":true,"href":"https:\/\/www.europesays.com\/fr\/wp-json\/wp\/v2\/comments?post=359089"}],"version-history":[{"count":0,"href":"https:\/\/www.europesays.com\/fr\/wp-json\/wp\/v2\/posts\/359089\/revisions"}],"wp:featuredmedia":[{"embeddable":true,"href":"https:\/\/www.europesays.com\/fr\/wp-json\/wp\/v2\/media\/359090"}],"wp:attachment":[{"href":"https:\/\/www.europesays.com\/fr\/wp-json\/wp\/v2\/media?parent=359089"}],"wp:term":[{"taxonomy":"category","embeddable":true,"href":"https:\/\/www.europesays.com\/fr\/wp-json\/wp\/v2\/categories?post=359089"},{"taxonomy":"post_tag","embeddable":true,"href":"https:\/\/www.europesays.com\/fr\/wp-json\/wp\/v2\/tags?post=359089"}],"curies":[{"name":"wp","href":"https:\/\/api.w.org\/{rel}","templated":true}]}}