{"id":359091,"date":"2025-09-01T20:16:10","date_gmt":"2025-09-01T20:16:10","guid":{"rendered":"https:\/\/www.europesays.com\/fr\/359091\/"},"modified":"2025-09-01T20:16:10","modified_gmt":"2025-09-01T20:16:10","slug":"uae-emirates-officialise-le-depart-du-problematique-juan-ayuso-attendu-chez-lidl-trek","status":"publish","type":"post","link":"https:\/\/www.europesays.com\/fr\/359091\/","title":{"rendered":"UAE Emirates officialise le d\u00e9part du probl\u00e9matique Juan Ayuso, attendu chez Lidl-Trek"},"content":{"rendered":"<p>UAE Emirates a officialis\u00e9 ce lundi le d\u00e9part en fin de saison de Juan Ayuso, en mettant en avant \u00ab\u00a0des divergences\u00a0\u00bb avec le coureur espagnol de 22 ans, annonc\u00e9 d\u00e9sormais proche de l&rsquo;\u00e9quipe Lidl-Trek.<\/p>\n<p><a href=\"https:\/\/rmcsport.bfmtv.com\/cyclisme\/tour-d-espagne\/vuelta-2025-personne-n-etait-avec-moi-a-la-fin-c-est-a-nouveau-la-guerre-entre-almeida-et-ayuso-chez-uae_AV-202509010203.html\" title=\"Vuelta 2025: &quot;Personne n&#039;\u00e9tait avec moi \u00e0 la fin&quot;, c&#039;est (\u00e0 nouveau) la guerre entre Almeida et Ayuso chez UAE\" class=\"internal_link\" rel=\"nofollow noopener\" target=\"_blank\">Juan Ayuso<\/a> quittera l&rsquo;\u00e9quipe <a href=\"https:\/\/rmcsport.bfmtv.com\/cyclisme\/tour-d-espagne\/vuelta-2025-almeida-assure-que-tout-est-regle-avec-ayuso-apres-des-desaccords-dans-le-passe_AV-202508210093.html\" title=\"Vuelta 2025: Almeida assure que &quot;tout est r\u00e9gl\u00e9&quot; avec Ayuso apr\u00e8s des &quot;d\u00e9saccords dans le pass\u00e9&quot;\" class=\"internal_link\" rel=\"nofollow noopener\" target=\"_blank\">UAE Emirates<\/a> \u00e0 la fin de la saison en vertu d&rsquo;un accord mutuel de r\u00e9siliation de son contrat qui courait jusqu&rsquo;en 2028, a annonc\u00e9 ce lundi la formation \u00e9miratie. Les m\u00e9dias espagnols le disent en partance pour l&rsquo;\u00e9quipe Lidl-Trek.<br \/>Dans un communiqu\u00e9, l&rsquo;\u00e9quipe UAE invoque des \u00ab\u00a0divergences\u00a0\u00bb avec le coureur espagnol de 22 ans \u00ab\u00a0sur la vision des plans de d\u00e9veloppement et l&rsquo;alignement avec la philosophie sportive de l&rsquo;\u00e9quipe\u00a0\u00bb. \u00ab\u00a0Juan a \u00e9t\u00e9 un talent pr\u00e9cieux et nous sommes reconnaissants pour ce que nous avons construit ensemble\u00a0\u00bb, souligne le directeur d&rsquo;UAE, Mauro Gianetti, dans le communiqu\u00e9 diffus\u00e9 lors de la premi\u00e8re journ\u00e9e de repos de la Vuelta.<\/p>\n<p>\u00ab\u00a0Notre projet sportif s&rsquo;est toujours centr\u00e9 sur la continuit\u00e9, l&rsquo;harmonie du groupe et la construction d&rsquo;une \u00e9quipe gagnante\u00a0\u00bb, poursuit-il, en soulignant que \u00ab\u00a0cette d\u00e9cision est la plus coh\u00e9rente avec les valeurs qui d\u00e9finissent notre organisation\u00a0\u00bb. R\u00e9v\u00e9lation de la Vuelta 2022, qu&rsquo;il avait termin\u00e9e \u00e0 la troisi\u00e8me place \u00e0 seulement 19 ans, Ayuso compte 15 victoires chez les professionnels, la derni\u00e8re en date lors de la 7e \u00e9tape du Tour d&rsquo;Espagne, jeudi dernier.<\/p>\n<p>Mais, au sein d&rsquo;une formation qui ne manque pas de leaders derri\u00e8re Tadej Pogacar avec le Portugais Joao Almeida et le Mexicain Isaac Del Toro, il semble avoir du mal \u00e0 franchir un palier. En t\u00e9moignent son abandon lors du Giro d&rsquo;Italie au printemps dernier, qu&rsquo;il avait abord\u00e9 en favori et, tout r\u00e9cemment, sa d\u00e9faillance lors de la 6e \u00e9tape de la Vuelta, o\u00f9 il a conc\u00e9d\u00e9 plus de sept minutes aux pr\u00e9tendants \u00e0 la victoire finale et perdu le statut de co-leader de son \u00e9quipe qu&rsquo;il partageait avec Almeida au d\u00e9part de l&rsquo;\u00e9preuve.<\/p>\n<p>Ce dernier, distanc\u00e9 par le Danois Jonas Vingegaard dimanche dans l&rsquo;ascension finale de la 9e \u00e9tape, s&rsquo;est plaint d&rsquo;avoir manqu\u00e9 de soutien parmi ses \u00e9quipiers (Ayuso a fini dans le grupetto, \u00e0 pr\u00e8s de 22 minutes). \u00ab\u00a0J&rsquo;ai eu l&rsquo;opportunit\u00e9 de grandir et de courir aux c\u00f4t\u00e9s des meilleurs, et je sais que ce que j&rsquo;ai appris fera toujours partie de mon exp\u00e9rience professionnelle\u00a0\u00bb, a comment\u00e9 Ayuso dans le communiqu\u00e9 annon\u00e7ant la rupture. \u00ab\u00a0Je sens maintenant qu&rsquo;il est temps de prendre un chemin diff\u00e9rent, avec le m\u00eame enthousiasme\u00a0\u00bb.<\/p>\n","protected":false},"excerpt":{"rendered":"UAE Emirates a officialis\u00e9 ce lundi le d\u00e9part en fin de saison de Juan Ayuso, en mettant en&hellip;\n","protected":false},"author":2,"featured_media":359092,"comment_status":"","ping_status":"","sticky":false,"template":"","format":"standard","meta":{"footnotes":""},"categories":[1411],"tags":[1154,207,1011,27,60],"class_list":{"0":"post-359091","1":"post","2":"type-post","3":"status-publish","4":"format-standard","5":"has-post-thumbnail","7":"category-cyclisme","8":"tag-cycling","9":"tag-cyclisme","10":"tag-fr","11":"tag-france","12":"tag-sports"},"share_on_mastodon":{"url":"https:\/\/pubeurope.com\/@fr\/115130884721825775","error":""},"_links":{"self":[{"href":"https:\/\/www.europesays.com\/fr\/wp-json\/wp\/v2\/posts\/359091","targetHints":{"allow":["GET"]}}],"collection":[{"href":"https:\/\/www.europesays.com\/fr\/wp-json\/wp\/v2\/posts"}],"about":[{"href":"https:\/\/www.europesays.com\/fr\/wp-json\/wp\/v2\/types\/post"}],"author":[{"embeddable":true,"href":"https:\/\/www.europesays.com\/fr\/wp-json\/wp\/v2\/users\/2"}],"replies":[{"embeddable":true,"href":"https:\/\/www.europesays.com\/fr\/wp-json\/wp\/v2\/comments?post=359091"}],"version-history":[{"count":0,"href":"https:\/\/www.europesays.com\/fr\/wp-json\/wp\/v2\/posts\/359091\/revisions"}],"wp:featuredmedia":[{"embeddable":true,"href":"https:\/\/www.europesays.com\/fr\/wp-json\/wp\/v2\/media\/359092"}],"wp:attachment":[{"href":"https:\/\/www.europesays.com\/fr\/wp-json\/wp\/v2\/media?parent=359091"}],"wp:term":[{"taxonomy":"category","embeddable":true,"href":"https:\/\/www.europesays.com\/fr\/wp-json\/wp\/v2\/categories?post=359091"},{"taxonomy":"post_tag","embeddable":true,"href":"https:\/\/www.europesays.com\/fr\/wp-json\/wp\/v2\/tags?post=359091"}],"curies":[{"name":"wp","href":"https:\/\/api.w.org\/{rel}","templated":true}]}}