{"id":359095,"date":"2025-09-01T20:18:11","date_gmt":"2025-09-01T20:18:11","guid":{"rendered":"https:\/\/www.europesays.com\/fr\/359095\/"},"modified":"2025-09-01T20:18:11","modified_gmt":"2025-09-01T20:18:11","slug":"pour-sa-premiere-au-jt-de-france-2-lea-salame-souhaite-ecrire-une-nouvelle-page-avec-un-message-fort","status":"publish","type":"post","link":"https:\/\/www.europesays.com\/fr\/359095\/","title":{"rendered":"Pour sa premi\u00e8re au JT de France 2, L\u00e9a Salam\u00e9 souhaite \u00e9crire une \u00ab\u00a0nouvelle page\u00a0\u00bb avec un message fort"},"content":{"rendered":"<p>La suite apr\u00e8s la publicit\u00e9<\/p>\n<p>Le grand soir est arriv\u00e9 pour<a href=\"https:\/\/www.purepeople.com\/people\/lea-salame_p149105\" rel=\"nofollow noopener\" target=\"_blank\"> L\u00e9a Salam\u00e9<\/a>. Lundi 1er septembre 2025, <strong>la journaliste a pr\u00e9sent\u00e9 pour la premi\u00e8re fois le JT de 20h sur France 2<\/strong>, succ\u00e9dant \u00e0 <a href=\"https:\/\/www.purepeople.com\/people\/anne-sophie-lapix_p160\" rel=\"nofollow noopener\" target=\"_blank\">Anne-Sophie Lapix<\/a>, qui avait quitt\u00e9 la cha\u00eene apr\u00e8s huit ann\u00e9es \u00e0 la t\u00eate du journal. Une nomination qui marque une \u00e9tape majeure dans la carri\u00e8re de l\u2019animatrice, d\u00e9j\u00e0 \u00e0 la t\u00eate de l\u2019\u00e9mission Quelle \u00e9poque !\u202fdepuis trois ans et connue pour ses passages remarqu\u00e9s sur France Inter et dans On n\u2019est pas couch\u00e9\u202f.<\/p>\n<p>\u00ab\u00a0Madame, Monsieur, bonsoir ! Bienvenue dans le 20 heures. <strong>Je suis tr\u00e8s heureuse d&rsquo;\u00e9crire cette nouvelle page avec vous et avec la formidable r\u00e9daction de France T\u00e9l\u00e9visions<\/strong>. Pour vous informer, d\u00e9crypter l&rsquo;actualit\u00e9 partout en France et essayer, ensemble, de comprendre le monde, tel qu&rsquo;il va.\u00a0\u00bb Sur le plateau, <a href=\"https:\/\/www.purepeople.com\/article\/jai-du-petit-bidou-a-45-ans-lea-salame-mise-sur-une-activite-tendance-quelle-pratique-deux-fois-par-semaine_a541586\/1\" rel=\"nofollow noopener\" target=\"_blank\">celle qui effectue une activit\u00e9 physique tendance deux fois par semaine<\/a> affichait une pr\u00e9sence \u00e0 la fois chaleureuse et assur\u00e9e en d\u00e9livrant un premier message fort \u00e0 l&rsquo;attention des t\u00e9l\u00e9spectateurs. Pour l&rsquo;occasion, elle s&rsquo;\u00e9tait attach\u00e9e les cheveux en un chignon soign\u00e9, laissant appara\u00eetre quelques m\u00e8ches encadrant son visage, et avait choisi un haut bleu marine au l\u00e9ger d\u00e9collet\u00e9, qui mettait en valeur son port de t\u00eate \u00e9l\u00e9gant tout en restant sobre et professionnel. <strong>Chaque geste, chaque intonation de voix t\u00e9moignait de son d\u00e9sir de conjuguer rigueur journalistique et proximit\u00e9 avec les t\u00e9l\u00e9spectateurs<\/strong>, donnant d&#8217;embl\u00e9e le ton d&rsquo;un journal attentif et humain.<\/p>\n<blockquote>\n<p>\u00ab\u00a0L\u2019essentiel, c\u2019est qu\u2019elle prenne possession de son journal.\u00a0\u00bb<\/p>\n<\/blockquote>\n<p><a href=\"https:\/\/www.purepeople.com\/article\/a-quelques-jours-de-sa-rentree-au-20h-de-france-2-lea-salame-se-prepare-t-elle-trop-activement-elle-est-comme-ca-depuis-ce-matin_a541832\/1\" rel=\"nofollow noopener\" target=\"_blank\">Apr\u00e8s une pr\u00e9paration intense cet \u00e9t\u00e9<\/a>, ponctu\u00e9e de tests techniques et de \u00ab\u00a0journaux \u00e0 blanc\u00a0\u00bb, <strong>L\u00e9a Salam\u00e9 a su trouver le juste \u00e9quilibre entre s\u00e9rieux et naturel<\/strong>, comme le confiait un proche t\u00e9moin des r\u00e9p\u00e9titions : \u00ab\u00a0Elle a appris \u00e0 limiter ses mouvements pour s\u2019approprier pleinement le format sans le d\u00e9naturer.\u00a0\u00bb<\/p>\n<p>Sur le plateau,<strong> L\u00e9a Salam\u00e9 est apparue parfaitement \u00e0 l\u2019aise, donnant le ton d\u2019un journal fid\u00e8le \u00e0 son ADN<\/strong> : rigueur, clart\u00e9 et analyse des \u00e9v\u00e9nements marquants de la journ\u00e9e. Les t\u00e9l\u00e9spectateurs ont retrouv\u00e9 le professionnalisme attendu d\u2019un JT du service public, tout en percevant la personnalit\u00e9 affirm\u00e9e de leur nouvelle pr\u00e9sentatrice. Muriel Pleynet, directrice adjointe de l\u2019information de France T\u00e9l\u00e9visions, r\u00e9sumait d&rsquo;ailleurs l\u2019enjeu avec justesse : \u00ab\u00a0L\u2019essentiel, c\u2019est qu\u2019elle prenne possession de son journal.\u00a0\u00bb<\/p>\n<p>Le JT de 20h de France 2 commence donc cette rentr\u00e9e sous de nouveaux auspices, avec <strong>une figure reconnue et respect\u00e9e du journalisme fran\u00e7ais<\/strong>, pr\u00eate \u00e0 inscrire sa marque dans la continuit\u00e9 d\u2019une cha\u00eene qui mise sur la constance et la qualit\u00e9 de l\u2019information.<\/p>\n","protected":false},"excerpt":{"rendered":"La suite apr\u00e8s la publicit\u00e9 Le grand soir est arriv\u00e9 pour L\u00e9a Salam\u00e9. Lundi 1er septembre 2025, la&hellip;\n","protected":false},"author":2,"featured_media":359096,"comment_status":"","ping_status":"","sticky":false,"template":"","format":"standard","meta":{"footnotes":""},"categories":[1359],"tags":[58,59,1011,27,973],"class_list":{"0":"post-359095","1":"post","2":"type-post","3":"status-publish","4":"format-standard","5":"has-post-thumbnail","7":"category-people","8":"tag-divertissement","9":"tag-entertainment","10":"tag-fr","11":"tag-france","12":"tag-people"},"share_on_mastodon":{"url":"https:\/\/pubeurope.com\/@fr\/115130892583806136","error":""},"_links":{"self":[{"href":"https:\/\/www.europesays.com\/fr\/wp-json\/wp\/v2\/posts\/359095","targetHints":{"allow":["GET"]}}],"collection":[{"href":"https:\/\/www.europesays.com\/fr\/wp-json\/wp\/v2\/posts"}],"about":[{"href":"https:\/\/www.europesays.com\/fr\/wp-json\/wp\/v2\/types\/post"}],"author":[{"embeddable":true,"href":"https:\/\/www.europesays.com\/fr\/wp-json\/wp\/v2\/users\/2"}],"replies":[{"embeddable":true,"href":"https:\/\/www.europesays.com\/fr\/wp-json\/wp\/v2\/comments?post=359095"}],"version-history":[{"count":0,"href":"https:\/\/www.europesays.com\/fr\/wp-json\/wp\/v2\/posts\/359095\/revisions"}],"wp:featuredmedia":[{"embeddable":true,"href":"https:\/\/www.europesays.com\/fr\/wp-json\/wp\/v2\/media\/359096"}],"wp:attachment":[{"href":"https:\/\/www.europesays.com\/fr\/wp-json\/wp\/v2\/media?parent=359095"}],"wp:term":[{"taxonomy":"category","embeddable":true,"href":"https:\/\/www.europesays.com\/fr\/wp-json\/wp\/v2\/categories?post=359095"},{"taxonomy":"post_tag","embeddable":true,"href":"https:\/\/www.europesays.com\/fr\/wp-json\/wp\/v2\/tags?post=359095"}],"curies":[{"name":"wp","href":"https:\/\/api.w.org\/{rel}","templated":true}]}}