{"id":359101,"date":"2025-09-01T20:21:11","date_gmt":"2025-09-01T20:21:11","guid":{"rendered":"https:\/\/www.europesays.com\/fr\/359101\/"},"modified":"2025-09-01T20:21:11","modified_gmt":"2025-09-01T20:21:11","slug":"des-conneries-cyril-hanouna-evoque-la-mort-de-thierry-ardisson-dans-tbt9","status":"publish","type":"post","link":"https:\/\/www.europesays.com\/fr\/359101\/","title":{"rendered":"\u00ab\u00a0Des conneries\u2026\u00a0\u00bb : Cyril Hanouna \u00e9voque la mort de Thierry Ardisson dans TBT9"},"content":{"rendered":"<p>Il ne pouvait pas lancer la premi\u00e8re de <a href=\"https:\/\/www.public.fr\/tbt9-kelly-vedovelli-evincee-de-la-nouvelle-emission-de-cyril-hanouna-sa-reaction-en-direct-sur-instagram-ca-narrivera-pas\" target=\"_blank\" rel=\"noopener\">sa nouvelle quotidienne<\/a> sans avoir une tendre pens\u00e9e pour lui. Ce lundi 1er septembre 2025, \u00e0 l\u2019occasion du lancement de <a href=\"https:\/\/www.public.fr\/tag\/tout-beau-tout-9\" target=\"_blank\" rel=\"noopener\"><strong>\u00ab\u00a0Tout beau, tout n9uf\u00a0\u00bb<\/strong> (TBT9)<\/a>, <a href=\"https:\/\/www.public.fr\/tag\/cyril-hanouna\" target=\"_blank\" rel=\"noopener\">Cyril Hanouna<\/a> a en effet \u00e9voqu\u00e9 la mort de <a href=\"https:\/\/www.public.fr\/tag\/thierry-ardisson\" target=\"_blank\" rel=\"noopener\">Thierry Ardisson<\/a> en rappelant que, malgr\u00e9 leurs diff\u00e9rends pass\u00e9s, il appr\u00e9ciait le compagnon d\u2019<a href=\"https:\/\/www.public.fr\/tag\/audrey-crespo-mara\" target=\"_blank\" rel=\"noopener\">Audrey Crespo-Mara<\/a>.<\/p>\n<p>\u00ab\u00a0L\u2019homme en noir\u00a0\u00bb, comme il se faisait appeler, nous a en effet quitt\u00e9s le 14 juillet dernier. Un jour de F\u00eate nationale, un comble pour un homme qui se disait \u00ab\u00a0royaliste\u00a0\u00bb et qui souhaitait partir \u00e0 une telle date.\u00a0<\/p>\n<p>Le premier hommage de Cyril Hanouna \u00e0 Thierry Ardisson<\/p>\n<p>Depuis plusieurs ann\u00e9es, <a href=\"https:\/\/vsd.fr\/tag\/thierry-ardisson\/\" target=\"_blank\" rel=\"noopener\">Thierry Ardisson<\/a> luttait contre un cancer du foie comme les Fran\u00e7ais ont pu l\u2019apprendre dans le reportage d\u2019Audrey Crespo-Mara, <strong>\u00ab\u00a0La Face cach\u00e9e de l\u2019homme en noir\u00a0\u00bb<\/strong>, diffus\u00e9 deux jours apr\u00e8s sa disparition. Malgr\u00e9 ses nombreuses ann\u00e9es de bataille, la maladie l\u2019a finalement emport\u00e9 il y plus d\u2019un mois.<\/p>\n<p>Cyril Hanouna, en apprenant la triste nouvelle, a mis sa ranc\u0153ur et ses diff\u00e9rends avec Thierry Ardisson de c\u00f4t\u00e9 pour lui rendre un bel hommage sur son compte X. \u00ab\u00a0Quoiqu\u2019il soit arriv\u00e9 entre nous. Quoiqu\u2019il se soit dit. Thierry Ardisson restera un des plus grands de la Television Fran\u00e7aise\u00a0\u00bb, a-t-il rappel\u00e9 dans un premier temps.<\/p>\n<p>Avant de poursuivre : \u00ab\u00a0On ne peut que saluer sa carri\u00e8re de dingue qu\u2019on l aime ou pas. Et aujourd\u2019hui on est tous en noir pour l homme noir. Rip Thierry\u00a0\u00bb. Ce lundi 1er septembre 2025, Cyril Hanouna a souhait\u00e9 revenir sur cette disparition pour la premi\u00e8re de sa nouvelle quotidienne <strong>TBT9.<\/strong><\/p>\n<p>L&rsquo;animateur revient sur la mort de \u00ab\u00a0l&rsquo;homme en noir\u00a0\u00bb<\/p>\n<p>Alors que Cyril Hanouna \u00ab\u00a0recevait\u00a0\u00bb Olivier Minne par t\u00e9l\u00e9phone, le pr\u00e9sentateur a \u00e9voqu\u00e9 la mort de Thierry Ardisson. \u00ab\u00a0Je vais revenir sur,\u2026 parce qu\u2019il s&rsquo;est pass\u00e9 quand m\u00eame un truc cet \u00e9t\u00e9. <strong>Thierry Ardisson nous a quitt\u00e9s<\/strong>\u00ab\u00a0, a-t-il rappel\u00e9 dans un premier temps, avant de reconna\u00eetre : \u00ab\u00a0Et c&rsquo;est vrai qu\u2019on avait des relations compliqu\u00e9es\u00a0\u00bb.\u00a0<\/p>\n<p>\u00ab\u00a0<strong>Thierry Ardisson et moi, on s&rsquo;entendait tr\u00e8s tr\u00e8s bien au d\u00e9part<\/strong>, apr\u00e8s \u00e7a a \u00e9t\u00e9 un petit peu plus compliqu\u00e9 tous les deux. Et c&rsquo;est vrai que, lorsqu\u2019il est parti, c&rsquo;est vrai que \u00e7a m&rsquo;a beaucoup pein\u00e9 parce que mine de rien quand m\u00eame, je l&rsquo;aimais beaucoup. <strong>M\u00eame si on s&rsquo;en est foutu plein la gueule<\/strong>, c&rsquo;est quelqu&rsquo;un avec qui on a partag\u00e9 des moments dans le groupe Canal, etc,\u2026\u00a0\u00bb, a poursuivi Cyril Hanouna, tr\u00e8s \u00e9mu.<\/p>\n<p>Le pr\u00e9sentateur de <strong>TBT9<\/strong> ne s\u2019est pas arr\u00eat\u00e9 l\u00e0 et a rappel\u00e9 que nous pouvons \u00ab\u00a0<strong>penser ce qu&rsquo;on veut de lui, c&rsquo;est quand m\u00eame un talent exceptionnel<\/strong>, \u00e7a restera un des immenses talents de la t\u00e9l\u00e9vision\u00a0\u00bb. \u00ab\u00a0Et je me suis dit, on s&rsquo;est pris la t\u00eate pour rien avec Thierry sur vraiment des b\u00eatises en plus, parce qu&rsquo;un jour, j&rsquo;ai dit que je n\u2019aimais pas son \u00e9mission, il a dit qu&rsquo;il n&rsquo;aimait pas mon \u00e9mission, je sais plus quoi, voil\u00e0 et c&rsquo;est vrai qu&rsquo;on se dit, mais \u2018c&rsquo;est vrai que la t\u00e9l\u00e9, c&rsquo;est que de la t\u00e9l\u00e9 quand m\u00eame\u00a0\u00bb, a poursuivi Cyril Hanouna pour rappeler les raisons de leurs diff\u00e9rends.\u00a0<\/p>\n<p>\u00ab\u00a0<strong>J\u2019ai une pens\u00e9e pour Thierry Ardisson ce soir, pour cette premi\u00e8re de TBT9<\/strong>, m\u00eame si \u00e7a a \u00e9t\u00e9 compliqu\u00e9 entre nous. On se dit vraiment que c&rsquo;est vraiment des conneries tout \u00e7a\u00a0\u00bb, a-t-il finalement conclu afin d\u2019enterrer la hache de guerre et rendre un bel hommage \u00e0 \u00ab\u00a0l\u2019homme en noir\u00a0\u00bb.\u00a0<\/p>\n<p>      Mentionn\u00e9s dans cet article<\/p>\n<p>      Sur le m\u00eame sujet<\/p>\n","protected":false},"excerpt":{"rendered":"Il ne pouvait pas lancer la premi\u00e8re de sa nouvelle quotidienne sans avoir une tendre pens\u00e9e pour lui.&hellip;\n","protected":false},"author":2,"featured_media":359102,"comment_status":"","ping_status":"","sticky":false,"template":"","format":"standard","meta":{"footnotes":""},"categories":[1356],"tags":[17979,1083,58,59,1011,27,18,252,10058,22498,22497,1364,2395],"class_list":{"0":"post-359101","1":"post","2":"type-post","3":"status-publish","4":"format-standard","5":"has-post-thumbnail","7":"category-television","8":"tag-audrey-crespo-mara","9":"tag-cyril-hanouna","10":"tag-divertissement","11":"tag-entertainment","12":"tag-fr","13":"tag-france","14":"tag-mort","15":"tag-television","16":"tag-thierry-ardisson","17":"tag-tout-9-tbt9","18":"tag-tout-beau","19":"tag-tv","20":"tag-w9"},"share_on_mastodon":{"url":"https:\/\/pubeurope.com\/@fr\/115130904385584848","error":""},"_links":{"self":[{"href":"https:\/\/www.europesays.com\/fr\/wp-json\/wp\/v2\/posts\/359101","targetHints":{"allow":["GET"]}}],"collection":[{"href":"https:\/\/www.europesays.com\/fr\/wp-json\/wp\/v2\/posts"}],"about":[{"href":"https:\/\/www.europesays.com\/fr\/wp-json\/wp\/v2\/types\/post"}],"author":[{"embeddable":true,"href":"https:\/\/www.europesays.com\/fr\/wp-json\/wp\/v2\/users\/2"}],"replies":[{"embeddable":true,"href":"https:\/\/www.europesays.com\/fr\/wp-json\/wp\/v2\/comments?post=359101"}],"version-history":[{"count":0,"href":"https:\/\/www.europesays.com\/fr\/wp-json\/wp\/v2\/posts\/359101\/revisions"}],"wp:featuredmedia":[{"embeddable":true,"href":"https:\/\/www.europesays.com\/fr\/wp-json\/wp\/v2\/media\/359102"}],"wp:attachment":[{"href":"https:\/\/www.europesays.com\/fr\/wp-json\/wp\/v2\/media?parent=359101"}],"wp:term":[{"taxonomy":"category","embeddable":true,"href":"https:\/\/www.europesays.com\/fr\/wp-json\/wp\/v2\/categories?post=359101"},{"taxonomy":"post_tag","embeddable":true,"href":"https:\/\/www.europesays.com\/fr\/wp-json\/wp\/v2\/tags?post=359101"}],"curies":[{"name":"wp","href":"https:\/\/api.w.org\/{rel}","templated":true}]}}