{"id":359105,"date":"2025-09-01T20:23:18","date_gmt":"2025-09-01T20:23:18","guid":{"rendered":"https:\/\/www.europesays.com\/fr\/359105\/"},"modified":"2025-09-01T20:23:18","modified_gmt":"2025-09-01T20:23:18","slug":"disney-confirme-la-sortie-dun-sixieme-volet-de-la-franchise-en-2027","status":"publish","type":"post","link":"https:\/\/www.europesays.com\/fr\/359105\/","title":{"rendered":"Disney confirme la sortie d&rsquo;un sixi\u00e8me volet de la franchise en 2027"},"content":{"rendered":"<p>Intitul\u00e9 L\u2019\u00c2ge de Glace: le point d\u2019\u00e9bullition, ce sixi\u00e8me volet de la franchise d&rsquo;animation, r\u00e9alis\u00e9 par Carlos Saldanha, sera diffus\u00e9 dans les salles fran\u00e7aises le 3 f\u00e9vrier 2027.<\/p>\n<p>Scrat et ses amis seront bient\u00f4t de retour au cin\u00e9ma. Lors d&rsquo;une convention \u00e0 Orlando ce samedi 30 ao\u00fbt, Disney a annonc\u00e9 le titre et la date de sortie du prochain film <a href=\"https:\/\/www.bfmtv.com\/people\/cinema\/l-age-de-glace-un-sixieme-volet-en-preparation_AN-202411090292.html\" title=\"&quot;L&#039;\u00c2ge de glace&quot;: un sixi\u00e8me volet en pr\u00e9paration\" class=\"internal_link\" rel=\"nofollow noopener\" target=\"_blank\">L&rsquo;\u00c2ge de glace<\/a>.<\/p>\n<p>Intitul\u00e9 L\u2019\u00c2ge de Glace: le point d\u2019\u00e9bullition, ce sixi\u00e8me volet de la franchise d&rsquo;animation, r\u00e9alis\u00e9 par Carlos Saldanha, sera diffus\u00e9 dans les salles fran\u00e7aises d\u00e8s le 3 f\u00e9vrier 2027 et le 5 f\u00e9vrier aux \u00c9tats-Unis.<\/p>\n<p>Selon les premi\u00e8res \u00e9l\u00e9ments de sc\u00e9nario d\u00e9voil\u00e9s par Disney, ce nouveau long m\u00e9trage \u00ab\u00a0d\u00e9jant\u00e9 et plein de dinosaures et de lave\u00a0\u00bb racontera les aventures de \u00ab\u00a0Manny, Sid, Diego, Ellie, Scrat et toute la bande d\u2019animaux dans des recoins encore inexplor\u00e9s du dangereux Monde perdu\u00a0\u00bb.<\/p>\n<p>Un spin-off en 2022<\/p>\n<p>C\u00f4t\u00e9 casting Ray Romano, John Leguizamo et <a href=\"https:\/\/www.bfmtv.com\/people\/musique\/queen-latifah-un-biopic-produit-par-will-smith-est-en-preparation_AN-202409220304.html\" title=\"Queen Latifah: un biopic, produit par Will Smith, est en pr\u00e9paration\" class=\"internal_link\" rel=\"nofollow noopener\" target=\"_blank\">Queen Latifah<\/a> pr\u00eateront leur voix, en V.O. \u00e0 Manny, Sid et Ellie. En France, \u00c9lie Semoun, G\u00e9rard Lanvin et Vincent Cassel sont les voix de Sid, Manny et Diego.<\/p>\n<p>V\u00e9ritable succ\u00e8s en salles, L&rsquo;\u00c2ge de glace, dont le premier volet est sorti en 2002, a d\u00e9j\u00e0 connu 4 suites, avec L&rsquo;\u00c2ge de glace 2 en 2006, L&rsquo;\u00c2ge de glace 3: Le Temps des dinosaures en 2009, L&rsquo;\u00c2ge de glace 4: La D\u00e9rive des continents en 2012 et L&rsquo;\u00c2ge de glace: Les Lois de l&rsquo;Univers en 2016.<\/p>\n<p>En 2022, Disney, qui avait ferm\u00e9 un an plus t\u00f4t <a href=\"https:\/\/www.bfmtv.com\/people\/disney-ferme-les-studios-blue-sky-createurs-de-l-age-de-glace_AN-202102100225.html\" title=\"Disney ferme les studios Blue Sky, cr\u00e9ateurs de &quot;L&#039;\u00c2ge de glace&quot;\" class=\"internal_link\" rel=\"nofollow noopener\" target=\"_blank\">le studio Blue Sky<\/a>, \u00e0 l&rsquo;origine de la franchise, avait \u00e9galement sorti un spin-off intitul\u00e9 L&rsquo;\u00c2ge de glace: Les Aventures de Buck Wild centr\u00e9 sur le personnage Buck Wild, une belette borgne, apparue dans L&rsquo;\u00c2ge de glace 3.<\/p>\n","protected":false},"excerpt":{"rendered":"Intitul\u00e9 L\u2019\u00c2ge de Glace: le point d\u2019\u00e9bullition, ce sixi\u00e8me volet de la franchise d&rsquo;animation, r\u00e9alis\u00e9 par Carlos Saldanha,&hellip;\n","protected":false},"author":2,"featured_media":359106,"comment_status":"","ping_status":"","sticky":false,"template":"","format":"standard","meta":{"footnotes":""},"categories":[1354],"tags":[58,59,1346,1011,27,1360],"class_list":{"0":"post-359105","1":"post","2":"type-post","3":"status-publish","4":"format-standard","5":"has-post-thumbnail","7":"category-films","8":"tag-divertissement","9":"tag-entertainment","10":"tag-films","11":"tag-fr","12":"tag-france","13":"tag-movies"},"share_on_mastodon":{"url":"https:\/\/pubeurope.com\/@fr\/115130912208086469","error":""},"_links":{"self":[{"href":"https:\/\/www.europesays.com\/fr\/wp-json\/wp\/v2\/posts\/359105","targetHints":{"allow":["GET"]}}],"collection":[{"href":"https:\/\/www.europesays.com\/fr\/wp-json\/wp\/v2\/posts"}],"about":[{"href":"https:\/\/www.europesays.com\/fr\/wp-json\/wp\/v2\/types\/post"}],"author":[{"embeddable":true,"href":"https:\/\/www.europesays.com\/fr\/wp-json\/wp\/v2\/users\/2"}],"replies":[{"embeddable":true,"href":"https:\/\/www.europesays.com\/fr\/wp-json\/wp\/v2\/comments?post=359105"}],"version-history":[{"count":0,"href":"https:\/\/www.europesays.com\/fr\/wp-json\/wp\/v2\/posts\/359105\/revisions"}],"wp:featuredmedia":[{"embeddable":true,"href":"https:\/\/www.europesays.com\/fr\/wp-json\/wp\/v2\/media\/359106"}],"wp:attachment":[{"href":"https:\/\/www.europesays.com\/fr\/wp-json\/wp\/v2\/media?parent=359105"}],"wp:term":[{"taxonomy":"category","embeddable":true,"href":"https:\/\/www.europesays.com\/fr\/wp-json\/wp\/v2\/categories?post=359105"},{"taxonomy":"post_tag","embeddable":true,"href":"https:\/\/www.europesays.com\/fr\/wp-json\/wp\/v2\/tags?post=359105"}],"curies":[{"name":"wp","href":"https:\/\/api.w.org\/{rel}","templated":true}]}}