{"id":359109,"date":"2025-09-01T20:25:11","date_gmt":"2025-09-01T20:25:11","guid":{"rendered":"https:\/\/www.europesays.com\/fr\/359109\/"},"modified":"2025-09-01T20:25:11","modified_gmt":"2025-09-01T20:25:11","slug":"mercato-donnarumma-a-signe-son-contrat-avec-city","status":"publish","type":"post","link":"https:\/\/www.europesays.com\/fr\/359109\/","title":{"rendered":"Mercato \u2013 Donnarumma a sign\u00e9 son contrat avec City"},"content":{"rendered":"<p><img width=\"700\" height=\"350\" src=\"https:\/\/www.europesays.com\/fr\/wp-content\/uploads\/2025\/08\/Donnarumma-2.jpg\" class=\"attachment-jannah-image-post size-jannah-image-post wp-post-image\" alt=\"Donnarumma\" is_main_img=\"1\" decoding=\"async\" fetchpriority=\"high\"  \/><br \/>\n Image : psg.fr<\/p>\n<p>L\u2019officialisation ne devrait plus tarder. Gianluigi Donnarumma ne sera bient\u00f4t plus un joueur du PSG. Il a sign\u00e9 son contrat avec Manchester City.<\/p>\n<p><strong>Gianluigi Donnarumma<\/strong>, apr\u00e8s quatre ans sous le maillot du <strong>PSG<\/strong>, va officiellement s\u2019engager avec <strong>Manchester City<\/strong> dans les heures \u00e0 venir. L\u2019international italien, qui a trouver un accord avec les <a href=\"https:\/\/canal-supporters.com\/mercato-donnarumma-se-rapproche-de-manchester-city\/\" title=\"\" rel=\"nofollow noopener\" target=\"_blank\">Citizens<\/a> depuis plusieurs jours, a vu le <strong>PSG<\/strong> et le club anglais trouv\u00e9 un accord pour un transfert aux alentours des 35 millions d\u2019euros pour l\u2019ancien Milanais.<\/p>\n<p>A voir aussi : <a href=\"https:\/\/canal-supporters.com\/mercato-donnarumma-a-manchester-city-here-we-go\/\" title=\"\" rel=\"nofollow noopener\" target=\"_blank\">Mercato \u2013 Donnarumma \u00e0 Manchester City, Here we go !<\/a><\/p>\n<p><a href=\"https:\/\/x.com\/CanalSupporters\" target=\"_blank\" rel=\"noopener nofollow\" title=\"\">canalsupporters.com<\/a><\/p>\n<p>Un contrat \u00e0 long terme pour Donnarumma<\/p>\n<p>Encore sous contrat jusqu\u2019en juin 2026 avec le <strong>PSG<\/strong>, il a \u00e9t\u00e9 autoris\u00e9 \u00e0 voyager pour passer sa visite m\u00e9dicale pr\u00e9alable \u00e0 sa signature \u00e0 <strong>Manchester City<\/strong>. Une <a href=\"https:\/\/canal-supporters.com\/mercato-visite-medicale-prevue-pour-gianluigi-donnarumma\/\" title=\"\" rel=\"nofollow noopener\" target=\"_blank\">visite m\u00e9dicale<\/a> qu\u2019il a pass\u00e9e avec succ\u00e8s en Italie, lui qui a \u00e9t\u00e9 convoqu\u00e9 avec la s\u00e9lection italienne pour participer aux deux matches de Qualifications \u00e0 la <strong>Coupe du monde 2026<\/strong>. Ce lundi soir, <strong><a href=\"https:\/\/x.com\/FabrizioRomano\/status\/1962548379071717816\" target=\"_blank\" rel=\"noopener nofollow\" title=\"\">Fabrizio Romano<\/a><\/strong> indique que <strong>Gianluigi Donnarumma<\/strong> est officiellement un joueur de <strong>Manchester City<\/strong>. Il a en effet sign\u00e9 son futur contrat. L\u2019officialisation ne devrait donc plus trop tarder. Le journaliste sp\u00e9cialiste du mercato indique que le d\u00e9sormais ex-gardien du <strong>PSG<\/strong> a sign\u00e9 un contrat longue dur\u00e9e avec <strong>City<\/strong>, sans pr\u00e9ciser la dur\u00e9e de ce dernier.<\/p><\/p>\n","protected":false},"excerpt":{"rendered":"Image : psg.fr L\u2019officialisation ne devrait plus tarder. Gianluigi Donnarumma ne sera bient\u00f4t plus un joueur du PSG.&hellip;\n","protected":false},"author":2,"featured_media":321611,"comment_status":"","ping_status":"","sticky":false,"template":"","format":"standard","meta":{"footnotes":""},"categories":[9],"tags":[81,10006,787,13121,1011,27,10528,16662,16663,1434,1435,626,91,92,93,60,96],"class_list":{"0":"post-359109","1":"post","2":"type-post","3":"status-publish","4":"format-standard","5":"has-post-thumbnail","7":"category-sports","8":"tag-canal-supporters","9":"tag-city","10":"tag-cs","11":"tag-donnarumma","12":"tag-fr","13":"tag-france","14":"tag-gianluigi-donnarumma","15":"tag-man-city","16":"tag-manchester-city","17":"tag-mercato","18":"tag-mercato-psg","19":"tag-paris","20":"tag-paris-saint-germain","21":"tag-paris-sg","22":"tag-psg","23":"tag-sports","24":"tag-une"},"share_on_mastodon":{"url":"https:\/\/pubeurope.com\/@fr\/115130920057541590","error":""},"_links":{"self":[{"href":"https:\/\/www.europesays.com\/fr\/wp-json\/wp\/v2\/posts\/359109","targetHints":{"allow":["GET"]}}],"collection":[{"href":"https:\/\/www.europesays.com\/fr\/wp-json\/wp\/v2\/posts"}],"about":[{"href":"https:\/\/www.europesays.com\/fr\/wp-json\/wp\/v2\/types\/post"}],"author":[{"embeddable":true,"href":"https:\/\/www.europesays.com\/fr\/wp-json\/wp\/v2\/users\/2"}],"replies":[{"embeddable":true,"href":"https:\/\/www.europesays.com\/fr\/wp-json\/wp\/v2\/comments?post=359109"}],"version-history":[{"count":0,"href":"https:\/\/www.europesays.com\/fr\/wp-json\/wp\/v2\/posts\/359109\/revisions"}],"wp:featuredmedia":[{"embeddable":true,"href":"https:\/\/www.europesays.com\/fr\/wp-json\/wp\/v2\/media\/321611"}],"wp:attachment":[{"href":"https:\/\/www.europesays.com\/fr\/wp-json\/wp\/v2\/media?parent=359109"}],"wp:term":[{"taxonomy":"category","embeddable":true,"href":"https:\/\/www.europesays.com\/fr\/wp-json\/wp\/v2\/categories?post=359109"},{"taxonomy":"post_tag","embeddable":true,"href":"https:\/\/www.europesays.com\/fr\/wp-json\/wp\/v2\/tags?post=359109"}],"curies":[{"name":"wp","href":"https:\/\/api.w.org\/{rel}","templated":true}]}}