{"id":359110,"date":"2025-09-01T20:26:12","date_gmt":"2025-09-01T20:26:12","guid":{"rendered":"https:\/\/www.europesays.com\/fr\/359110\/"},"modified":"2025-09-01T20:26:12","modified_gmt":"2025-09-01T20:26:12","slug":"le-message-de-lea-salame-aux-telespectateurs-avant-douvrir-son-premier-20h-sur-france-2","status":"publish","type":"post","link":"https:\/\/www.europesays.com\/fr\/359110\/","title":{"rendered":"Le message de L\u00e9a Salam\u00e9 aux t\u00e9l\u00e9spectateurs avant d\u2019ouvrir son premier 20H sur France 2"},"content":{"rendered":"<p>        <img decoding=\"async\" loading=\"lazy\" src=\"https:\/\/www.europesays.com\/fr\/wp-content\/uploads\/2025\/09\/e84d50a_upload-1-8zcuahf3e2od-capture-da-a-cran-2025-09-01-212206.png\"  width=\"728\" height=\"410\" alt=\"L\u00e9a Salam\u00e9 a ouvert ce lundi 1er septembre au soir son tout premier JT de 20H sur France 2.\"\/>  <\/p>\n<p>France 2<\/p>\n<p>L\u00e9a Salam\u00e9 a ouvert ce lundi 1er septembre au soir son tout premier JT de 20H sur France 2.<\/p>\n<p class=\"asset asset-text\">M\u00c9DIAS &#8211; \u00ab\u00a0Madame, monsieur, bonsoir, bienvenue dans le 20H\u00a0\u00bb. Sobre, efficace, <a href=\"https:\/\/www.huffingtonpost.fr\/divertissement\/article\/20h-de-lea-salame-sur-france-2-on-en-sait-un-peu-plus-a-la-veille-de-la-grande-premiere_254218.html\" target=\"_blank\" rel=\"noopener\">L\u00e9a Salam\u00e9<\/a>, la nouvelle pr\u00e9sentatrice du journal du soir de France 2\u00a0apr\u00e8s le d\u00e9part d\u2019<a href=\"https:\/\/www.huffingtonpost.fr\/medias\/article\/anne-sophie-lapix-s-est-offert-une-petite-danse-en-direct-pour-ses-debuts-sur-rtl_253997.html\" target=\"_blank\" rel=\"noopener\">Anne-Sophie Lapix<\/a>, a sembl\u00e9 \u00e0 l\u2019aise avec ce nouvel exercice ce lundi 1er\u00a0septembre.<\/p>\n<p class=\"asset asset-text\">Avant de d\u00e9cliner les titres du journal t\u00e9l\u00e9vis\u00e9, l\u2019ex-star de France inter s\u2019est bri\u00e8vement adress\u00e9e aux t\u00e9l\u00e9spectateurs.<\/p>\n<p class=\"asset asset-text\">\u00ab\u00a0Je suis tr\u00e8s heureuse d\u2019\u00e9crire cette nouvelle page avec vous et avec la formidable r\u00e9daction de France T\u00e9l\u00e9visions pour vous informer, d\u00e9crypter l\u2019actualit\u00e9 partout en France et essayer, ensemble, de comprendre le monde tel qu\u2019il va\u00a0\u00bb, a d\u00e9clar\u00e9 la journaliste de 45\u00a0ans \u00e0 l\u2019adresse des Fran\u00e7ais derri\u00e8re leur t\u00e9l\u00e9vision.<\/p>\n<p> La lecture de ce contenu est susceptible d\u2019entra\u00eener un d\u00e9p\u00f4t de cookies de la part de l\u2019op\u00e9rateur tiers qui l\u2019h\u00e9berge. Compte-tenu des choix que vous avez exprim\u00e9s en mati\u00e8re de d\u00e9p\u00f4t de cookies, nous avons bloqu\u00e9 l\u2019affichage de ce contenu. Si vous souhaitez y acc\u00e9der, vous devez accepter la cat\u00e9gorie de cookies \u201cContenus tiers\u201d en cliquant sur le bouton ci-dessous. <\/p>\n<p> Lire la Vid\u00e9o            <\/p>\n<p class=\"asset asset-text\">Assise devant une large table circulaire, L\u00e9a\u00a0Salam\u00e9, dont l\u2019arriv\u00e9e aux manettes du 20H a \u00e9lectris\u00e9 la rentr\u00e9e t\u00e9l\u00e9, a ensuite d\u00e9taill\u00e9 des titres oscillant entre actualit\u00e9 nationale (les intemp\u00e9ries en France) et internationale (le brouillage GPS de l\u2019avion de la pr\u00e9sidente de la Commission europ\u00e9enne Ursula von\u00a0der\u00a0Leyen).<\/p>\n<p>                     Interview avec Michel-\u00c9douard Leclerc sur le prix de la rentr\u00e9e    <\/p>\n<p class=\"asset asset-text\">Sur un ton tr\u00e8s direct, elle a \u00e9galement promis des \u00ab\u00a0r\u00e9v\u00e9lations\u00a0\u00bb sur la corruption de fonctionnaires de justice par des trafiquants de drogue et a re\u00e7u en plateau Michel-\u00c9douard Leclerc, pr\u00e9sident du comit\u00e9 strat\u00e9gique du leader fran\u00e7ais des supermarch\u00e9s E.Leclerc, pour une interview autour du prix de la rentr\u00e9e scolaire.<\/p>\n<p class=\"asset asset-text\">Pilier de la matinale de France Inter, L\u00e9a\u00a0Salam\u00e9\u00a0avait annonc\u00e9 mi-juin son d\u00e9part surprise de la radio publique pour prendre les manettes du 20H de France 2, o\u00f9 elle conserve par ailleurs son talk-show hebdomadaire du samedi soir\u00a0Quelle \u00e9poque\u00a0!.\u00a0 La cha\u00eene du service public doit combler l\u2019\u00e9cart d\u2019audience qui s\u2019est creus\u00e9 avec le JT de TF1 pr\u00e9sent\u00e9 par Gilles Bouleau.<\/p>\n<p class=\"asset asset-text\">Compagne d\u2019un des leaders de la gauche, Rapha\u00ebl Glucksmann (Place publique), L\u00e9a\u00a0Salam\u00e9\u00a0a promis de se retirer de l\u2019antenne si son conjoint se lan\u00e7ait dans la course \u00e0 l\u2019\u00c9lys\u00e9e.<\/p>\n","protected":false},"excerpt":{"rendered":"France 2 L\u00e9a Salam\u00e9 a ouvert ce lundi 1er septembre au soir son tout premier JT de 20H&hellip;\n","protected":false},"author":2,"featured_media":359111,"comment_status":"","ping_status":"","sticky":false,"template":"","format":"standard","meta":{"footnotes":""},"categories":[8],"tags":[251,58,59,1011,27,2400,594,46279,3806,500],"class_list":{"0":"post-359110","1":"post","2":"type-post","3":"status-publish","4":"format-standard","5":"has-post-thumbnail","7":"category-divertissement","8":"tag-culture","9":"tag-divertissement","10":"tag-entertainment","11":"tag-fr","12":"tag-france","13":"tag-france-televisions","14":"tag-france-2","15":"tag-jt-20h","16":"tag-lea-salame","17":"tag-medias"},"share_on_mastodon":{"url":"https:\/\/pubeurope.com\/@fr\/115130924381717133","error":""},"_links":{"self":[{"href":"https:\/\/www.europesays.com\/fr\/wp-json\/wp\/v2\/posts\/359110","targetHints":{"allow":["GET"]}}],"collection":[{"href":"https:\/\/www.europesays.com\/fr\/wp-json\/wp\/v2\/posts"}],"about":[{"href":"https:\/\/www.europesays.com\/fr\/wp-json\/wp\/v2\/types\/post"}],"author":[{"embeddable":true,"href":"https:\/\/www.europesays.com\/fr\/wp-json\/wp\/v2\/users\/2"}],"replies":[{"embeddable":true,"href":"https:\/\/www.europesays.com\/fr\/wp-json\/wp\/v2\/comments?post=359110"}],"version-history":[{"count":0,"href":"https:\/\/www.europesays.com\/fr\/wp-json\/wp\/v2\/posts\/359110\/revisions"}],"wp:featuredmedia":[{"embeddable":true,"href":"https:\/\/www.europesays.com\/fr\/wp-json\/wp\/v2\/media\/359111"}],"wp:attachment":[{"href":"https:\/\/www.europesays.com\/fr\/wp-json\/wp\/v2\/media?parent=359110"}],"wp:term":[{"taxonomy":"category","embeddable":true,"href":"https:\/\/www.europesays.com\/fr\/wp-json\/wp\/v2\/categories?post=359110"},{"taxonomy":"post_tag","embeddable":true,"href":"https:\/\/www.europesays.com\/fr\/wp-json\/wp\/v2\/tags?post=359110"}],"curies":[{"name":"wp","href":"https:\/\/api.w.org\/{rel}","templated":true}]}}