{"id":359116,"date":"2025-09-01T20:29:11","date_gmt":"2025-09-01T20:29:11","guid":{"rendered":"https:\/\/www.europesays.com\/fr\/359116\/"},"modified":"2025-09-01T20:29:11","modified_gmt":"2025-09-01T20:29:11","slug":"armee-americaine-milices-tensions-diplomatiques-ce-que-lon-sait-du-bras-de-fer-entre-trump-et-maduro","status":"publish","type":"post","link":"https:\/\/www.europesays.com\/fr\/359116\/","title":{"rendered":"Arm\u00e9e am\u00e9ricaine, milices, tensions diplomatiques\u2026 Ce que l\u2019on sait du bras de fer entre Trump et Maduro"},"content":{"rendered":"<p>La tension entre <a href=\"https:\/\/www.20minutes.fr\/dossier\/washington\" target=\"_blank\" class=\"c-link c-link--is-underlined\" rel=\"noopener\">Washington<\/a> et Caracas a franchi un nouveau cap. Alors que les <a href=\"https:\/\/www.20minutes.fr\/monde\/etats-unis\/\" target=\"_blank\" class=\"c-link c-link--is-underlined\" rel=\"noopener\">Etats-Unis<\/a> ont d\u00e9ploy\u00e9 des navires de guerre au large du Venezuela sous pr\u00e9texte de lutte antidrogue, Nicol\u00e1s Maduro a d\u00e9nonc\u00e9 une \u00ab\u00a0menace\u00a0\u00bb militaire, brandissant la riposte arm\u00e9e. On vous dit tout sur ce conflit entre les deux pays.<\/p>\n<p>Pourquoi les Etats-Unis ont envoy\u00e9 des navires<\/p>\n<p>Sous couvert d\u2019une vaste op\u00e9ration contre le trafic international de <a href=\"https:\/\/www.20minutes.fr\/dossier\/trafic_de_drogue\" target=\"_blank\" class=\"c-link c-link--is-underlined\" rel=\"noopener\">drogue<\/a>, l\u2019administration de <a href=\"https:\/\/www.20minutes.fr\/dossier\/donald_trump\" target=\"_blank\" class=\"c-link c-link--is-underlined\" rel=\"noopener\">Donald Trump<\/a> a ordonn\u00e9 le d\u00e9ploiement de trois destroyers lance-missiles de classe Aegis dans les Cara\u00efbes, pr\u00e8s des c\u00f4tes v\u00e9n\u00e9zu\u00e9liennes. Selon plusieurs m\u00e9dias am\u00e9ricains, 4.000 Marines pourraient \u00e9galement rejoindre la zone.<\/p>\n<p>Washington a justifi\u00e9 cette d\u00e9monstration de force en accusant <a href=\"https:\/\/www.20minutes.fr\/dossier\/nicolas_maduro\" target=\"_blank\" class=\"c-link c-link--is-underlined\" rel=\"noopener\">Nicol\u00e1s Maduro<\/a> d\u2019\u00eatre \u00e0 la t\u00eate d\u2019un r\u00e9seau de <a href=\"https:\/\/www.20minutes.fr\/dossier\/narcotrafiquants\" target=\"_blank\" class=\"c-link c-link--is-underlined\" rel=\"noopener\">narcotrafic<\/a> connu sous le nom de \u00ab\u00a0Cartel des Soleils\u00a0\u00bb. La Maison-Blanche est all\u00e9e plus loin en qualifiant r\u00e9cemment le gouvernement v\u00e9n\u00e9zu\u00e9lien de \u00ab\u00a0cartel narcoterroriste\u00a0\u00bb, sa porte-parole Karoline Leavitt parlant d\u2019un \u00ab\u00a0chef fugitif\u00a0\u00bb pour d\u00e9signer Nicol\u00e1s Maduro.<\/p>\n<p>Miliciens et rh\u00e9torique guerri\u00e8re au Venezuela<\/p>\n<p>Face \u00e0 cette mont\u00e9e de la pression am\u00e9ricaine, Nicol\u00e1s Maduro a d\u00e9nonc\u00e9 \u00ab\u00a0la plus grande menace que notre continent ait connue au cours des 100 derni\u00e8res ann\u00e9es\u00a0\u00bb, \u00e9voquant \u00ab\u00a0huit <a href=\"https:\/\/www.20minutes.fr\/dossier\/armee_americaine\" target=\"_blank\" class=\"c-link c-link--is-underlined\" rel=\"noopener\">navires<\/a> avec 1.200 missiles et un <a href=\"https:\/\/www.20minutes.fr\/dossier\/sous-marin\" target=\"_blank\" class=\"c-link c-link--is-underlined\" rel=\"noopener\">sous-marin<\/a>\u00a0\u00bb point\u00e9s contre le Venezuela. Il accuse Washington de pr\u00e9parer un d\u00e9barquement et de vouloir orchestrer un \u00ab\u00a0changement de <a href=\"https:\/\/www.20minutes.fr\/dossier\/regime\" target=\"_blank\" class=\"c-link c-link--is-underlined\" rel=\"noopener\">r\u00e9gime<\/a>\u00a0\u00bb. \u00ab\u00a0Le Venezuela est pr\u00eat \u00e0 la lutte arm\u00e9e pour la d\u00e9fense du territoire national\u00a0\u00bb, a-t-il averti devant la presse internationale \u00e0 Caracas.<\/p>\n<\/p>\n<p>Le pr\u00e9sident v\u00e9n\u00e9zu\u00e9lien a affirm\u00e9 avoir mobilis\u00e9 des millions de miliciens\u00a0: \u00ab\u00a08,2\u00a0millions de miliciens\u00a0\u00bb selon ses d\u00e9clarations, un chiffre largement contest\u00e9 par les experts. Dans une autre allocution, il avait \u00e9voqu\u00e9 le d\u00e9ploiement de \u00ab\u00a04,5\u00a0millions de miliciens pour garantir la couverture de tout le territoire\u00a0\u00bb. Ces <a href=\"https:\/\/www.20minutes.fr\/monde\/civils\/\" target=\"_blank\" class=\"c-link c-link--is-underlined\" rel=\"noopener\">civils<\/a> enr\u00f4l\u00e9s sont cens\u00e9s \u00e9pauler l\u2019arm\u00e9e r\u00e9guli\u00e8re et s\u00e9curiser les zones sensibles.<\/p>\n<p>Un bras de fer politique et diplomatique<\/p>\n<p>Les relations entre Caracas et Washington sont rompues depuis\u00a02019, mais des \u00ab\u00a0canaux de conversation\u00a0\u00bb existaient encore en coulisses, selon Nicol\u00e1s Maduro. D\u00e9sormais, ces canaux seraient \u00ab\u00a0rompus\u00a0\u00bb. Le dirigeant socialiste accuse les Etats-Unis de recourir \u00e0 une \u00ab\u00a0pression <a href=\"https:\/\/www.20minutes.fr\/dossier\/militaire\" target=\"_blank\" class=\"c-link c-link--is-underlined\" rel=\"noopener\">militaire<\/a> maximale\u00a0\u00bb apr\u00e8s avoir mis en place une pression \u00e9conomique et diplomatique.<\/p>\n<p>\u00ab\u00a0Face \u00e0 la pression militaire maximale, nous avons d\u00e9clar\u00e9 la pr\u00e9paration maximale pour d\u00e9fendre le Venezuela\u00a0\u00bb, a-t-il d\u00e9clar\u00e9. Washington, de son c\u00f4t\u00e9, a r\u00e9cemment doubl\u00e9 la prime offerte pour toute information permettant l\u2019arrestation de Nicol\u00e1s Maduro, la portant \u00e0 50\u00a0millions de dollars.<\/p>\n<p>Quelles cons\u00e9quences pour la r\u00e9gion\u00a0?<\/p>\n<p>La confrontation d\u00e9passe le seul Venezuela. Cette situation illustre l\u2019intensification de la strat\u00e9gie am\u00e9ricaine de \u00ab\u00a0pression maximale\u00a0\u00bb en Am\u00e9rique latine, dans un contexte o\u00f9 Donald Trump a fait de la lutte contre le narcotrafic un axe majeur de sa politique int\u00e9rieure et ext\u00e9rieure. Pour Caracas, cette pression s\u2019apparente \u00e0 une tentative de d\u00e9stabilisation et \u00e0 une violation de sa souverainet\u00e9.<\/p>\n<p><a href=\"https:\/\/www.20minutes.fr\/monde\/venezuela\/\" target=\"_blank\" class=\"c-link c-btn c-btn--primary\" rel=\"noopener\">Notre dossier sur le Venezuela<\/a><\/p>\n<p>Nicol\u00e1s Maduro a martel\u00e9 que \u00ab\u00a0le Venezuela ne c\u00e9dera jamais face \u00e0 des chantages ni \u00e0 des menaces de quelque nature que ce soit\u00a0\u00bb, tout en mettant en garde Donald Trump contre l\u2019influence de certains responsables am\u00e9ricains qu\u2019il accuse de vouloir \u00ab\u00a0tacher ses mains de sang\u00a0\u00bb.<\/p>\n","protected":false},"excerpt":{"rendered":"La tension entre Washington et Caracas a franchi un nouveau cap. Alors que les Etats-Unis ont d\u00e9ploy\u00e9 des&hellip;\n","protected":false},"author":2,"featured_media":359117,"comment_status":"","ping_status":"","sticky":false,"template":"","format":"standard","meta":{"footnotes":""},"categories":[5],"tags":[47,11,5002,17274,75,73,1011,27,14,78,74,813,12,338,887,337,28],"class_list":{"0":"post-359116","1":"post","2":"type-post","3":"status-publish","4":"format-standard","5":"has-post-thumbnail","7":"category-international","8":"tag-actualite","9":"tag-actualites","10":"tag-amerique-latine","11":"tag-armee-americaine","12":"tag-donald-trump","13":"tag-etats-unis","14":"tag-fr","15":"tag-france","16":"tag-international","17":"tag-maison-blanche","18":"tag-monde","19":"tag-narcotrafiquants","20":"tag-news","21":"tag-nicolas-maduro","22":"tag-trafic-de-drogue","23":"tag-venezuela","24":"tag-world"},"share_on_mastodon":{"url":"https:\/\/pubeurope.com\/@fr\/115130935808824907","error":""},"_links":{"self":[{"href":"https:\/\/www.europesays.com\/fr\/wp-json\/wp\/v2\/posts\/359116","targetHints":{"allow":["GET"]}}],"collection":[{"href":"https:\/\/www.europesays.com\/fr\/wp-json\/wp\/v2\/posts"}],"about":[{"href":"https:\/\/www.europesays.com\/fr\/wp-json\/wp\/v2\/types\/post"}],"author":[{"embeddable":true,"href":"https:\/\/www.europesays.com\/fr\/wp-json\/wp\/v2\/users\/2"}],"replies":[{"embeddable":true,"href":"https:\/\/www.europesays.com\/fr\/wp-json\/wp\/v2\/comments?post=359116"}],"version-history":[{"count":0,"href":"https:\/\/www.europesays.com\/fr\/wp-json\/wp\/v2\/posts\/359116\/revisions"}],"wp:featuredmedia":[{"embeddable":true,"href":"https:\/\/www.europesays.com\/fr\/wp-json\/wp\/v2\/media\/359117"}],"wp:attachment":[{"href":"https:\/\/www.europesays.com\/fr\/wp-json\/wp\/v2\/media?parent=359116"}],"wp:term":[{"taxonomy":"category","embeddable":true,"href":"https:\/\/www.europesays.com\/fr\/wp-json\/wp\/v2\/categories?post=359116"},{"taxonomy":"post_tag","embeddable":true,"href":"https:\/\/www.europesays.com\/fr\/wp-json\/wp\/v2\/tags?post=359116"}],"curies":[{"name":"wp","href":"https:\/\/api.w.org\/{rel}","templated":true}]}}