{"id":359118,"date":"2025-09-01T20:30:12","date_gmt":"2025-09-01T20:30:12","guid":{"rendered":"https:\/\/www.europesays.com\/fr\/359118\/"},"modified":"2025-09-01T20:30:12","modified_gmt":"2025-09-01T20:30:12","slug":"jean-luc-melenchon-ne-compte-pas-aider-le-ps-a-decrocher-matignon-et-prefere-viser-emmanuel-macron","status":"publish","type":"post","link":"https:\/\/www.europesays.com\/fr\/359118\/","title":{"rendered":"Jean-Luc M\u00e9lenchon ne compte pas aider le PS \u00e0 d\u00e9crocher Matignon et pr\u00e9f\u00e8re viser Emmanuel Macron"},"content":{"rendered":"<p><strong>D\u00c9CRYPTAGE <\/strong>&#8211; Pour le chef des Insoumis, la gauche devrait uniquement se concentrer sur la d\u00e9mission du pr\u00e9sident, qu\u2019il consid\u00e8re comme le seul \u00ab\u00a0responsable de la pagaille\u00a0\u00bb. L\u2019Insoumis esp\u00e8re ainsi provoquer une pr\u00e9sidentielle anticip\u00e9e.<\/p>\n<p class=\"fig-paragraph\">L\u2019inverse aurait \u00e9t\u00e9 \u00e9tonnant, mais Jean-Luc M\u00e9lenchon l\u2019a tr\u00e8s vite confirm\u00e9. Il ne faudra pas compter sur La\u00a0France insoumise pour aider\u00a0<a href=\"http:\/\/www.lefigaro.fr\/politique\/le-president-peut-choisir-parmi-nous-le-parti-socialiste-formule-son-offre-de-service-a-emmanuel-macron-20250830\" data-fig-type=\"Article\" data-gtm-custom-categorie=\"navigation\" data-gtm-custom-action=\"crossclick\" data-gtm-custom-label=\"Contextuel\" data-gtm-event=\"customEventSPE\" data-fig-domain=\"LEFIGARO\" target=\"_blank\" rel=\"noopener\">le Parti socialiste \u00e0 d\u00e9crocher Matignon<\/a>\u00a0apr\u00e8s la chute quasi certaine de Fran\u00e7ois Bayrou le 8\u00a0septembre. Lors d\u2019une conf\u00e9rence devant les siens vendredi, le troisi\u00e8me homme de la derni\u00e8re pr\u00e9sidentielle a m\u00eame pr\u00e9venu que son mouvement \u00ab\u00a0ne soutiendrait aucun autre gouvernement\u00a0\u00bb que celui de LFI. Ce qui ouvre, de fait, la possibilit\u00e9 d\u2019une censure des d\u00e9put\u00e9s Insoumis, y compris donc contre un autre gouvernement de gauche que le leur.<\/p>\n<p class=\"fig-paragraph\">Sur France\u00a02, lundi matin,\u00a0<a href=\"http:\/\/www.lefigaro.fr\/politique\/nous-n-accorderons-pas-notre-confiance-lfi-compte-censurer-un-gouvernement-de-gauche-dirige-par-olivier-faure-20250901\" data-fig-type=\"NewsFlash\" data-gtm-custom-categorie=\"navigation\" data-gtm-custom-action=\"crossclick\" data-gtm-custom-label=\"Contextuel\" data-gtm-event=\"customEventSPE\" data-fig-domain=\"LEFIGARO\" target=\"_blank\" rel=\"noopener\">Mathilde Panot<\/a>\u00a0a ainsi laiss\u00e9 entendre que les siens n\u2019h\u00e9siteraient pas \u00e0 faire tomber un gouvernement port\u00e9 par Olivier Faure. La pr\u00e9sidente du groupe LFI consid\u00e8re que la d\u00e9signation du premier secr\u00e9taire du PS, ou d\u2019un autre socialiste, \u00e0 Matignon ne serait que le r\u00e9sultat d\u2019un \u00ab\u00a0bricolage\u00a0\u00bb avec les macronistes. De fait, en cas de gouvernement de gauche, seul un accord de \u00ab\u00a0non-censure\u00a0\u00bb\u2026<\/p>\n<p class=\"fig-premium-paywall__infos\">\n        Cet article est r\u00e9serv\u00e9 aux abonn\u00e9s.        Il vous reste 80% \u00e0 d\u00e9couvrir.\n    <\/p>\n<p>                <img  data- alt=\"Le Figaro\" class=\"fig-img--complete fig-img\"\/><\/p>\n<p class=\"fig-premium-paywall__title\">Vente Flash<\/p>\n<p class=\"fig-premium-paywall__subtitle\">4,99\u20ac par mois pendant 12 mois. Sans engagement<\/p>\n<p class=\"fig-premium-paywall__connect\">\n                D\u00e9j\u00e0 abonn\u00e9\u00a0?                <a class=\"fig-premium-paywall__connect-link\" href=\"https:\/\/connect.lefigaro.fr\/login?client=horizon_web&amp;type=main&amp;redirect_uri=https%3A%2F%2Fwww.lefigaro.fr%2Fpolitique%2Fjean-luc-melenchon-ne-compte-pas-aider-le-ps-a-decrocher-matignon-et-prefere-viser-emmanuel-macron-20250901\" data-js-gtm=\"{&quot;customCategorie&quot;: &quot;conversion&quot;, &quot;customAction&quot;: &quot;before_Landing_Connexion_paywall_auto&quot;, &quot;customLabel&quot;: &quot;bGVmaWdhcm8uZnJfXzFmMDg3MTgwLTg3YTQtNjU2YS04YWEwLWQ3Yjk0NDlkY2MwMF9fQXJ0aWNsZQ==_Jean-Luc M\u00e9lenchon ne compte pas aider le PS \u00e0 d\u00e9crocher Matignon et pr\u00e9f\u00e8re viser Emmanuel Macron_416&quot;, &quot;customIDSPE&quot;: &quot;bGVmaWdhcm8uZnJfXzFmMDg3MTgwLTg3YTQtNjU2YS04YWEwLWQ3Yjk0NDlkY2MwMF9fQXJ0aWNsZQ==&quot;, &quot;event&quot;: &quot;customEventSPE&quot;}\" target=\"_blank\" rel=\"noopener\"><br \/>\n                    Connectez-vous<br \/>\n                <\/a>\n            <\/p>\n","protected":false},"excerpt":{"rendered":"D\u00c9CRYPTAGE &#8211; Pour le chef des Insoumis, la gauche devrait uniquement se concentrer sur la d\u00e9mission du pr\u00e9sident,&hellip;\n","protected":false},"author":2,"featured_media":359119,"comment_status":"","ping_status":"","sticky":false,"template":"","format":"standard","meta":{"footnotes":""},"categories":[4],"tags":[11,1011,27,3081,2338,12,3541,25],"class_list":{"0":"post-359118","1":"post","2":"type-post","3":"status-publish","4":"format-standard","5":"has-post-thumbnail","7":"category-france","8":"tag-actualites","9":"tag-fr","10":"tag-france","11":"tag-jean-luc-melenchon","12":"tag-la-france-insoumise","13":"tag-news","14":"tag-parti-socialiste","15":"tag-republique-francaise"},"share_on_mastodon":{"url":"https:\/\/pubeurope.com\/@fr\/115130939740372522","error":""},"_links":{"self":[{"href":"https:\/\/www.europesays.com\/fr\/wp-json\/wp\/v2\/posts\/359118","targetHints":{"allow":["GET"]}}],"collection":[{"href":"https:\/\/www.europesays.com\/fr\/wp-json\/wp\/v2\/posts"}],"about":[{"href":"https:\/\/www.europesays.com\/fr\/wp-json\/wp\/v2\/types\/post"}],"author":[{"embeddable":true,"href":"https:\/\/www.europesays.com\/fr\/wp-json\/wp\/v2\/users\/2"}],"replies":[{"embeddable":true,"href":"https:\/\/www.europesays.com\/fr\/wp-json\/wp\/v2\/comments?post=359118"}],"version-history":[{"count":0,"href":"https:\/\/www.europesays.com\/fr\/wp-json\/wp\/v2\/posts\/359118\/revisions"}],"wp:featuredmedia":[{"embeddable":true,"href":"https:\/\/www.europesays.com\/fr\/wp-json\/wp\/v2\/media\/359119"}],"wp:attachment":[{"href":"https:\/\/www.europesays.com\/fr\/wp-json\/wp\/v2\/media?parent=359118"}],"wp:term":[{"taxonomy":"category","embeddable":true,"href":"https:\/\/www.europesays.com\/fr\/wp-json\/wp\/v2\/categories?post=359118"},{"taxonomy":"post_tag","embeddable":true,"href":"https:\/\/www.europesays.com\/fr\/wp-json\/wp\/v2\/tags?post=359118"}],"curies":[{"name":"wp","href":"https:\/\/api.w.org\/{rel}","templated":true}]}}