{"id":359132,"date":"2025-09-01T20:39:09","date_gmt":"2025-09-01T20:39:09","guid":{"rendered":"https:\/\/www.europesays.com\/fr\/359132\/"},"modified":"2025-09-01T20:39:09","modified_gmt":"2025-09-01T20:39:09","slug":"que-faisait-ce-vautour-esseule-au-milieu-de-la750","status":"publish","type":"post","link":"https:\/\/www.europesays.com\/fr\/359132\/","title":{"rendered":"que faisait ce vautour esseul\u00e9 au milieu de l&rsquo;A750 ?!"},"content":{"rendered":"<p>            Par<br \/>\n        <strong><br \/>\n            <a href=\"https:\/\/actu.fr\/auteur\/jm-aubert\" title=\"Consulter tous les articles de Jean-Marc Aubert\" rel=\"nofollow noopener\" target=\"_blank\">Jean-Marc Aubert<\/a><br \/>\n        <\/strong><\/p>\n<p>        Publi\u00e9 le<\/p>\n<p>            1 sept. 2025 \u00e0 20h18<br \/>\n        ; mis \u00e0 jour le 1 sept. 2025 \u00e0 20h19    <\/p>\n<p>Une pr\u00e9sence insolite : un magnifique https:\/\/actu.fr\/occitanie\/gignac_34114\/pres-de-montpellier-gignac-que-faisait-ce-vautour-esseule-au-milieu-de-l-a750_63103401.html<strong>vautour<\/strong> s\u2019est pos\u00e9 ce lundi sur l\u2019autoroute<strong> A750<\/strong> au niveau d\u2019une bretelle de <strong>Gignac<\/strong>, \u00e0 l\u2019ouest de Montpellier.<\/p>\n<p>    <a href=\"https:\/\/www.google.com\/maps\/embed?pb=!1m18!1m12!1m3!1d22380.70990864813!2d3.5931231500913245!3d43.62958290194924!2m3!1f0!2f0!3f0!3m2!1i1024!2i768!4f13.1!3m3!1m2!1s0x12b150c0ee6785ad%3A0xc7664d77e576b02f!2sA750!5e0!3m2!1sfr!2sfr!4v1756750663782!5m2!1sfr!2sfr\" title=\"Ouvrie le lien\" rel=\"nofollow noopener\" target=\"_blank\">Cliquez ici pour visualiser le contenu<\/a><\/p>\n<p class=\" wall-content\">Le grand rapace, visiblement en bonne sant\u00e9, a fait une halte inattendue au milieu des voies de l\u2019A750, suscitant surprise, interrogation et sourire des nombreux automobilistes. L\u2019un d\u2019eux a immortalis\u00e9 la sc\u00e8ne pour <strong>M\u00e9tropolitain<\/strong>.<\/p>\n<p class=\" wall-content\">Nullement inqui\u00e9t\u00e9 par la pr\u00e9sence de nombreux v\u00e9hicules, le vautour a ensuite repris son envol, vers une destination inconnue. Sans doute les gorges du Tarn, dans l\u2019Aveyron, o\u00f9 ils sont install\u00e9s depuis de nombreuses ann\u00e9es et o\u00f9 ils se reproduisent, \u00e0 quelques dizaines de kilom\u00e8tres \u00e0 peine \u00e0 vol\u2026 de rapace !\u00a0<\/p>\n<p class=\" wall-content\">Est-ce ce m\u00eame vautour qui a fait sensation, quelques heures plus t\u00f4t dans des rues de Millau ? Peut-\u00eatre. S\u2019il s\u2019agit du m\u00eame grand oiseau, c\u2019est incontestablement un vautour voyageur, curieux de se rapprocher des humains. Dans le pass\u00e9, un vautour fauve avait \u00e9t\u00e9 secouru en \u00e9tat de faiblesse par les sapeurs-pompiers du Sdis 34.<\/p>\n<p class=\" wall-content\">Personnalisez votre actualit\u00e9 en ajoutant vos villes et m\u00e9dias en favori avec <a href=\"https:\/\/moncompte.actu.fr\" title=\"D\u00e9couvez Mon Actu\" rel=\"nofollow noopener\" data-trk=\"{&quot;cta&quot;:{&quot;action&quot;:&quot;https:\\\/\\\/moncompte.actu.fr&quot;,&quot;category&quot;:&quot;mon compte&quot;,&quot;from&quot;:&quot;article footer&quot;,&quot;name&quot;:&quot;Mon actu&quot;,&quot;type&quot;:&quot;cta&quot;}}\" target=\"_blank\">Mon Actu<\/a>.<\/p>\n","protected":false},"excerpt":{"rendered":"Par Jean-Marc Aubert Publi\u00e9 le 1 sept. 2025 \u00e0 20h18 ; mis \u00e0 jour le 1 sept. 2025&hellip;\n","protected":false},"author":2,"featured_media":359133,"comment_status":"","ping_status":"","sticky":false,"template":"","format":"standard","meta":{"footnotes":""},"categories":[9599],"tags":[1111,11,1777,674,1011,27,1757,2208,12,2680,25],"class_list":{"0":"post-359132","1":"post","2":"type-post","3":"status-publish","4":"format-standard","5":"has-post-thumbnail","7":"category-montpellier","8":"tag-actu","9":"tag-actualites","10":"tag-eu","11":"tag-europe","12":"tag-fr","13":"tag-france","14":"tag-insolite","15":"tag-montpellier","16":"tag-news","17":"tag-occitanie","18":"tag-republique-francaise"},"share_on_mastodon":{"url":"https:\/\/pubeurope.com\/@fr\/115130975183117798","error":""},"_links":{"self":[{"href":"https:\/\/www.europesays.com\/fr\/wp-json\/wp\/v2\/posts\/359132","targetHints":{"allow":["GET"]}}],"collection":[{"href":"https:\/\/www.europesays.com\/fr\/wp-json\/wp\/v2\/posts"}],"about":[{"href":"https:\/\/www.europesays.com\/fr\/wp-json\/wp\/v2\/types\/post"}],"author":[{"embeddable":true,"href":"https:\/\/www.europesays.com\/fr\/wp-json\/wp\/v2\/users\/2"}],"replies":[{"embeddable":true,"href":"https:\/\/www.europesays.com\/fr\/wp-json\/wp\/v2\/comments?post=359132"}],"version-history":[{"count":0,"href":"https:\/\/www.europesays.com\/fr\/wp-json\/wp\/v2\/posts\/359132\/revisions"}],"wp:featuredmedia":[{"embeddable":true,"href":"https:\/\/www.europesays.com\/fr\/wp-json\/wp\/v2\/media\/359133"}],"wp:attachment":[{"href":"https:\/\/www.europesays.com\/fr\/wp-json\/wp\/v2\/media?parent=359132"}],"wp:term":[{"taxonomy":"category","embeddable":true,"href":"https:\/\/www.europesays.com\/fr\/wp-json\/wp\/v2\/categories?post=359132"},{"taxonomy":"post_tag","embeddable":true,"href":"https:\/\/www.europesays.com\/fr\/wp-json\/wp\/v2\/tags?post=359132"}],"curies":[{"name":"wp","href":"https:\/\/api.w.org\/{rel}","templated":true}]}}