{"id":359134,"date":"2025-09-01T20:40:16","date_gmt":"2025-09-01T20:40:16","guid":{"rendered":"https:\/\/www.europesays.com\/fr\/359134\/"},"modified":"2025-09-01T20:40:16","modified_gmt":"2025-09-01T20:40:16","slug":"un-centre-de-formation-qui-na-jamais-ete-aussi-fort-depuis-2020-le-mhr-poursuit-son-plan-de-succession","status":"publish","type":"post","link":"https:\/\/www.europesays.com\/fr\/359134\/","title":{"rendered":"\u00ab\u00a0Un centre de formation qui n\u2019a jamais \u00e9t\u00e9 aussi fort depuis 2020\u00a0\u00bb\u00a0: le MHR poursuit son plan de succession"},"content":{"rendered":"<p>\n                                                                Le MHR s\u2019est renforc\u00e9 au sein de son centre de formation. Entre recrutement et structuration, le club montpelli\u00e9rain souhaite retrouver sa r\u00e9ussite d\u2019antan.\n                            <\/p>\n<p>En plus d\u2019avoir conserv\u00e9 <a href=\"https:\/\/www.midilibre.fr\/2025\/08\/18\/excellente-nouvelle-pour-montpellier-qui-prolonge-son-troisieme-ligne-international-lenni-nouchi-jusquen-2028-12882326.php\" target=\"_blank\" rel=\"nofollow noopener\">Lenni Nouchi <\/a>et <a href=\"https:\/\/www.midilibre.fr\/2025\/08\/22\/un-reve-de-gosse-pas-envie-de-faire-36-clubs-baptiste-erdocio-raconte-sa-tournee-chez-les-all-blacks-et-sa-prolongation-au-mhr-12886776.php\" target=\"_blank\" rel=\"nofollow noopener\">Baptiste Erdocio<\/a>, deux de ses meilleurs jeunes pour l\u2019avenir, le <a href=\"https:\/\/www.midilibre.fr\/sport\/rugby-xv\/montpellier-hr\/\" target=\"_blank\" rel=\"nofollow noopener\">MHR <\/a>continue sa progression sur d\u2019autres terrains, notamment celui de la formation. Cet \u00e9t\u00e9, plusieurs joueurs \u00e0 fort potentiel se sont engag\u00e9s au centre de formation montpelli\u00e9rain, dont des internationaux fran\u00e7ais chez les jeunes comme Ilan Leblanc-Feron (pilier), Melvyn Rates (arri\u00e8re), Antonio Ratavo (talonneur) ou Sacha Joncart (deuxi\u00e8me ligne).<\/p>\n<p class=\"std-elt__inline\">\n        <strong>\u00c0 lire aussi :<\/strong><br \/>\n        <a href=\"https:\/\/www.midilibre.fr\/2025\/08\/31\/lennox-anyawu-le-patient-centre-anglais-fait-forte-impression-au-sein-du-mhr-avant-de-decouvrir-le-top-14-12901679.php\" rel=\"nofollow noopener\" target=\"_blank\">Lennox Anyawu, le patient centre anglais, fait forte impression au sein du MHR avant de d\u00e9couvrir le Top 14<\/a>\n    <\/p>\n<p>Le troisi\u00e8me ligne Rapha\u00ebl Audebert, fils d\u2019Alexandre (ancien troisi\u00e8me ligne de Clermont), deux avants fidjiens aux dimensions impressionnantes, <a href=\"https:\/\/www.midilibre.fr\/2025\/08\/11\/video-mhr-lessai-magnifique-et-en-solitaire-du-fils-de-caucaunibuca-contre-nimes-recrute-par-montpellier-cet-ete-12870692.php\" target=\"_blank\" rel=\"nofollow noopener\">Rupeni Caucaunibuca Junior<\/a>\u2026 Le MHR a fait le boulot cet \u00e9t\u00e9. Son plan de succession suit son cours, boost\u00e9 par les performances du talonneur Lyam Akrab (19 ans), international U20 et meilleur joueur fran\u00e7ais du dernier Tournoi des 6 Nations, ou du deuxi\u00e8me ligne Youssouf Soucouna (19 ans).<\/p>\n<p>\u00ab\u00a0Depuis le d\u00e9but de l\u2019intersaison, les pr\u00e9parateurs physiques sont hyper contents de ce qu\u2019ils voient chez les jeunes. \u00c7a r\u00e9compense l\u2019investissement du club et surtout du pr\u00e9sident depuis deux ans, qui mise beaucoup sur la formation, vraiment\u00a0\u00bb, assure Damien Bruno, un des porteurs du projet de succession avec Damien Florio, responsable sportif du centre de formation.<\/p>\n<p>\u00ab\u00a0Notre CDF, un des plus gros de France\u00a0\u00bb<\/p>\n<p>\u00ab\u00a0On a un centre de formation qui n\u2019a jamais \u00e9t\u00e9 aussi fort depuis que je suis revenu, en 2020. Je veux qu\u2019il redevienne ce qu\u2019il \u00e9tait avant, capable de sortir des grands, voire des tr\u00e8s grands joueurs. Et je pense qu\u2019on en est capable, vu les moyens mis en place par notre pr\u00e9sident sur la formation, sur les moyens humains, d\u2019entra\u00eenement\u2026 Aujourd\u2019hui, on a un centre de formation qui, en termes de staff, est vraiment un des plus gros de France\u00a0\u00bb, glisse le manager Joan Caudullo, pass\u00e9 par l\u2019encadrement de l\u2019\u00e9quipe de France U19 il y a deux ans.<\/p>\n<p>Ce dernier a aussi fait revenir des joueurs form\u00e9s \u00e0 Montpellier, comme Matthieu Uhila (deuxi\u00e8me ligne, Vannes), Alex Masibaka (troisi\u00e8me ligne, Soyaux-Angoul\u00eame), Karl Martin (centre, Aurillac) et\u00a0Valentin Welsch (pilier, Aurillac), tous \u00e2g\u00e9s de moins de 23 ans et qui se sont aguerris en Pro D2 ces derni\u00e8res saisons.<\/p>\n<p>La \u201ccapsule\u201d, un groupe de douze joueurs espoirs \u00e0 fort potentiel\u00a0pilot\u00e9e par Jess Mogg, continue de se d\u00e9velopper.<\/p>\n<p>Cette saison, le club esp\u00e8re de nouveau jouer les premiers r\u00f4les chez les jeunes. Et pourquoi pas d\u00e9couvrir des nouveaux Trinh-Duc, Ouedraogo, Picamoles, Vincent\u2026<\/p>\n","protected":false},"excerpt":{"rendered":"Le MHR s\u2019est renforc\u00e9 au sein de son centre de formation. Entre recrutement et structuration, le club montpelli\u00e9rain&hellip;\n","protected":false},"author":2,"featured_media":359135,"comment_status":"","ping_status":"","sticky":false,"template":"","format":"standard","meta":{"footnotes":""},"categories":[9599],"tags":[1111,11,1777,674,1011,27,2208,12,2680,25],"class_list":{"0":"post-359134","1":"post","2":"type-post","3":"status-publish","4":"format-standard","5":"has-post-thumbnail","7":"category-montpellier","8":"tag-actu","9":"tag-actualites","10":"tag-eu","11":"tag-europe","12":"tag-fr","13":"tag-france","14":"tag-montpellier","15":"tag-news","16":"tag-occitanie","17":"tag-republique-francaise"},"share_on_mastodon":{"url":"https:\/\/pubeurope.com\/@fr\/115130979007323817","error":""},"_links":{"self":[{"href":"https:\/\/www.europesays.com\/fr\/wp-json\/wp\/v2\/posts\/359134","targetHints":{"allow":["GET"]}}],"collection":[{"href":"https:\/\/www.europesays.com\/fr\/wp-json\/wp\/v2\/posts"}],"about":[{"href":"https:\/\/www.europesays.com\/fr\/wp-json\/wp\/v2\/types\/post"}],"author":[{"embeddable":true,"href":"https:\/\/www.europesays.com\/fr\/wp-json\/wp\/v2\/users\/2"}],"replies":[{"embeddable":true,"href":"https:\/\/www.europesays.com\/fr\/wp-json\/wp\/v2\/comments?post=359134"}],"version-history":[{"count":0,"href":"https:\/\/www.europesays.com\/fr\/wp-json\/wp\/v2\/posts\/359134\/revisions"}],"wp:featuredmedia":[{"embeddable":true,"href":"https:\/\/www.europesays.com\/fr\/wp-json\/wp\/v2\/media\/359135"}],"wp:attachment":[{"href":"https:\/\/www.europesays.com\/fr\/wp-json\/wp\/v2\/media?parent=359134"}],"wp:term":[{"taxonomy":"category","embeddable":true,"href":"https:\/\/www.europesays.com\/fr\/wp-json\/wp\/v2\/categories?post=359134"},{"taxonomy":"post_tag","embeddable":true,"href":"https:\/\/www.europesays.com\/fr\/wp-json\/wp\/v2\/tags?post=359134"}],"curies":[{"name":"wp","href":"https:\/\/api.w.org\/{rel}","templated":true}]}}