{"id":359143,"date":"2025-09-01T20:45:15","date_gmt":"2025-09-01T20:45:15","guid":{"rendered":"https:\/\/www.europesays.com\/fr\/359143\/"},"modified":"2025-09-01T20:45:15","modified_gmt":"2025-09-01T20:45:15","slug":"facturation-electronique-une-opportunite-a-saisir","status":"publish","type":"post","link":"https:\/\/www.europesays.com\/fr\/359143\/","title":{"rendered":"Facturation \u00e9lectronique : une opportunit\u00e9 \u00e0 saisir"},"content":{"rendered":"<p>\u00c0 partir de 2026,\u00a0toutes les entreprises \u2013 quelle que soit leur taille \u2013 devront passer \u00e0 la facturation \u00e9lectronique.<\/p>\n<p>Pour pr\u00e9parer cette \u00e9ch\u00e9ance et en faire un levier de performance, la CCI du Morbihan, en partenariat avec la Direction g\u00e9n\u00e9rale des Finances publiques et l\u2019Ordre des experts-comptables de Bretagne, propose une matinale d\u2019information le lundi 8 septembre de 8h30 \u00e0 11h30, \u00e0 la CCI du Morbihan \u00e0 Lorient.<\/p>\n<p>Les raisons d\u2019y participer sont plurielles :<\/p>\n<p>\u2705 Pour comprendre ce qui va vraiment changer (et ce que vous avez \u00e0 y gagner)<br \/>\u2705 Pour optimiser votre organisation et vos flux comptables<\/p>\n<p>\u2705 Pour pr\u00e9parer votre entreprise d\u00e8s maintenant, en toute s\u00e9r\u00e9nit\u00e9<br \/>\u2705 Pour poser vos questions en direct aux experts qui pilotent la r\u00e9forme<\/p>\n<p>Atelier gratuit, sur inscription<\/p>\n","protected":false},"excerpt":{"rendered":"\u00c0 partir de 2026,\u00a0toutes les entreprises \u2013 quelle que soit leur taille \u2013 devront passer \u00e0 la facturation&hellip;\n","protected":false},"author":2,"featured_media":359144,"comment_status":"","ping_status":"","sticky":false,"template":"","format":"standard","meta":{"footnotes":""},"categories":[2821],"tags":[1111,11,829,1777,674,1011,27,12,584,25],"class_list":{"0":"post-359143","1":"post","2":"type-post","3":"status-publish","4":"format-standard","5":"has-post-thumbnail","7":"category-rennes","8":"tag-actu","9":"tag-actualites","10":"tag-bretagne","11":"tag-eu","12":"tag-europe","13":"tag-fr","14":"tag-france","15":"tag-news","16":"tag-rennes","17":"tag-republique-francaise"},"share_on_mastodon":{"url":"https:\/\/pubeurope.com\/@fr\/115130998742875899","error":""},"_links":{"self":[{"href":"https:\/\/www.europesays.com\/fr\/wp-json\/wp\/v2\/posts\/359143","targetHints":{"allow":["GET"]}}],"collection":[{"href":"https:\/\/www.europesays.com\/fr\/wp-json\/wp\/v2\/posts"}],"about":[{"href":"https:\/\/www.europesays.com\/fr\/wp-json\/wp\/v2\/types\/post"}],"author":[{"embeddable":true,"href":"https:\/\/www.europesays.com\/fr\/wp-json\/wp\/v2\/users\/2"}],"replies":[{"embeddable":true,"href":"https:\/\/www.europesays.com\/fr\/wp-json\/wp\/v2\/comments?post=359143"}],"version-history":[{"count":0,"href":"https:\/\/www.europesays.com\/fr\/wp-json\/wp\/v2\/posts\/359143\/revisions"}],"wp:featuredmedia":[{"embeddable":true,"href":"https:\/\/www.europesays.com\/fr\/wp-json\/wp\/v2\/media\/359144"}],"wp:attachment":[{"href":"https:\/\/www.europesays.com\/fr\/wp-json\/wp\/v2\/media?parent=359143"}],"wp:term":[{"taxonomy":"category","embeddable":true,"href":"https:\/\/www.europesays.com\/fr\/wp-json\/wp\/v2\/categories?post=359143"},{"taxonomy":"post_tag","embeddable":true,"href":"https:\/\/www.europesays.com\/fr\/wp-json\/wp\/v2\/tags?post=359143"}],"curies":[{"name":"wp","href":"https:\/\/api.w.org\/{rel}","templated":true}]}}