{"id":359145,"date":"2025-09-01T20:46:11","date_gmt":"2025-09-01T20:46:11","guid":{"rendered":"https:\/\/www.europesays.com\/fr\/359145\/"},"modified":"2025-09-01T20:46:11","modified_gmt":"2025-09-01T20:46:11","slug":"brest-lorient-rennes-guingamp-le-bilan-du-mercato-des-clubs-bretons","status":"publish","type":"post","link":"https:\/\/www.europesays.com\/fr\/359145\/","title":{"rendered":"Brest, Lorient, Rennes, Guingamp\u00a0: le bilan du mercato des clubs bretons"},"content":{"rendered":"<p>1 Stade Brestois : le milieu de terrain renforc\u00e9<\/p>\n<p>Au lendemain de l\u2019officialisation de R\u00e9my Labeau Lascary et Path\u00e9 Mboup, le Stade Brestois a annonc\u00e9, lundi, l\u2019arriv\u00e9e du milieu de terrain Eric-Junior Dina-Ebimbe en provenance de l\u2019Eintracht Francfort sous la forme d\u2019un pr\u00eat avec option d\u2019achat.<\/p>\n<p>Cinq ans apr\u00e8s son d\u00e9part de l\u2019Olympique Lyonnais pour l\u2019Allemagne, le milieu de terrain Lucas Tousart a sign\u00e9 pour deux saisons. C\u00f4t\u00e9 d\u00e9parts, Axel Camblan est pr\u00eat\u00e9 pour un an \u00e0 Clermont (Ligue 2) et Hianga\u2019a Mbock s\u2019est engag\u00e9 pour deux saisons avec Grenoble (Ligue 2).<\/p>\n<p class=\"note\">\ufeffTous les mouvements du Stade Brestois \u00e0 retrouver <a href=\"https:\/\/www.letelegramme.fr\/sports\/football\/stade-brestois\/mercato-stade-brestois-tous-les-transferts-arrivees-et-departs-du-club-pendant-lete-2025-6836850.php\" target=\"_blank\" rel=\"noopener\">ici.<\/a><\/p>\n<p>2 FC Lorient : deux retours pour la d\u00e9fense<\/p>\n<p>Le gardien Yvon Mvogo est de retour \u00e0 Lorient\u2026 trois mois apr\u00e8s avoir quitt\u00e9 le club. Il a sign\u00e9 pour deux saisons. Le d\u00e9fenseur central Bamo Me\u00eft\u00e9 est pr\u00eat\u00e9, avec option d\u2019achat, par l\u2019Olympique de Marseille pour la saison. Il \u00e9tait d\u00e9j\u00e0 pass\u00e9 dans le Morbihan, de 2021 \u00e0 2024.<\/p>\n<p>Autre recrue, l\u2019Anglais Trevan Sanusi en provenance de Newcastle. L\u2019ailier gauche de 18 ans est pr\u00eat\u00e9 pour une saison. Comme attendu, Formose Mendy a quitt\u00e9 le FC Lorient. Il a rejoint Watford (D2 anglaise) sous la forme d\u2019un pr\u00eat payant avec option d\u2019achat.<\/p>\n<p class=\"note\">\ufeffTous les mouvements du FC Lorient \u00e0 retrouver<a href=\"https:\/\/www.letelegramme.fr\/sports\/football\/fc-lorient\/mercato-fc-lorient-tous-les-transferts-arrivees-et-departs-du-club-pendant-lete-2025-6836754.php\" target=\"_blank\" rel=\"noopener\"> ici.<\/a><\/p>\n<p>3 Stade Rennais : cinq nouveaux d\u00e9parts, l\u2019attaquant tant attendu est arriv\u00e9<\/p>\n<p>Plusieurs d\u00e9parts c\u00f4t\u00e9 rennais : le Suisse Fabian Rieder s\u2019est engag\u00e9 avec Augsbourg (Allemagne), le d\u00e9fenseur Mikayil Faye est pr\u00eat\u00e9 \u00e0 Cremonese (Italie), Ibrahim Salah est transf\u00e9r\u00e9 au FC B\u00e2le, et le milieu offensif Ayanda Sishuba rejoint Montpellier (Ligue 2), en pr\u00eat. Enfin, Jordan James a rejoint Leicester (D2 anglaise) en pr\u00eat. Dans le sens des arriv\u00e9es, Breel Embolo est finalement arriv\u00e9, officialis\u00e9 en fin de journ\u00e9e.<\/p>\n<p class=\"note\">Tous les mouvements du Stade Rennais \u00e0 retrouver<a href=\"https:\/\/www.letelegramme.fr\/sports\/football\/stade-rennais\/mercato-stade-rennais-tous-les-transferts-arrivees-et-departs-du-club-pendant-lete-2025-6836795.php\" target=\"_blank\" rel=\"noopener\"> ici.<\/a><\/p>\n<p>4 En Avant Guingamp : une arriv\u00e9e, pas (encore) de d\u00e9part<\/p>\n<p>Lundi, En Avant Guingamp a recrut\u00e9 l\u2019attaquant excentr\u00e9 qui lui manquait pour doubler les postes : Freddy Mbemba (22 ans) a rejoint les C\u00f4tes-d\u2019Armor en provenance de Charleroi (Belgique) sous la forme d\u2019un pr\u00eat sans option d\u2019achat.<\/p>\n<p>C\u00f4t\u00e9 d\u00e9part, en revanche, aucun des trois \u00e9l\u00e9ments disposant d\u2019un bon de sortie (Alpha Sissoko, Kalidou Sidib\u00e9, Jacques Siwe) n\u2019a trouv\u00e9 un point de chute. Ces derniers n\u2019ont d\u2019autre choix, d\u00e9sormais, que de s\u2019orienter vers des march\u00e9s encore ouverts (Turquie, Belgique, Gr\u00e8ce, Russie, Qatar\u2026).<\/p>\n<p class=\"note\">Tous les mouvements d\u2019En Avant Guingamp \u00e0 retrouver<a href=\"https:\/\/www.letelegramme.fr\/sports\/football\/guingamp\/mercato-ea-guingamp-tous-les-transferts-arrivees-et-departs-du-club-pendant-lete-2025-6836761.php\" target=\"_blank\" rel=\"noopener\"> ici.<\/a><\/p>\n","protected":false},"excerpt":{"rendered":"1 Stade Brestois : le milieu de terrain renforc\u00e9 Au lendemain de l\u2019officialisation de R\u00e9my Labeau Lascary et&hellip;\n","protected":false},"author":2,"featured_media":359146,"comment_status":"","ping_status":"","sticky":false,"template":"","format":"standard","meta":{"footnotes":""},"categories":[2821],"tags":[1111,11,3450,829,9594,1777,674,3317,63,1011,27,4044,66,446,1781,38331,23838,30393,33136,24138,12,584,25,60,4449,3087],"class_list":{"0":"post-359145","1":"post","2":"type-post","3":"status-publish","4":"format-standard","5":"has-post-thumbnail","7":"category-rennes","8":"tag-actu","9":"tag-actualites","10":"tag-brest","11":"tag-bretagne","12":"tag-en-avant-guingamp","13":"tag-eu","14":"tag-europe","15":"tag-fc-lorient","16":"tag-football","17":"tag-fr","18":"tag-france","19":"tag-guingamp","20":"tag-ligue-1","21":"tag-ligue-2","22":"tag-lorient","23":"tag-mercato-eag","24":"tag-mercato-fc-lorient","25":"tag-mercato-pro","26":"tag-mercato-stade-brestois","27":"tag-mercato-stade-rennais","28":"tag-news","29":"tag-rennes","30":"tag-republique-francaise","31":"tag-sports","32":"tag-stade-brestois","33":"tag-stade-rennais"},"share_on_mastodon":{"url":"https:\/\/pubeurope.com\/@fr\/115131002689581396","error":""},"_links":{"self":[{"href":"https:\/\/www.europesays.com\/fr\/wp-json\/wp\/v2\/posts\/359145","targetHints":{"allow":["GET"]}}],"collection":[{"href":"https:\/\/www.europesays.com\/fr\/wp-json\/wp\/v2\/posts"}],"about":[{"href":"https:\/\/www.europesays.com\/fr\/wp-json\/wp\/v2\/types\/post"}],"author":[{"embeddable":true,"href":"https:\/\/www.europesays.com\/fr\/wp-json\/wp\/v2\/users\/2"}],"replies":[{"embeddable":true,"href":"https:\/\/www.europesays.com\/fr\/wp-json\/wp\/v2\/comments?post=359145"}],"version-history":[{"count":0,"href":"https:\/\/www.europesays.com\/fr\/wp-json\/wp\/v2\/posts\/359145\/revisions"}],"wp:featuredmedia":[{"embeddable":true,"href":"https:\/\/www.europesays.com\/fr\/wp-json\/wp\/v2\/media\/359146"}],"wp:attachment":[{"href":"https:\/\/www.europesays.com\/fr\/wp-json\/wp\/v2\/media?parent=359145"}],"wp:term":[{"taxonomy":"category","embeddable":true,"href":"https:\/\/www.europesays.com\/fr\/wp-json\/wp\/v2\/categories?post=359145"},{"taxonomy":"post_tag","embeddable":true,"href":"https:\/\/www.europesays.com\/fr\/wp-json\/wp\/v2\/tags?post=359145"}],"curies":[{"name":"wp","href":"https:\/\/api.w.org\/{rel}","templated":true}]}}