{"id":359155,"date":"2025-09-01T20:51:29","date_gmt":"2025-09-01T20:51:29","guid":{"rendered":"https:\/\/www.europesays.com\/fr\/359155\/"},"modified":"2025-09-01T20:51:29","modified_gmt":"2025-09-01T20:51:29","slug":"permanence-dans-le-cadre-de-lenquete-publique","status":"publish","type":"post","link":"https:\/\/www.europesays.com\/fr\/359155\/","title":{"rendered":"Permanence dans le cadre de l&rsquo;enqu\u00eate publique"},"content":{"rendered":"<p>Lundi 08 septembre 2025<\/p>\n<p>de 14h00 \u00e0 17h00<\/p>\n<p>Le Sch\u00e9ma de Coh\u00e9rence Territoriale vise \u00e0 organiser les besoins futurs des habitants d\u2019ici \u00e0 2050 tout en pr\u00e9servant l\u2019environnement et en anticipant les cons\u00e9quences du d\u00e9r\u00e8glement climatique sur l\u2019ensemble des communes membres.<\/p>\n<p>Le projet de SCoT (Sch\u00e9ma de Coh\u00e9rence Territoriale) a associ\u00e9 les \u00e9lus de Nantes m\u00e9tropole, Saint-Nazaire agglom\u00e9ration, des Communaut\u00e9s de communes d\u2019Erdre et Gesvres, d\u2019Estuaire et Sillon et de Pays de Blain Communaut\u00e9, intercommunalit\u00e9s qui composent le P\u00f4le m\u00e9tropolitain Nantes-Saint-Nazaire, ainsi que les partenaires institutionnels, la soci\u00e9t\u00e9 civile organis\u00e9e, les acteurs de la fabrique territoriale dans leur diversit\u00e9 et plus g\u00e9n\u00e9ralement les citoyens.<\/p>\n<p><strong>Ce projet est soumis \u00e0 enqu\u00eate publique, du 25 ao\u00fbt au 30 septembre 2025.<\/strong> Deux possibilit\u00e9s sont ouvertes pour consulter le dossier d\u2019enqu\u00eate et apporter une observation :<\/p>\n<p>Les habitants de Sainte-Luce peuvent se rendre au P\u00f4le Erdre et Loire pour consulter les documents, du 25 ao\u00fbt au 30 septembre.<\/p>\n<p>Permanence organis\u00e9e lundi 8 septembre au P\u00f4le Erdre et Loire, 2-4 rue \u00e9douard Nignon<\/p>\n","protected":false},"excerpt":{"rendered":"Lundi 08 septembre 2025 de 14h00 \u00e0 17h00 Le Sch\u00e9ma de Coh\u00e9rence Territoriale vise \u00e0 organiser les besoins&hellip;\n","protected":false},"author":2,"featured_media":359156,"comment_status":"","ping_status":"","sticky":false,"template":"","format":"standard","meta":{"footnotes":""},"categories":[2818],"tags":[1111,11,1777,674,1011,27,766,12,2636,25],"class_list":{"0":"post-359155","1":"post","2":"type-post","3":"status-publish","4":"format-standard","5":"has-post-thumbnail","7":"category-nantes","8":"tag-actu","9":"tag-actualites","10":"tag-eu","11":"tag-europe","12":"tag-fr","13":"tag-france","14":"tag-nantes","15":"tag-news","16":"tag-pays-de-la-loire","17":"tag-republique-francaise"},"share_on_mastodon":{"url":"https:\/\/pubeurope.com\/@fr\/115131022308660698","error":""},"_links":{"self":[{"href":"https:\/\/www.europesays.com\/fr\/wp-json\/wp\/v2\/posts\/359155","targetHints":{"allow":["GET"]}}],"collection":[{"href":"https:\/\/www.europesays.com\/fr\/wp-json\/wp\/v2\/posts"}],"about":[{"href":"https:\/\/www.europesays.com\/fr\/wp-json\/wp\/v2\/types\/post"}],"author":[{"embeddable":true,"href":"https:\/\/www.europesays.com\/fr\/wp-json\/wp\/v2\/users\/2"}],"replies":[{"embeddable":true,"href":"https:\/\/www.europesays.com\/fr\/wp-json\/wp\/v2\/comments?post=359155"}],"version-history":[{"count":0,"href":"https:\/\/www.europesays.com\/fr\/wp-json\/wp\/v2\/posts\/359155\/revisions"}],"wp:featuredmedia":[{"embeddable":true,"href":"https:\/\/www.europesays.com\/fr\/wp-json\/wp\/v2\/media\/359156"}],"wp:attachment":[{"href":"https:\/\/www.europesays.com\/fr\/wp-json\/wp\/v2\/media?parent=359155"}],"wp:term":[{"taxonomy":"category","embeddable":true,"href":"https:\/\/www.europesays.com\/fr\/wp-json\/wp\/v2\/categories?post=359155"},{"taxonomy":"post_tag","embeddable":true,"href":"https:\/\/www.europesays.com\/fr\/wp-json\/wp\/v2\/tags?post=359155"}],"curies":[{"name":"wp","href":"https:\/\/api.w.org\/{rel}","templated":true}]}}