{"id":359159,"date":"2025-09-01T20:53:24","date_gmt":"2025-09-01T20:53:24","guid":{"rendered":"https:\/\/www.europesays.com\/fr\/359159\/"},"modified":"2025-09-01T20:53:24","modified_gmt":"2025-09-01T20:53:24","slug":"salon-des-entrepreneurs-2025-programme-date-inscription","status":"publish","type":"post","link":"https:\/\/www.europesays.com\/fr\/359159\/","title":{"rendered":"Salon des Entrepreneurs 2025 : programme, date, inscription"},"content":{"rendered":"\n<p><strong>Le Salon des Entrepreneurs 2025, c\u2019est la semaine incontournable pour tous les cr\u00e9ateurs et jeunes dirigeants d\u2019entreprise en Gironde. Du 22 septembre au 2 octobre 2025, ce sont plusieurs rendez-vous \u00e0 ne pas manquer, avec une programmation qui change de lieu chaque jour, histoire d\u2019aller au plus pr\u00e8s des entrepreneurs du territoire.<\/strong><\/p>\n<p><strong>Bien s\u00fbr, le Salon des Entrepreneurs fait son arr\u00eat au Palais de la Bourse \u00e0 Bordeaux, mais le salon s\u2019\u00e9tend aussi \u00e0 Saint-Aubin-de-Blaye, Biganos, Saint-Laurent-M\u00e9doc, Bazas, Libourne\u2026 De quoi permettre \u00e0 un maximum de porteurs de projets de participer \u00e0 des conf\u00e9rences, ateliers th\u00e9matiques et surtout b\u00e9n\u00e9ficier de conseils personnalis\u00e9s.<\/strong> <strong>Des rencontres 100% gratuites.<\/strong><\/p>\n<p> Une semaine, plusieurs escales pour rencontrer vos experts <\/p>\n<p>Le salon d\u00e9marre le 22 septembre avec <a href=\"https:\/\/www.salon-entrepreneurs.fr\/live-entrepreneurs\" target=\"_blank\" rel=\"noreferrer noopener nofollow\">Le Live des Entrepreneurs<\/a>. Pendant une journ\u00e9e, de 9h \u00e0 17h, vous pouvez suivre en <strong>direct sur YouTube<\/strong> des sessions sur les aides \u00e0 la cr\u00e9ation, le financement, la reprise d\u2019entreprise, l\u2019IA, et bien s\u00fbr le r\u00e9seautage. Pratique pour ceux qui ne peuvent pas se d\u00e9placer.<\/p>\n<p>Puis place aux salons physiques, avec chaque jour un arr\u00eat dans une ville diff\u00e9rente en Gironde, le matin ou l\u2019apr\u00e8s-midi (sauf \u00e0 Bordeaux o\u00f9 c\u2019est une journ\u00e9e enti\u00e8re). Vous pourrez y rencontrer des experts de l\u2019entrepreneuriat pour obtenir des conseils individuels et participer \u00e0 des ateliers interactifs.<\/p>\n<ul class=\"wp-block-list\">\n<li><strong>23 septembre \u2013 Saint-Aubin-de-Blaye<\/strong> : Ateliers sur le financement, le statut juridique, l\u2019IA et t\u00e9moignage d\u2019un entrepreneur local.<\/li>\n<li><strong>25 septembre \u2013 Biganos<\/strong> : Focus sur le financement, la visibilit\u00e9 pour d\u00e9velopper son business et t\u00e9moignage d\u2019un entrepreneur en reconversion.<\/li>\n<li><strong>26 septembre \u2013 Saint-Laurent-M\u00e9doc<\/strong> : Rencontres avec des experts de la cr\u00e9ation d\u2019entreprise.<\/li>\n<li><strong>29 septembre \u2013 Bordeaux<\/strong> : Journ\u00e9e compl\u00e8te, avec des ateliers sur le financement, l\u2019IA et ses usages, les pratiques de prospection, les cl\u00e9s pour booster sa visibilit\u00e9 sur le web et des t\u00e9moignages inspirants.<\/li>\n<li><strong>1er octobre \u2013 Bazas (Sud Gironde)<\/strong> : Ateliers sur la lev\u00e9e de fonds en ligne, le num\u00e9rique et la ma\u00eetrise du pitch.<\/li>\n<li><strong>2 octobre \u2013 Libourne<\/strong> : Atelier d\u00e9di\u00e9 \u00e0 l\u2019intelligence artificielle et ses applications concr\u00e8tes pour les entreprises.<\/li>\n<\/ul>\n<p>D\u00e9couvrez le programme en cliquant <strong><a href=\"https:\/\/www.salon-entrepreneurs.fr\/programme-2025\" target=\"_blank\" rel=\"noreferrer noopener nofollow\">ICI<\/a><\/strong>.<\/p>\n<p> Bordeaux, \u00e9tape majeure : un salon \u00e0 ne pas manquer <img loading=\"lazy\" width=\"700\" height=\"467\" alt=\"Salon des Entrepreneurs de Bordeaux\" title=\"Salon des Entrepreneurs 2025 : Boostez votre projet avec des conseils et ateliers pratiques 1\"  nitro-lazy- nitro-lazy-src=\"https:\/\/cdn-ilbobfj.nitrocdn.com\/LLQyioEDmPooSUeshdcABKPnDEWJyTwh\/assets\/images\/optimized\/rev-fefab80\/quoifaireabordeaux.com\/wp-content\/uploads\/2025\/08\/atelier-salon-entrepreneurs-bordeaux.jpg\" class=\"wp-image-18810825 nitro-lazy\" decoding=\"async\" nitro-lazy-empty=\"\" id=\"NDkxOjYyOQ==-1\" src=\"data:image\/svg+xml;nitro-empty-id=NDkxOjYyOQ==-1;base64,PHN2ZyB2aWV3Qm94PSIwIDAgNzAwIDQ2NyIgd2lkdGg9IjcwMCIgaGVpZ2h0PSI0NjciIHhtbG5zPSJodHRwOi8vd3d3LnczLm9yZy8yMDAwL3N2ZyI+PC9zdmc+\"\/> <\/p>\n<p>Le 29 septembre, c\u2019est donc au <strong>Palais de la Bourse<\/strong> que l\u2019on fait \u00e9tape. De 9h30 \u00e0 17h30, ce salon bordelais se distingue par son programme dense et vari\u00e9. Les entrepreneurs peuvent assister \u00e0 des conf\u00e9rences tr\u00e8s cibl\u00e9es, telles que :<\/p>\n<ul class=\"wp-block-list\">\n<li><strong>Conf\u00e9rence<\/strong> anim\u00e9e par l\u2019URSSAF et France Travail (10h30 \u2013 11h30).<\/li>\n<li><strong>Financer son entreprise<\/strong> (11h30 \u2013 12h30) : comprendre les aides, les pr\u00eats, et les solutions adapt\u00e9es \u00e0 chaque profil.<\/li>\n<li><strong>IA &amp; entrepreneuriat : quels usages ?<\/strong> (12h30 \u2013 13h30). Une conf\u00e9rence pour d\u00e9passer les id\u00e9es re\u00e7ues et saisir comment l\u2019intelligence artificielle peut transformer les pratiques.<\/li>\n<li><strong>T\u00e9moignages d\u2019entrepreneurs<\/strong> (13h30-14h30) : Cindy Poumeyrol, influenceuse et cr\u00e9atrice de Maison Nicole (marque de v\u00eatements) et Thomas Chenut, fondateur de VUF Bikes (triporteurs professionnels urbains) partageront leurs parcours.<\/li>\n<li><strong>Marketing traditionnel vs marketing digital <\/strong>(14h30 \u00e0 15h30)\u00a0: un d\u00e9cryptage des pratiques de prospection assorti de conseils concrets.<\/li>\n<li><strong>Les cl\u00e9s pour \u00eatre visible sur le web<\/strong> (15h30 \u2013 16h30) : conseils pour se faire remarquer et attirer ses clients en ligne.<\/li>\n<\/ul>\n<p> Pourquoi participer au Salon des Entrepreneurs 2025 en Gironde ? <\/p>\n<p>Chaque \u00e9tape du salon propose des rencontres personnalis\u00e9es, gratuites et sans prise de t\u00eate, avec des experts qui connaissent le terrain. En phase de cr\u00e9ation, de d\u00e9veloppement, m\u00eame en reconversion, \u00e0 la recherche de conseils sur l\u2019entrepreneuriat, ces rendez-vous vous apportent des solutions concr\u00e8tes et des retours d\u2019exp\u00e9rience utiles.<\/p>\n<p>C\u2019est aussi une formidable occasion pour \u00e9largir son r\u00e9seau et se motiver en \u00e9changeant avec des entrepreneurs locaux. Et c\u00f4t\u00e9 ambiance, oubliez les grands shows trop guind\u00e9s : ici, on mise sur l\u2019efficacit\u00e9, la convivialit\u00e9 et l\u2019entraide.<\/p>\n<p> Un \u00e9v\u00e9nement pour suivre l\u2019\u00e9volution de l\u2019entrepreneuriat <\/p>\n<p>L\u2019ajout d\u2019une dimension digitale avec le Live des Entrepreneurs montre que le salon s\u2019adapte aux attentes actuelles. Gr\u00e2ce \u00e0 ce live diffus\u00e9 sur YouTube, vous pouvez suivre des ateliers pratiques en direct sur des th\u00e8mes essentiels comme les aides \u00e0 la cr\u00e9ation ou la reprise d\u2019entreprise, le financement, l\u2019intelligence artificielle ou le r\u00e9seau.<\/p>\n<p> <img loading=\"lazy\" width=\"700\" height=\"467\" alt=\"Conf\u00e9rences et conseils sur l'entrepreneuriat\" title=\"Salon des Entrepreneurs 2025 : Boostez votre projet avec des conseils et ateliers pratiques 2\"  nitro-lazy- nitro-lazy-src=\"https:\/\/cdn-ilbobfj.nitrocdn.com\/LLQyioEDmPooSUeshdcABKPnDEWJyTwh\/assets\/images\/optimized\/rev-fefab80\/quoifaireabordeaux.com\/wp-content\/uploads\/2025\/08\/conferences-entrepreneuriat.jpg\" class=\"wp-image-18810824 nitro-lazy\" decoding=\"async\" nitro-lazy-empty=\"\" id=\"NTQ1OjYyOA==-1\" src=\"data:image\/svg+xml;nitro-empty-id=NTQ1OjYyOA==-1;base64,PHN2ZyB2aWV3Qm94PSIwIDAgNzAwIDQ2NyIgd2lkdGg9IjcwMCIgaGVpZ2h0PSI0NjciIHhtbG5zPSJodHRwOi8vd3d3LnczLm9yZy8yMDAwL3N2ZyI+PC9zdmc+\"\/> <\/p>\n<p>En pr\u00e9sentiel, les conf\u00e9rences abordent aussi des sujets cl\u00e9s, comme la lev\u00e9e de fonds, le statut juridique, la prospection commerciale, la visibilit\u00e9 sur le web, l\u2019IA, ou encore l\u2019art du pitch, sans oublier l\u2019intervention d\u2019entrepreneurs qui partagent leur exp\u00e9rience.<\/p>\n<p>Ces conf\u00e9rences montrent clairement que le salon est un rendez-vous tourn\u00e9 vers l\u2019avenir et vous aide \u00e0 saisir les opportunit\u00e9s r\u00e9elles offertes par les nouvelles technologies.<\/p>\n<p>Retrouvez tous nos bons plans en cliquant <a href=\"https:\/\/quoifaireabordeaux.com\/category\/bons-plans\/\" target=\"_blank\" rel=\"noreferrer noopener nofollow\">ICI<\/a>.<\/p>\n<p>Toutes les gammes de voitures en location \u00e0 Bordeaux chez une seule agence ! D\u00e9couvrez-la <a href=\"https:\/\/quoifaireabordeaux.com\/location-de-voitures-a-bordeaux-automaticar\/\" target=\"_blank\" rel=\"noreferrer noopener nofollow\">ICI<\/a> !<\/p>\n<p>  Informations pratiques <\/p>\n<p>concernant l&rsquo;\u00e9v\u00e9nement<\/p>\n<p data-start=\"4416\" data-end=\"4490\"><strong data-start=\"4416\" data-end=\"4458\">Live des Entrepreneurs (sur Youtube) :<\/strong> 22 septembre 2025, 9h \u2013 17h<\/p>\n<p data-start=\"4493\" data-end=\"4560\"><strong data-start=\"4493\" data-end=\"4528\">Salon de Saint-Aubin-de-Blaye :<\/strong> 23 septembre 2025, 9h \u2013 12h30<\/p>\n<p data-start=\"4563\" data-end=\"4617\"><strong data-start=\"4563\" data-end=\"4585\">Salon de Biganos :<\/strong> 25 septembre 2025, 9h \u2013 12h30<\/p>\n<p data-start=\"4620\" data-end=\"4686\"><strong data-start=\"4620\" data-end=\"4654\">Salon de Saint-Laurent-M\u00e9doc :<\/strong> 26 septembre 2025, 9h \u2013 12h30<\/p>\n<p data-start=\"4689\" data-end=\"4768\"><strong data-start=\"4689\" data-end=\"4734\">Salon de Bordeaux (Palais de la Bourse) :<\/strong> 29 septembre 2025, 9h30 \u2013 17h30<\/p>\n<p data-start=\"4771\" data-end=\"4837\"><strong data-start=\"4771\" data-end=\"4805\">Salon de Bazas (Sud Gironde) :<\/strong> 1er octobre 2025, 14h \u2013 17h30<\/p>\n<p data-start=\"4840\" data-end=\"4892\"><strong data-start=\"4840\" data-end=\"4863\">Salon de Libourne :<\/strong> 2 octobre 2025, 9h \u2013 12h30<\/p>\n<p data-start=\"4894\" data-end=\"5197\"><strong data-start=\"4894\" data-end=\"4916\">Adresse Bordeaux :<\/strong> Palais de la Bourse, 19 Place de la Bourse, 33000 Bordeaux<br data-start=\"4975\" data-end=\"4978\"\/><strong data-start=\"4978\" data-end=\"4990\">Tarifs :<\/strong> Acc\u00e8s libre et gratuit, inscription conseill\u00e9e pour les ateliers et conf\u00e9rences<br data-start=\"5070\" data-end=\"5073\"\/><strong data-start=\"5073\" data-end=\"5099\">Inscription et infos <a href=\"https:\/\/www.salon-entrepreneurs.fr\/programme-2025\" target=\"_blank\" rel=\"noopener nofollow\">ICI<\/a><\/strong><\/p>\n<p data-start=\"4894\" data-end=\"5197\">Un \u00e9v\u00e9nement organis\u00e9 par la CCI Bordeaux Gironde, la Chambre de M\u00e9tiers et de l\u2019Artisanat, la Maison de l\u2019Emploi et de l\u2019Entreprise de Bordeaux et France Travail.<br \/><a href=\"https:\/\/www.salon-entrepreneurs.fr\/\" target=\"_blank\" rel=\"noopener nofollow\">salon-entrepreneurs.fr<\/a><\/p>\n","protected":false},"excerpt":{"rendered":"Le Salon des Entrepreneurs 2025, c\u2019est la semaine incontournable pour tous les cr\u00e9ateurs et jeunes dirigeants d\u2019entreprise en&hellip;\n","protected":false},"author":2,"featured_media":359160,"comment_status":"","ping_status":"","sticky":false,"template":"","format":"standard","meta":{"footnotes":""},"categories":[2817],"tags":[1111,11,1997,1777,674,1011,27,12,2219,25],"class_list":{"0":"post-359159","1":"post","2":"type-post","3":"status-publish","4":"format-standard","5":"has-post-thumbnail","7":"category-bordeaux","8":"tag-actu","9":"tag-actualites","10":"tag-bordeaux","11":"tag-eu","12":"tag-europe","13":"tag-fr","14":"tag-france","15":"tag-news","16":"tag-nouvelle-aquitaine","17":"tag-republique-francaise"},"share_on_mastodon":{"url":"https:\/\/pubeurope.com\/@fr\/115131030239033863","error":""},"_links":{"self":[{"href":"https:\/\/www.europesays.com\/fr\/wp-json\/wp\/v2\/posts\/359159","targetHints":{"allow":["GET"]}}],"collection":[{"href":"https:\/\/www.europesays.com\/fr\/wp-json\/wp\/v2\/posts"}],"about":[{"href":"https:\/\/www.europesays.com\/fr\/wp-json\/wp\/v2\/types\/post"}],"author":[{"embeddable":true,"href":"https:\/\/www.europesays.com\/fr\/wp-json\/wp\/v2\/users\/2"}],"replies":[{"embeddable":true,"href":"https:\/\/www.europesays.com\/fr\/wp-json\/wp\/v2\/comments?post=359159"}],"version-history":[{"count":0,"href":"https:\/\/www.europesays.com\/fr\/wp-json\/wp\/v2\/posts\/359159\/revisions"}],"wp:featuredmedia":[{"embeddable":true,"href":"https:\/\/www.europesays.com\/fr\/wp-json\/wp\/v2\/media\/359160"}],"wp:attachment":[{"href":"https:\/\/www.europesays.com\/fr\/wp-json\/wp\/v2\/media?parent=359159"}],"wp:term":[{"taxonomy":"category","embeddable":true,"href":"https:\/\/www.europesays.com\/fr\/wp-json\/wp\/v2\/categories?post=359159"},{"taxonomy":"post_tag","embeddable":true,"href":"https:\/\/www.europesays.com\/fr\/wp-json\/wp\/v2\/tags?post=359159"}],"curies":[{"name":"wp","href":"https:\/\/api.w.org\/{rel}","templated":true}]}}