{"id":359163,"date":"2025-09-01T20:55:13","date_gmt":"2025-09-01T20:55:13","guid":{"rendered":"https:\/\/www.europesays.com\/fr\/359163\/"},"modified":"2025-09-01T20:55:13","modified_gmt":"2025-09-01T20:55:13","slug":"portable-sante-mentale-vie-affective-les-priorites-de-lecole-des-la-rentree","status":"publish","type":"post","link":"https:\/\/www.europesays.com\/fr\/359163\/","title":{"rendered":"Portable, sant\u00e9 mentale, vie affective\u2026 Les priorit\u00e9s de l\u2019\u00e9cole d\u00e8s la rentr\u00e9e"},"content":{"rendered":"<p><strong>\u00c0 l\u2019occasion de la rentr\u00e9e 2025, le recteur de l\u2019acad\u00e9mie de Toulouse a d\u00e9taill\u00e9 les priorit\u00e9s de l\u2019\u00c9ducation nationale : protection, exigence et \u00e9mancipation. Sant\u00e9 mentale, portables, \u00e9galit\u00e9 des parcours et vie affective figurent parmi les axes annonc\u00e9s.<\/strong><\/p>\n<p><img fetchpriority=\"high\" decoding=\"async\" width=\"1200\" height=\"675\" src=\"https:\/\/www.europesays.com\/fr\/wp-content\/uploads\/2025\/09\/telephone-portable-ados.jpg\" alt=\"Rentr\u00e9e 2025 : pr\u00e8s de 509 000 \u00e9l\u00e8ves ont repris le chemin de l\u2019\u00e9cole ce lundi 1er septembre dans l\u2019acad\u00e9mie de Toulouse.\"  \/><\/p>\n<p>Une interdiction progressive du portable au coll\u00e8ge est pr\u00e9vue, selon les capacit\u00e9s de chaque \u00e9tablissement. \u00a9 Daisy-daisy \/ Depositphotos<\/p>\n<p><a href=\"https:\/\/www.lejournaltoulousain.fr\/occitanie\/haute-garonne\/toulouse\/calendrier-vacances-scolaires-toulouse-330891\/\" data-type=\"post\" data-id=\"330891\" target=\"_blank\" rel=\"noopener\">Ce lundi 1\u1d49\u02b3 septembre<\/a>, pr\u00e8s de <strong>509\u00a0000 \u00e9l\u00e8ves \u00e9taient attendus dans les salles de classe de l\u2019acad\u00e9mie de Toulouse<\/strong>, qui rassemble les d\u00e9partements de l\u2019ex-r\u00e9gion Midi-Pyr\u00e9n\u00e9es. \u00c0 la veille de la rentr\u00e9e scolaire, le recteur, Karim Benmiloud, a pr\u00e9sent\u00e9 les priorit\u00e9s de l\u2019\u00c9ducation nationale\u00a0: <strong>protection, exigence et \u00e9mancipation<\/strong>.<\/p>\n<p>Un cadre scolaire plus s\u00fbr et \u00e9panouissant<\/p>\n<p>Premier axe affich\u00e9\u00a0: faire de l\u2019\u00e9cole un lieu s\u00fbr et \u00e9panouissant. La sant\u00e9 mentale, d\u00e9clar\u00e9e grande cause nationale en 2025, sera au c\u0153ur de nouveaux dispositifs. Le rectorat veut <strong>d\u00e9velopper des protocoles sp\u00e9cifiques, former des personnels r\u00e9f\u00e9rents et renforcer le recrutement de psychologues <\/strong>de l\u2019\u00c9ducation nationale.<\/p>\n<p>Le sport reste \u00e9galement un levier majeur. <strong>Le label G\u00e9n\u00e9ration 2024, li\u00e9 aux Jeux de Paris, \u00e9voluera en G\u00e9n\u00e9ration 2030<\/strong>, en perspective des Jeux d\u2019hiver. Celui-ci valorise les \u00e9tablissements scolaires engag\u00e9s dans la promotion du sport, des valeurs olympiques et de l\u2019inclusion. Par ailleurs, la pratique quotidienne de 30 minutes d\u2019activit\u00e9 physique continue d\u2019\u00eatre encourag\u00e9e.<\/p>\n<p>Vers une interdiction progressive des portables au coll\u00e8ge<\/p>\n<p>La lutte contre l\u2019omnipr\u00e9sence des \u00e9crans est un chantier sensible. <strong>Le dispositif \u201cPause num\u00e9rique\u201d devient \u201cPortable en pause\u201d<\/strong>, avec pour objectif une interdiction progressive du t\u00e9l\u00e9phone portable au coll\u00e8ge, selon des modalit\u00e9s adapt\u00e9es \u00e0 chaque \u00e9tablissement. Stockage s\u00e9curis\u00e9, enveloppes ou simple obligation de garder le portable \u00e9teint dans le cartable font partie des solutions envisag\u00e9es. \u00ab\u00a0<strong>La logistique n\u2019est pas la m\u00eame dans un coll\u00e8ge de 150, 300 ou 800 \u00e9l\u00e8ves<\/strong>. Une s\u00e9rie de mesures sera prise avec les conseils d\u00e9partementaux\u00a0\u00bb, explique le recteur, <a href=\"https:\/\/x.com\/BenmiloudKarim\/status\/1904868619118322104\" data-type=\"link\" data-id=\"https:\/\/x.com\/BenmiloudKarim\/status\/1904868619118322104\" target=\"_blank\" rel=\"noreferrer noopener\">qui fait sa premi\u00e8re rentr\u00e9e dans l\u2019acad\u00e9mie de Toulouse<\/a>, <a href=\"https:\/\/www.lejournaltoulousain.fr\/occitanie\/haute-garonne\/toulouse\/mostafa-fourar-academie-de-toulouse-nouvelles-mains-309230\/\" data-type=\"post\" data-id=\"309230\" target=\"_blank\" rel=\"noopener\">apr\u00e8s le d\u00e9part de Mostafa Fourar<\/a>.<\/p>\n<p>Enfin, <strong>un effort particulier sera port\u00e9 sur la pr\u00e9vention des violences sexuelles et sexistes<\/strong>. \u00ab\u00a0L\u2019id\u00e9e est de favoriser le signalement, ce qui rend obligatoire le recueil et le traitement des faits de violence dans les \u00e9tablissements priv\u00e9s sous contrat \u00bb, selon le recteur. Il est notamment pr\u00e9vu de<strong> distribuer des questionnaires aux \u00e9l\u00e8ves en internat<\/strong> et apr\u00e8s des voyages scolaires impliquant des nuit\u00e9es.<\/p>\n<p>Hausse des exigences et \u00e9galit\u00e9 des parcours scolaires<\/p>\n<p>Relever le niveau d\u2019exigence fait aussi partie des priorit\u00e9s d\u00e9finies par le minist\u00e8re de l\u2019\u00c9ducation nationale. <strong>De nouveaux programmes de fran\u00e7ais et de math\u00e9matiques <\/strong>entrent en vigueur, accompagn\u00e9s d\u2019<strong>une \u00e9preuve anticip\u00e9e de math\u00e9matiques en classe de premi\u00e8re<\/strong>.<\/p>\n<p>L\u2019\u00e9galit\u00e9 dans l\u2019orientation constitue un autre enjeu. Aujourd\u2019hui, les filles ne repr\u00e9sentent que 25% des effectifs dans les formations d\u2019ing\u00e9nierie et du num\u00e9rique. L\u2019objectif national est que <strong>5\u00a0000 jeunes filles suppl\u00e9mentaires choisissent la sp\u00e9cialit\u00e9 math\u00e9matiques au lyc\u00e9e<\/strong>. \u00ab\u00a0L\u2019id\u00e9e est que pour chaque jeune fille qui h\u00e9site, nous puissions l\u2019accompagner et l\u2019encourager\u00a0\u00bb, insiste le recteur, rappelant que la France manque d\u2019ing\u00e9nieurs et de techniciens.<\/p>\n<p>L\u2019\u00e9mancipation au c\u0153ur de la rentr\u00e9e 2025<\/p>\n<p>Troisi\u00e8me pilier de la rentr\u00e9e\u00a0: l\u2019\u00e9mancipation. <strong>L\u2019acad\u00e9mie mise sur des dispositifs culturels et linguistiques<\/strong>, un accompagnement renforc\u00e9 des \u00e9l\u00e8ves en situation de handicap et des internats d\u2019excellence.<\/p>\n<p>\u00ab Accessible \u00e0 tous, <strong>l\u2019internat d\u2019excellence est un levier de lutte contre les d\u00e9terminismes sociaux<\/strong>. Inscrit dans le projet \u00e9ducatif de l\u2019\u00e9tablissement, il offre un cadre propice aux apprentissages, \u00e0 l\u2019ouverture culturelle et sportive et \u00e0 la s\u00e9curisation du parcours des \u00e9l\u00e8ves\u00a0\u00bb, explique le rectorat.<\/p>\n<p><strong>L\u2019\u00e9ducation \u00e0 la vie affective, relationnelle et sexuelle sera d\u00e9velopp\u00e9e dans les coll\u00e8ges et lyc\u00e9es. <\/strong>Objectif\u00a0: renforcer la confiance en soi, promouvoir le respect du corps et sensibiliser aux questions de consentement. \u00ab\u00a0C\u2019est une attente forte, y compris des organisations syndicales\u00a0\u00bb, affirme le recteur. Du personnel est form\u00e9 \u00e0 cet effet.<\/p>\n<blockquote class=\"twitter-tweet\" data-width=\"500\" data-dnt=\"true\">\n<p lang=\"fr\" dir=\"ltr\">Le recteur <a href=\"https:\/\/twitter.com\/BenmiloudKarim?ref_src=twsrc%5Etfw\" target=\"_blank\" rel=\"noopener\">@BenmiloudKarim<\/a> a accueilli ce matin les nouveaux personnels affect\u00e9s au <a href=\"https:\/\/twitter.com\/hashtag\/rectorat?src=hash&amp;ref_src=twsrc%5Etfw\" target=\"_blank\" rel=\"noopener\">#rectorat<\/a> de Toulouse : \u00ab\u00a0depuis 5 mois, je vois ici au quotidien le d\u00e9vouement des personnels. Ils font un travail consid\u00e9rable. Bienvenue dans ce collectif et belle r\u00e9ussite dans vos fonctions !\u00a0\u00bb <a href=\"https:\/\/t.co\/K2xSsrgX3g\">pic.twitter.com\/K2xSsrgX3g<\/a>\u2014 Acad\u00e9mie de Toulouse (@actoulouse) <a href=\"https:\/\/twitter.com\/actoulouse\/status\/1962482986462384587?ref_src=twsrc%5Etfw\" target=\"_blank\" rel=\"noopener\">September 1, 2025<\/a><\/p>\n<\/blockquote>\n<p>Un point sur les chiffres : effectifs en recul, mais moyens maintenus<\/p>\n<p>L\u2019acad\u00e9mie de Toulouse, qui regroupe les huit d\u00e9partements de l\u2019ex-Midi-Pyr\u00e9n\u00e9es, accueille cette ann\u00e9e <strong>508\u00a0769 \u00e9l\u00e8ves, soit 4\u00a0050 de moins que lors de la pr\u00e9c\u00e9dente<\/strong> rentr\u00e9e. \u00ab M\u00eame dans une acad\u00e9mie tr\u00e8s attractive, la baisse d\u00e9mographique est marqu\u00e9e,<strong> pas seulement dans les d\u00e9partements ruraux, mais aussi en Haute-Garonne<\/strong>\u00a0\u00bb, souligne le recteur Karim Benmiloud.<\/p>\n<p><strong>Le premier degr\u00e9 perd 3\u00a0579 \u00e9l\u00e8ves et le second 471. <\/strong>Pourtant, les moyens humains progressent globalement : +81 \u00e9quivalents temps plein (ETP) sont annonc\u00e9s. Dans le d\u00e9tail, le premier degr\u00e9 perd 22 postes quand le second en gagne 12. Quatre-vingts emplois suppl\u00e9mentaires concernent les accompagnants d\u2019\u00e9l\u00e8ves en situation de handicap (AESH). \u00ab\u00a0<strong>Nous aurions pu perdre entre 100 et 140 postes<\/strong>, si nous appliquions de fa\u00e7on m\u00e9canique les retraits d\u2019emploi selon l\u2019\u00e9volution d\u00e9mographique\u00a0\u00bb, pr\u00e9cise le recteur.<\/p>\n<p><script async src=\"https:\/\/platform.twitter.com\/widgets.js\" charset=\"utf-8\"><\/script><\/p>\n","protected":false},"excerpt":{"rendered":"\u00c0 l\u2019occasion de la rentr\u00e9e 2025, le recteur de l\u2019acad\u00e9mie de Toulouse a d\u00e9taill\u00e9 les priorit\u00e9s de l\u2019\u00c9ducation&hellip;\n","protected":false},"author":2,"featured_media":359164,"comment_status":"","ping_status":"","sticky":false,"template":"","format":"standard","meta":{"footnotes":""},"categories":[2816],"tags":[1111,11,1777,674,1011,27,12,2680,46439,25,14041,2312,49463],"class_list":{"0":"post-359163","1":"post","2":"type-post","3":"status-publish","4":"format-standard","5":"has-post-thumbnail","7":"category-toulouse","8":"tag-actu","9":"tag-actualites","10":"tag-eu","11":"tag-europe","12":"tag-fr","13":"tag-france","14":"tag-news","15":"tag-occitanie","16":"tag-portable","17":"tag-republique-francaise","18":"tag-santu00e9-mentale","19":"tag-toulouse","20":"tag-vie-affectiveu2026-les-grandes-prioritu00e9s-de-lu2019u00e9cole-du00e8s-la-rentru00e9e"},"share_on_mastodon":{"url":"https:\/\/pubeurope.com\/@fr\/115131038329162804","error":""},"_links":{"self":[{"href":"https:\/\/www.europesays.com\/fr\/wp-json\/wp\/v2\/posts\/359163","targetHints":{"allow":["GET"]}}],"collection":[{"href":"https:\/\/www.europesays.com\/fr\/wp-json\/wp\/v2\/posts"}],"about":[{"href":"https:\/\/www.europesays.com\/fr\/wp-json\/wp\/v2\/types\/post"}],"author":[{"embeddable":true,"href":"https:\/\/www.europesays.com\/fr\/wp-json\/wp\/v2\/users\/2"}],"replies":[{"embeddable":true,"href":"https:\/\/www.europesays.com\/fr\/wp-json\/wp\/v2\/comments?post=359163"}],"version-history":[{"count":0,"href":"https:\/\/www.europesays.com\/fr\/wp-json\/wp\/v2\/posts\/359163\/revisions"}],"wp:featuredmedia":[{"embeddable":true,"href":"https:\/\/www.europesays.com\/fr\/wp-json\/wp\/v2\/media\/359164"}],"wp:attachment":[{"href":"https:\/\/www.europesays.com\/fr\/wp-json\/wp\/v2\/media?parent=359163"}],"wp:term":[{"taxonomy":"category","embeddable":true,"href":"https:\/\/www.europesays.com\/fr\/wp-json\/wp\/v2\/categories?post=359163"},{"taxonomy":"post_tag","embeddable":true,"href":"https:\/\/www.europesays.com\/fr\/wp-json\/wp\/v2\/tags?post=359163"}],"curies":[{"name":"wp","href":"https:\/\/api.w.org\/{rel}","templated":true}]}}