{"id":359177,"date":"2025-09-01T21:02:13","date_gmt":"2025-09-01T21:02:13","guid":{"rendered":"https:\/\/www.europesays.com\/fr\/359177\/"},"modified":"2025-09-01T21:02:13","modified_gmt":"2025-09-01T21:02:13","slug":"un-adolescent-de-13-ans-en-garde-a-vue-apres-le-meurtre-dun-jeune-de-16-ans","status":"publish","type":"post","link":"https:\/\/www.europesays.com\/fr\/359177\/","title":{"rendered":"un adolescent de 13 ans en garde \u00e0 vue apr\u00e8s le meurtre d\u2019un jeune de 16 ans"},"content":{"rendered":"<p>Un adolescent de 13 ans a \u00e9t\u00e9 interpell\u00e9 et plac\u00e9 en garde \u00e0 vue lundi, soup\u00e7onn\u00e9 d\u2019avoir mortellement poignard\u00e9 un jeune de 16 ans dimanche soir \u00e0 Caluire-et-Cuire, dans la banlieue de Lyon. La victime est d\u00e9c\u00e9d\u00e9e dans la nuit \u00e0 l\u2019h\u00f4pital.<\/p>\n<p>Un adolescent de 13 ans a \u00e9t\u00e9 plac\u00e9 en garde \u00e0 vue lundi dans le cadre de l&rsquo;enqu\u00eate sur le meurtre par arme blanche d&rsquo;un jeune de 16 ans, dimanche soir dans la banlieue de <a href=\"https:\/\/rmc.bfmtv.com\/actualites\/police-justice\/faits-divers\/mort-aux-juifs-des-monuments-en-memoire-de-la-shoah-et-de-yitzhak-rabin-profanes-pres-de-lyon_AN-202508310375.html\" title=\"\u201cMort aux juifs\u201d: des monuments en m\u00e9moire de la Shoah et de Yitzhak Rabin profan\u00e9s pr\u00e8s de Lyon\" class=\"internal_link\" rel=\"nofollow noopener\" target=\"_blank\">Lyon<\/a>, a indiqu\u00e9 lundi le parquet.<\/p>\n<p>Vers 22h30 dimanche, \u00e0 Caluire-et-Cuire, un jeune homme a menac\u00e9 un groupe de trois amis avec un couteau. Il a port\u00e9 un coup au thorax \u00e0 l&rsquo;un d&rsquo;eux alors qu&rsquo;ils tentaient de fuir, a pr\u00e9cis\u00e9 une source polici\u00e8re. Admise \u00e0 l&rsquo;h\u00f4pital avec un pronostic vital engag\u00e9, la victime a succomb\u00e9 \u00e0 ses blessures dans la nuit, selon la m\u00eame source.<\/p>\n<p>Une \u00ab\u00a0simple dispute\u00a0\u00bb<\/p>\n<p>Les motivations de l&rsquo;agresseur, qui a pris la fuite \u00e0 pied et dont l&rsquo;arme n&rsquo;a pas \u00e9t\u00e9 retrouv\u00e9e, restent pour l&rsquo;heure inconnues, selon la m\u00eame source. Selon le maire de la commune, Bastien Joint (LR), il s&rsquo;agit d&rsquo;une \u00ab\u00a0simple dispute\u00a0\u00bb. \u00ab\u00a0Ce n&rsquo;est pas l&rsquo;ombre d&rsquo;un trafic ou d&rsquo;un r\u00e9seau criminel\u00a0\u00bb, assure-t-il sur son compte X sur la base des \u00ab\u00a0premiers \u00e9l\u00e9ments\u00a0\u00bb. \u00ab\u00a0C&rsquo;est un diff\u00e9rend personnel qui a d\u00e9g\u00e9n\u00e9r\u00e9\u00a0\u00bb, a ajout\u00e9 le maire.<\/p>\n<p>Une enqu\u00eate pour \u00ab\u00a0homicide volontaire\u00a0\u00bb a \u00e9t\u00e9 ouverte, selon le parquet lyonnais, qui a pr\u00e9cis\u00e9 qu&rsquo;un adolescent de 13 ans a \u00e9t\u00e9 interpell\u00e9 et plac\u00e9 en garde \u00e0 vue du chef d&rsquo;homicide volontaire. Selon le quotidien local Le Progr\u00e8s, il s&rsquo;agirait d&rsquo;un joueur de football de \u00ab\u00a0l&rsquo;Academy\u00a0\u00bb, le centre de formation de l&rsquo;Olympique lyonnais.<\/p>\n","protected":false},"excerpt":{"rendered":"Un adolescent de 13 ans a \u00e9t\u00e9 interpell\u00e9 et plac\u00e9 en garde \u00e0 vue lundi, soup\u00e7onn\u00e9 d\u2019avoir mortellement&hellip;\n","protected":false},"author":2,"featured_media":128294,"comment_status":"","ping_status":"","sticky":false,"template":"","format":"standard","meta":{"footnotes":""},"categories":[1889],"tags":[1111,11,2430,1777,674,1011,27,2428,12,25],"class_list":{"0":"post-359177","1":"post","2":"type-post","3":"status-publish","4":"format-standard","5":"has-post-thumbnail","7":"category-lyon","8":"tag-actu","9":"tag-actualites","10":"tag-auvergne-rhone-alpes","11":"tag-eu","12":"tag-europe","13":"tag-fr","14":"tag-france","15":"tag-lyon","16":"tag-news","17":"tag-republique-francaise"},"share_on_mastodon":{"url":"https:\/\/pubeurope.com\/@fr\/115131065450975892","error":""},"_links":{"self":[{"href":"https:\/\/www.europesays.com\/fr\/wp-json\/wp\/v2\/posts\/359177","targetHints":{"allow":["GET"]}}],"collection":[{"href":"https:\/\/www.europesays.com\/fr\/wp-json\/wp\/v2\/posts"}],"about":[{"href":"https:\/\/www.europesays.com\/fr\/wp-json\/wp\/v2\/types\/post"}],"author":[{"embeddable":true,"href":"https:\/\/www.europesays.com\/fr\/wp-json\/wp\/v2\/users\/2"}],"replies":[{"embeddable":true,"href":"https:\/\/www.europesays.com\/fr\/wp-json\/wp\/v2\/comments?post=359177"}],"version-history":[{"count":0,"href":"https:\/\/www.europesays.com\/fr\/wp-json\/wp\/v2\/posts\/359177\/revisions"}],"wp:featuredmedia":[{"embeddable":true,"href":"https:\/\/www.europesays.com\/fr\/wp-json\/wp\/v2\/media\/128294"}],"wp:attachment":[{"href":"https:\/\/www.europesays.com\/fr\/wp-json\/wp\/v2\/media?parent=359177"}],"wp:term":[{"taxonomy":"category","embeddable":true,"href":"https:\/\/www.europesays.com\/fr\/wp-json\/wp\/v2\/categories?post=359177"},{"taxonomy":"post_tag","embeddable":true,"href":"https:\/\/www.europesays.com\/fr\/wp-json\/wp\/v2\/tags?post=359177"}],"curies":[{"name":"wp","href":"https:\/\/api.w.org\/{rel}","templated":true}]}}