{"id":35919,"date":"2025-04-19T07:19:09","date_gmt":"2025-04-19T07:19:09","guid":{"rendered":"https:\/\/www.europesays.com\/fr\/35919\/"},"modified":"2025-04-19T07:19:09","modified_gmt":"2025-04-19T07:19:09","slug":"donald-trump-lache-du-lest-sur-les-porte-conteneurs-fabriques-en-chine","status":"publish","type":"post","link":"https:\/\/www.europesays.com\/fr\/35919\/","title":{"rendered":"Donald Trump l\u00e2che du lest sur les porte-conteneurs fabriqu\u00e9s en Chine"},"content":{"rendered":"<p><strong>D\u00c9CRYPTAGE<\/strong> &#8211; Le pr\u00e9sident am\u00e9ricain accepte de r\u00e9duire la hausse des taxes envisag\u00e9e sur les bateaux con\u00e7us dans l\u2019empire du Milieu. Des am\u00e9nagements qui baisseront la note qui s\u2019annon\u00e7ait massive pour les armateurs.<\/p>\n<p class=\"fig-paragraph\">Promettre le pire pour amener les autres pays \u00e0 d\u2019\u00e9normes concessions. Puis assouplir certaines sanctions et reporter leur mise en application. On a d\u00e9couvert la m\u00e9thode Trump avec son obsession de renforcer les barri\u00e8res douani\u00e8res. \u00c0 l\u2019exception de la Chine, qui n\u2019a pas voulu venir \u00e0 la table des n\u00e9gociations, le pr\u00e9sident des \u00c9tats-Unis a accord\u00e9 le 9\u00a0avril \u00e0 tous les pays un\u00a0<a href=\"http:\/\/www.lefigaro.fr\/conjoncture\/de-la-guerre-commerciale-totale-a-la-treve-surprise-de-90-jours-les-coulisses-du-revirement-spectaculaire-de-trump-20250410\" target=\"_blank\" data-fig-type=\"Article\" rel=\"noopener\" data-gtm-custom-categorie=\"navigation\" data-gtm-custom-action=\"crossclick\" data-gtm-custom-label=\"Contextuel\" data-gtm-event=\"customEventSPE\" data-fig-domain=\"LEFIGARO\">r\u00e9pit de 90\u00a0jours<\/a>\u00a0pendant lesquels leurs exportations aux \u00c9tats-Unis ne seront tax\u00e9es que de 10\u00a0%. Une semaine plus t\u00f4t, il voulait punir l\u2019Europe d\u2019une hausse de 20\u00a0% des\u00a0<a href=\"http:\/\/www.lefigaro.fr\/conjoncture\/dossier\/droits-de-douane-americains-notre-dossier-pour-tout-comprendre\" target=\"_blank\" data-fig-type=\"Topic\" rel=\"noopener\" data-gtm-custom-categorie=\"navigation\" data-gtm-custom-action=\"crossclick\" data-gtm-custom-label=\"Contextuel\" data-gtm-event=\"customEventSPE\" data-fig-domain=\"LEFIGARO\">droits de douane<\/a>. Bis\u00a0repetita sur les taxes concernant les porte-conteneurs \u00ab\u00a0made in China\u00a0\u00bb.<\/p>\n<p class=\"fig-paragraph\">D\u00e9but avril, Donald Trump mena\u00e7ait de faire payer 1,5\u00a0million de dollars \u00e0 chaque fois qu\u2019un navire fabriqu\u00e9 en Chine faisait escale dans un port am\u00e9ricain. Une fa\u00e7on, selon lui, de redonner de la vigueur \u00e0 la construction navale am\u00e9ricaine tomb\u00e9e en d\u00e9sh\u00e9rence quand\u00a0<a href=\"http:\/\/www.lefigaro.fr\/flash-eco\/construction-navale-l-enquete-americaine-reprochant-a-la-chine-des-pratiques-deloyales-est-truffee-de-fausses-accusations-affirme-pekin-20240417\" data-fig-type=\"NewsFlash\" data-gtm-custom-categorie=\"navigation\" data-gtm-custom-action=\"crossclick\" data-gtm-custom-label=\"Contextuel\" data-gtm-event=\"customEventSPE\" data-fig-domain=\"LEFIGARO\" target=\"_blank\" rel=\"noopener\">ce secteur se porte tr\u00e8s bien dans l\u2019empire du Milieu<\/a>\u00a0(50\u00a0% des porte-conteneurs\u2026<\/p>\n<p class=\"fig-premium-paywall__infos\">\n        Cet article est r\u00e9serv\u00e9 aux abonn\u00e9s.        Il vous reste 80% \u00e0 d\u00e9couvrir.\n    <\/p>\n<p>                <img  data- alt=\"Le Figaro\" class=\"fig-img--complete fig-img\"\/><\/p>\n<p class=\"fig-premium-paywall__title\">Vous avez envie de lire la suite ?<\/p>\n<p class=\"fig-premium-paywall__subtitle\">D\u00e9bloquez tous les articles imm\u00e9diatement.<\/p>\n<p class=\"fig-premium-paywall__connect\">\n                D\u00e9j\u00e0 abonn\u00e9\u00a0?                <a class=\"fig-premium-paywall__connect-link\" href=\"https:\/\/connect.lefigaro.fr\/login?client=horizon_web&amp;type=main&amp;redirect_uri=https%3A%2F%2Fwww.lefigaro.fr%2Fsocietes%2Fguerre-commerciale-donald-trump-lache-du-lest-sur-les-porte-conteneurs-fabriques-en-chine-20250418\" data-js-gtm=\"{&quot;customCategorie&quot;: &quot;conversion&quot;, &quot;customAction&quot;: &quot;before_Landing_Connexion_paywall_auto&quot;, &quot;customLabel&quot;: &quot;bGVmaWdhcm8uZnJfXzFmMDFjNDAwLTUyZmUtNjUyNC04MTVkLWQzNmFlNGMxYzBkNF9fQXJ0aWNsZQ==_Guerre commerciale\u00a0: Donald Trump l\u00e2che du lest sur les porte-conteneurs fabriqu\u00e9s en Chine_346&quot;, &quot;customIDSPE&quot;: &quot;bGVmaWdhcm8uZnJfXzFmMDFjNDAwLTUyZmUtNjUyNC04MTVkLWQzNmFlNGMxYzBkNF9fQXJ0aWNsZQ==&quot;, &quot;event&quot;: &quot;customEventSPE&quot;}\" target=\"_blank\" rel=\"noopener\"><br \/>\n                    Connectez-vous<br \/>\n                <\/a>\n            <\/p>\n","protected":false},"excerpt":{"rendered":"D\u00c9CRYPTAGE &#8211; Le pr\u00e9sident am\u00e9ricain accepte de r\u00e9duire la hausse des taxes envisag\u00e9e sur les bateaux con\u00e7us dans&hellip;\n","protected":false},"author":2,"featured_media":35920,"comment_status":"","ping_status":"","sticky":false,"template":"","format":"standard","meta":{"footnotes":""},"categories":[5],"tags":[631,627,630,11,5160,340,398,343,215,634,405,629,636,75,632,638,1011,27,637,14,399,639,635,11610,12,401,628,2549,633,407,28],"class_list":{"0":"post-35919","1":"post","2":"type-post","3":"status-publish","4":"format-standard","5":"has-post-thumbnail","7":"category-international","8":"tag-action","9":"tag-actions-francaise","10":"tag-actualite-bourse","11":"tag-actualites","12":"tag-bateau","13":"tag-bourse","14":"tag-bourse-de-paris","15":"tag-cac-40","16":"tag-commerce","17":"tag-cotation","18":"tag-cotations","19":"tag-cours-des-societes-francaises","20":"tag-devises","21":"tag-donald-trump","22":"tag-fcp","23":"tag-figaro","24":"tag-fr","25":"tag-france","26":"tag-indices","27":"tag-international","28":"tag-investissement","29":"tag-le-figaro","30":"tag-marches","31":"tag-msc","32":"tag-news","33":"tag-sicav","34":"tag-societes-etrangeres","35":"tag-taxe","36":"tag-warrant","37":"tag-warrants","38":"tag-world"},"share_on_mastodon":{"url":"https:\/\/pubeurope.com\/@fr\/114363417503775490","error":""},"_links":{"self":[{"href":"https:\/\/www.europesays.com\/fr\/wp-json\/wp\/v2\/posts\/35919","targetHints":{"allow":["GET"]}}],"collection":[{"href":"https:\/\/www.europesays.com\/fr\/wp-json\/wp\/v2\/posts"}],"about":[{"href":"https:\/\/www.europesays.com\/fr\/wp-json\/wp\/v2\/types\/post"}],"author":[{"embeddable":true,"href":"https:\/\/www.europesays.com\/fr\/wp-json\/wp\/v2\/users\/2"}],"replies":[{"embeddable":true,"href":"https:\/\/www.europesays.com\/fr\/wp-json\/wp\/v2\/comments?post=35919"}],"version-history":[{"count":0,"href":"https:\/\/www.europesays.com\/fr\/wp-json\/wp\/v2\/posts\/35919\/revisions"}],"wp:featuredmedia":[{"embeddable":true,"href":"https:\/\/www.europesays.com\/fr\/wp-json\/wp\/v2\/media\/35920"}],"wp:attachment":[{"href":"https:\/\/www.europesays.com\/fr\/wp-json\/wp\/v2\/media?parent=35919"}],"wp:term":[{"taxonomy":"category","embeddable":true,"href":"https:\/\/www.europesays.com\/fr\/wp-json\/wp\/v2\/categories?post=35919"},{"taxonomy":"post_tag","embeddable":true,"href":"https:\/\/www.europesays.com\/fr\/wp-json\/wp\/v2\/tags?post=35919"}],"curies":[{"name":"wp","href":"https:\/\/api.w.org\/{rel}","templated":true}]}}