{"id":359190,"date":"2025-09-01T21:10:13","date_gmt":"2025-09-01T21:10:13","guid":{"rendered":"https:\/\/www.europesays.com\/fr\/359190\/"},"modified":"2025-09-01T21:10:13","modified_gmt":"2025-09-01T21:10:13","slug":"comment-vladimir-poutine-reecrit-le-debut-de-la-guerre-en-ukraine","status":"publish","type":"post","link":"https:\/\/www.europesays.com\/fr\/359190\/","title":{"rendered":"comment Vladimir Poutine r\u00e9\u00e9crit le d\u00e9but de la guerre en Ukraine"},"content":{"rendered":"<p>Selon Vladimir Poutine, l\u2019origine du conflit entre la Russie et l\u2019Ukraine est li\u00e9e au d\u00e9part de Viktor Ianoukovitch en 2014.<\/p>\n<p class=\"fig-paragraph\">La rengaine est connue\u00a0: Vladimir Poutine a \u00e9t\u00e9 forc\u00e9 d\u2019envahir son voisin ukrainien. \u00abCette crise n\u2019a pas \u00e9t\u00e9 d\u00e9clench\u00e9e par l\u2019attaque de la Russie en Ukraine, elle est le r\u00e9sultat d\u2019un coup d\u2019\u00c9tat en Ukraine, qui a \u00e9t\u00e9 soutenu et provoqu\u00e9 par l\u2019Occident\u00bb, a-t-il assur\u00e9, \u00e0 nouveau,\u00a0<a href=\"http:\/\/www.lefigaro.fr\/international\/cette-crise-est-le-resultat-d-un-coup-d-etat-vladimir-poutine-defend-la-guerre-en-ukraine-et-blame-l-occident-20250901\" target=\"_blank\" data-fig-type=\"NewsFlash\" rel=\"noopener nofollow\" data-gtm-custom-categorie=\"navigation\" data-gtm-custom-action=\"crossclick\" data-gtm-custom-label=\"Contextuel\" data-gtm-event=\"customEventSPE\" data-fig-domain=\"LEFIGARO\">lundi lors du sommet de Tianjin, en Chine<\/a>. Il se r\u00e9f\u00e8re \u00e0 la fuite de\u00a0<a href=\"https:\/\/www.lefigaro.fr\/international\/2015\/06\/23\/01003-20150623ARTFIG00118-viktor-ianoukovitch-sort-de-son-silence.php\" data-fig-type=\"Article\" data-gtm-custom-categorie=\"navigation\" data-gtm-custom-action=\"crossclick\" data-gtm-custom-label=\"Contextuel\" data-gtm-event=\"customEventSPE\" data-fig-domain=\"LEFIGARO\" rel=\"nofollow noopener\" target=\"_blank\">Viktor Ianoukovitch<\/a>, alors son homologue ukrainien, dans la nuit du 21 au 22 f\u00e9vrier 2014 vers la Russie. En cause\u00a0: le pr\u00e9sident ukrainien a annonc\u00e9 le 21 novembre 2013 refuser de signer l\u2019accord avec l\u2019UE qui devait l\u2019\u00eatre une semaine plus tard. D\u00e8s le lendemain, les premi\u00e8res manifestations apparaissent \u00e0 Kiev, place Ma\u00efdan.<\/p>\n<p class=\"fig-paragraph\">\u00abDerri\u00e8re son revirement, on comprenait qu\u2019une contre-proposition d\u2019accord de partenariat avait \u00e9t\u00e9 faite \u00e0 Kyiv par Moscou, accompagn\u00e9e d\u2019une pression consid\u00e9rable de Poutine sur Ianoukovitch, mais aussi d\u2019une promesse de cr\u00e9dit de 15 milliards de dollars\u00bb, relate Anna Colin-Lebedev, sp\u00e9cialiste des soci\u00e9t\u00e9s postsovi\u00e9tiques, dans son ouvrage Jamais fr\u00e8res\u00a0? Ukraine et Russie\u00a0: une trag\u00e9die postsovi\u00e9tique. Sa d\u00e9cision de refuser l\u2019accord avec l\u2019UE, et l\u2019\u00e9tiquette \u00abprorusse\u00bb qui lui collait d\u00e9j\u00e0 \u00e0 la peau d\u00e9clenchent les manifestations. Ianoukovitch est un v\u00e9t\u00e9ran de la politique ukrainienne\u00a0: gouverneur de l\u2019oblast de Donetsk (Donbass), premier ministre, puis pr\u00e9sident. Il a multipli\u00e9 les faveurs \u00e0 la Russie\u00a0: prolongation du bail de la flotte russe en Mer noire, non-reconnaissance de l\u2019Holodomor (une famine provoqu\u00e9e par l\u2019URSS dans les ann\u00e9es 1930 en Ukraine) comme un g\u00e9nocide&#8230; \u00abSa pr\u00e9sidence a \u00e9t\u00e9 consid\u00e9r\u00e9e \u00e0 Moscou comme un excellent contexte pour ramener l\u2019Ukraine dans le giron russe\u00bb, rappelle Anna Colin-Lebedev.<\/p>\n<p>                                    <a class=\"fig-a11y-skip a11y-hidden\" href=\"#fig-a11y-skip-main-inarticle\"><br \/>\n        Passer la publicit\u00e9<br \/>\n    <\/a><\/p>\n<p>Les manifestations d\u00e9g\u00e9n\u00e8rent<\/p>\n<p class=\"fig-paragraph\">Dans la nuit du 29 au 30 novembre, le pouvoir envoie la police anti-\u00e9meutes d\u00e9loger les manifestants de la place Ma\u00efdan. L\u2019\u00e9vacuation cause plusieurs bless\u00e9s et change la nature des protestations. \u00abIl n\u2019est pas dans la culture politique ukrainienne de chasser les manifestants par la force. En le faisant, Ianoukovitch a franchi une ligne rouge l\u2019assimilant \u00e0 un mod\u00e8le autoritaire comme celui de Moscou\u00bb, souligne Anna Colin-Lebedev. D\u00e8s lors, les manifestations vont s\u2019encha\u00eener. \u00c0 Ma\u00efdan, les discours se multiplient, au contenu aussi divers que le profil des manifestants. \u00ab80% des participants n\u2019avaient jamais particip\u00e9 \u00e0 une manifestation politique\u00bb, rappelle la sp\u00e9cialiste.<\/p>\n<p>    La place Ma\u00efdan en janvier 2014.<br \/>\n                GENYA SAVILOV \/ AFP<\/p>\n<p class=\"fig-paragraph\">En d\u00e9cembre, les s\u00e9nateurs am\u00e9ricains John McCain et Chris Murphy y prennent la parole. Victoria Nuland, sous-secr\u00e9taire d\u2019\u00c9tat \u00e0 l\u2019Europe et \u00e0 l\u2019Eurasie, y distribue des sandwichs, nourrissant les fantasmes d\u2019une mainmise am\u00e9ricaine sur les manifestants. Mi-d\u00e9cembre, Russes et Ukrainiens se rencontrent \u00e0 Moscou pour signer un accord \u00e9conomique. Mais les oppositions ne d\u00e9sarment pas. \u00abLa Russie n\u2019est que peu \u00e9voqu\u00e9e dans les discours sur la place Ma\u00efdan. La plupart parlent de l\u2019\u00e9volution de l\u2019Ukraine\u00bb, sp\u00e9cifie Anna Colin-Lebedev. Le 15 janvier, le gouvernement franchit une nouvelle \u00e9tape dans la r\u00e9pression et interdit les rassemblements publics \u00e0 Kiev et fait adopter des lois antimanifestations par le Parlement. Deux morts sont relev\u00e9s le 22 janvier, un tu\u00e9 par balle l\u2019autre battu \u00e0 mort.<\/p>\n<p class=\"fig-paragraph\">Des milices d\u2019autod\u00e9fense se constituent pour d\u00e9fendre le mouvement. Le 20 f\u00e9vrier, l\u2019engrenage qui aboutira \u00e0 la fuite de Viktor Ianoukovitch est enclench\u00e9. Les forces de l\u2019ordre peuvent recourir, sur d\u00e9cision du ministre de l\u2019Int\u00e9rieur, \u00e0 la force l\u00e9tale. Des snipers sont m\u00eame employ\u00e9s. Plus de 80 morts sont d\u00e9compt\u00e9s. Les affrontements sont les plus violents depuis l\u2019ind\u00e9pendance en 1991. Le 21 f\u00e9vrier, gr\u00e2ce \u00e0 une m\u00e9diation fran\u00e7aise, allemande, polonaise et&#8230; russe, Viktor Ianoukovitch signe un accord avec l\u2019opposition pour former un gouvernement int\u00e9rimaire et lancer des \u00e9lections anticip\u00e9es. Il fuit dans la soir\u00e9e. Le lendemain, il est destitu\u00e9 par le Parlement sur la base des articles 108 et 110 de la Constitution.<\/p>\n<p class=\"fig-body-link\">\n            \u00c0 lire aussi<br \/>\n        <a class=\"fig-body-link__link fig-premium-mark\" href=\"https:\/\/www.lefigaro.fr\/international\/ukraine-dix-ans-apres-l-esprit-de-maidan-souffle-encore-20240221\" target=\"_blank\" data-fig-type=\"Article\" rel=\"noopener nofollow\" data-gtm-custom-categorie=\"navigation\" data-gtm-custom-action=\"crossclick\" data-gtm-custom-label=\"Contextuel\" data-gtm-event=\"customEventSPE\" data-fig-domain=\"LEFIGARO\">Ukraine: dix ans apr\u00e8s, l\u2019esprit de Ma\u00efdan souffle encore<br \/>\n    <\/a>\n<\/p>\n<p class=\"fig-paragraph\">\u00abJe n\u2019ai pas l\u2019intention de d\u00e9missionner. Je suis un pr\u00e9sident l\u00e9gitimement \u00e9lu. Tous les m\u00e9diateurs internationaux avec lesquels j\u2019ai travaill\u00e9 m\u2019ont donn\u00e9 des garanties pour ma s\u00e9curit\u00e9\u00a0: je vais voir comment ils vont remplir ce r\u00f4le. Tout ce qui se passe aujourd\u2019hui, c\u2019est bien s\u00fbr du vandalisme, du banditisme, et un coup d\u2019\u00c9tat\u00bb, rumine-t-il dans la soir\u00e9e \u00e0 la t\u00e9l\u00e9vision. Apr\u00e8s son d\u00e9part, des institutions provisoires sont mises en place et des \u00e9lections sont organis\u00e9es sous surveillance d\u2019observateurs. Petro Porochenko est \u00e9lu et sera battu par Volodymyr Zelensky \u00e0 la fin de son mandat.<\/p>\n<p>L\u2019invasion russe<\/p>\n<p class=\"fig-paragraph\">\u00abJe pense qu\u2019il n\u2019a pas d\u2019avenir politique. Je le lui ai d\u00e9j\u00e0 dit\u00bb, d\u00e9clare Vladimir Poutine d\u00e9but mars. En Ukraine, des s\u00e9paratistes, encadr\u00e9s et financ\u00e9s par la Russie, occupent des b\u00e2timents administratifs locaux dans l\u2019est du pays. Des \u00e9l\u00e9ments russes arrivent en Crim\u00e9e et organisent sa prise de contr\u00f4le, puis son annexion, pratiquement sans effusion de sang. \u00abCertaines \u00e9lites locales se disent que l\u2019invasion russe a commenc\u00e9 et que l\u2019Ukraine n\u2019a aucune chance. Ils se rallient alors \u00e0 Moscou\u00bb, explique Anna Colin-Lebedev. L\u2019Ukraine lance une op\u00e9ration antiterroriste pour r\u00e9tablir l\u2019ordre sur tout le territoire mais se heurte \u00e0 des groupes arm\u00e9s par la Russie. Le colonel Strelkov, ancien des services secrets russes, en coordonne une partie. La guerre du Donbass a commenc\u00e9.<\/p>\n<p>                                    <a class=\"fig-a11y-skip a11y-hidden\" href=\"#fig-a11y-skip-main-inarticle_mtf\"><br \/>\n        Passer la publicit\u00e9<br \/>\n    <\/a><\/p>\n<p class=\"fig-paragraph\">Deux entit\u00e9s sont cr\u00e9\u00e9es et activement soutenues par la Russie: la r\u00e9publique populaire de Louhansk et la r\u00e9publique populaire de Donetsk. En septembre 2014, Russes, Ukrainiens, Allemands et Fran\u00e7ais signent les accords de Minsk qui doivent arr\u00eater les combats. Ceux-ci baissent en intensit\u00e9 mais se poursuivent. Vladimir Poutine relancera ses op\u00e9rations militaires le 24 f\u00e9vrier 2022 avec une invasion \u00e0 grande \u00e9chelle. \u00abLe but de cette op\u00e9ration est de prot\u00e9ger les personnes qui, depuis huit ans, sont victimes d\u2019intimidation et de g\u00e9nocide de la part du r\u00e9gime de Kiev\u00bb, justifie-t-il, se r\u00e9f\u00e9rant donc aux manifestations de Ma\u00efdan. Une rh\u00e9torique abondamment utilis\u00e9e depuis.<\/p>\n","protected":false},"excerpt":{"rendered":"Selon Vladimir Poutine, l\u2019origine du conflit entre la Russie et l\u2019Ukraine est li\u00e9e au d\u00e9part de Viktor Ianoukovitch&hellip;\n","protected":false},"author":2,"featured_media":359191,"comment_status":"","ping_status":"","sticky":false,"template":"","format":"standard","meta":{"footnotes":""},"categories":[1590],"tags":[11,1777,674,12,132,220],"class_list":{"0":"post-359190","1":"post","2":"type-post","3":"status-publish","4":"format-standard","5":"has-post-thumbnail","7":"category-ukraine","8":"tag-actualites","9":"tag-eu","10":"tag-europe","11":"tag-news","12":"tag-russie","13":"tag-ukraine"},"share_on_mastodon":{"url":"https:\/\/pubeurope.com\/@fr\/115131096930095487","error":""},"_links":{"self":[{"href":"https:\/\/www.europesays.com\/fr\/wp-json\/wp\/v2\/posts\/359190","targetHints":{"allow":["GET"]}}],"collection":[{"href":"https:\/\/www.europesays.com\/fr\/wp-json\/wp\/v2\/posts"}],"about":[{"href":"https:\/\/www.europesays.com\/fr\/wp-json\/wp\/v2\/types\/post"}],"author":[{"embeddable":true,"href":"https:\/\/www.europesays.com\/fr\/wp-json\/wp\/v2\/users\/2"}],"replies":[{"embeddable":true,"href":"https:\/\/www.europesays.com\/fr\/wp-json\/wp\/v2\/comments?post=359190"}],"version-history":[{"count":0,"href":"https:\/\/www.europesays.com\/fr\/wp-json\/wp\/v2\/posts\/359190\/revisions"}],"wp:featuredmedia":[{"embeddable":true,"href":"https:\/\/www.europesays.com\/fr\/wp-json\/wp\/v2\/media\/359191"}],"wp:attachment":[{"href":"https:\/\/www.europesays.com\/fr\/wp-json\/wp\/v2\/media?parent=359190"}],"wp:term":[{"taxonomy":"category","embeddable":true,"href":"https:\/\/www.europesays.com\/fr\/wp-json\/wp\/v2\/categories?post=359190"},{"taxonomy":"post_tag","embeddable":true,"href":"https:\/\/www.europesays.com\/fr\/wp-json\/wp\/v2\/tags?post=359190"}],"curies":[{"name":"wp","href":"https:\/\/api.w.org\/{rel}","templated":true}]}}