{"id":359199,"date":"2025-09-01T21:15:12","date_gmt":"2025-09-01T21:15:12","guid":{"rendered":"https:\/\/www.europesays.com\/fr\/359199\/"},"modified":"2025-09-01T21:15:12","modified_gmt":"2025-09-01T21:15:12","slug":"lue-suivra-ses-propres-regles-sur-la-tech-dit-la-commission-europeenne","status":"publish","type":"post","link":"https:\/\/www.europesays.com\/fr\/359199\/","title":{"rendered":"l\u2019UE suivra ses propres r\u00e8gles sur la tech, dit la Commission europ\u00e9enne"},"content":{"rendered":"<p>L\u2019Union europ\u00e9enne continuera \u00e0 appliquer ses r\u00e8gles entourant le fonctionnement de la tech, en d\u00e9pit des menaces de Donald\u00a0Trump, a d\u00e9clar\u00e9 lundi 1er\u00a0septembre sur X la vice-pr\u00e9sidente de la Commission europ\u00e9enne Henna Virkkunen, en r\u00e9ponse aux inqui\u00e9tudes du Congr\u00e8s am\u00e9ricain.<\/p>\n<p>\u00ab\u00a0Je continuerai \u00e0 les faire respecter, pour nos enfants, nos citoyens et nos entreprises\u00a0\u00bb, a-t-elle affirm\u00e9, faisant r\u00e9f\u00e9rence \u00e0 la l\u00e9gislation sur les services num\u00e9riques (DSA) et au r\u00e8glement sur les march\u00e9s num\u00e9riques (DMA).<\/p>\n<p>D\u00e9sinformation, haine en ligne, contrefa\u00e7ons ou produits dangereux, le DSA vise \u00e0 prot\u00e9ger les utilisateurs europ\u00e9ens en imposant aux plateformes des obligations \u2013 en particulier de signalement de contenus probl\u00e9matiques. Le pr\u00e9sident am\u00e9ricain, Donald\u00a0Trump, a vigoureusement attaqu\u00e9 il y a une semaine les pays ou organisations r\u00e9gulant le secteur de la tech, les mena\u00e7ant de droits de douane et de restrictions \u00e0 l\u2019exportation.<\/p>\n<p>S\u2019il n\u2019a pas cit\u00e9 directement l\u2019<a href=\"https:\/\/www.la-croix.com\/economie\/droits-de-douane-sur-les-vins-et-spiritueux-l-union-europeenne-ne-sest-pas-mobilisee-pour-nous-defendre-20250822\" data-tracking=\"inpage_click\" data-tracking-action=\"suivre un lien dans l&#039;article\" data-tracking-category=\"engagement\" rel=\"nofollow noopener\" target=\"_blank\">Union europ\u00e9enne<\/a>, celle-ci dispose de fait de l\u2019arsenal juridique le plus puissant du monde pour r\u00e9guler le num\u00e9rique. Dans la foul\u00e9e de ces menaces, le Congr\u00e8s am\u00e9ricain a pr\u00e9vu d\u2019organiser mercredi une audition sur la r\u00e9glementation de la tech, intitul\u00e9e \u00ab\u00a0la menace de l\u2019Europe sur la libert\u00e9 d\u2019expression et l\u2019innovation en Am\u00e9rique\u00a0\u00bb.<\/p>\n<p>Des \u00ab\u00a0lois souveraines de l\u2019Union europ\u00e9enne\u00a0\u00bb<\/p>\n<p>Henna Vikkunen charg\u00e9e, entre autres, du secteur de la tech a \u00e9galement diffus\u00e9 sur X le contenu d\u2019une lettre adress\u00e9e au responsable de la commission judiciaire de la Chambre des repr\u00e9sentants, Jim Jordan, \u00e0 l\u2019origine de cette audition.<\/p>\n<p>\u00ab\u00a0Le DSA et le DMA sont des lois souveraines de l\u2019Union europ\u00e9enne, adopt\u00e9es avec des majorit\u00e9s \u00e9crasantes par le Parlement europ\u00e9en et le Conseil europ\u00e9en\u00a0\u00bb, qui repr\u00e9sente les 27 \u00c9tats membres, rappelle-t-elle dans cette lettre en date du 1er\u00a0septembre.<\/p>\n<p>Ces deux lois \u00ab\u00a0respectent pleinement les droits fondamentaux, y compris la libert\u00e9 d\u2019expression\u00a0\u00bb, ajoute-t-elle, alors que les \u00c9tats-Unis d\u00e9noncent les menaces de censure.<\/p>\n<p>La priorit\u00e9 de l\u2019UE reste celle d\u2019\u00ab\u00a0une meilleure protection des mineurs et des entreprises\u00a0\u00bb, assure encore Mme\u00a0Vikkunen, qui a rencontr\u00e9 en juillet \u00e0 Bruxelles Jim Jordan et d\u2019autres responsables de la commission judiciaire de la Chambre des repr\u00e9sentants.<\/p>\n<p>L\u2019ancien commissaire europ\u00e9en <a href=\"https:\/\/www.la-croix.com\/international\/thierry-breton-tire-sa-reverence-a-la-commission-europeenne-20240916\" data-tracking=\"inpage_click\" data-tracking-action=\"suivre un lien dans l&#039;article\" data-tracking-category=\"engagement\" rel=\"nofollow noopener\" target=\"_blank\">Thierry Breton<\/a>, invit\u00e9 \u00e0 t\u00e9moigner \u00e0 Washington devant le Congr\u00e8s cette semaine, a d\u00e9clin\u00e9 l\u2019offre, expliquant que c\u2019\u00e9tait \u00e0 la Commission de r\u00e9pondre et non \u00e0 un de ses anciens membres.<\/p>\n","protected":false},"excerpt":{"rendered":"L\u2019Union europ\u00e9enne continuera \u00e0 appliquer ses r\u00e8gles entourant le fonctionnement de la tech, en d\u00e9pit des menaces de&hellip;\n","protected":false},"author":2,"featured_media":359200,"comment_status":"","ping_status":"","sticky":false,"template":"","format":"standard","meta":{"footnotes":""},"categories":[1586],"tags":[11,1777,674,1779,1011,27,12,25,1778,364],"class_list":{"0":"post-359199","1":"post","2":"type-post","3":"status-publish","4":"format-standard","5":"has-post-thumbnail","7":"category-europe","8":"tag-actualites","9":"tag-eu","10":"tag-europe","11":"tag-european-union","12":"tag-fr","13":"tag-france","14":"tag-news","15":"tag-republique-francaise","16":"tag-ue","17":"tag-union-europeenne"},"share_on_mastodon":{"url":"https:\/\/pubeurope.com\/@fr\/115131116702148642","error":""},"_links":{"self":[{"href":"https:\/\/www.europesays.com\/fr\/wp-json\/wp\/v2\/posts\/359199","targetHints":{"allow":["GET"]}}],"collection":[{"href":"https:\/\/www.europesays.com\/fr\/wp-json\/wp\/v2\/posts"}],"about":[{"href":"https:\/\/www.europesays.com\/fr\/wp-json\/wp\/v2\/types\/post"}],"author":[{"embeddable":true,"href":"https:\/\/www.europesays.com\/fr\/wp-json\/wp\/v2\/users\/2"}],"replies":[{"embeddable":true,"href":"https:\/\/www.europesays.com\/fr\/wp-json\/wp\/v2\/comments?post=359199"}],"version-history":[{"count":0,"href":"https:\/\/www.europesays.com\/fr\/wp-json\/wp\/v2\/posts\/359199\/revisions"}],"wp:featuredmedia":[{"embeddable":true,"href":"https:\/\/www.europesays.com\/fr\/wp-json\/wp\/v2\/media\/359200"}],"wp:attachment":[{"href":"https:\/\/www.europesays.com\/fr\/wp-json\/wp\/v2\/media?parent=359199"}],"wp:term":[{"taxonomy":"category","embeddable":true,"href":"https:\/\/www.europesays.com\/fr\/wp-json\/wp\/v2\/categories?post=359199"},{"taxonomy":"post_tag","embeddable":true,"href":"https:\/\/www.europesays.com\/fr\/wp-json\/wp\/v2\/tags?post=359199"}],"curies":[{"name":"wp","href":"https:\/\/api.w.org\/{rel}","templated":true}]}}