{"id":359213,"date":"2025-09-01T21:25:10","date_gmt":"2025-09-01T21:25:10","guid":{"rendered":"https:\/\/www.europesays.com\/fr\/359213\/"},"modified":"2025-09-01T21:25:10","modified_gmt":"2025-09-01T21:25:10","slug":"rabiot-pourrait-affronter-le-14-septembre-bologne-et-rowe-avec-qui-il-sest-battu-dans-le-vestiaire-marseillais","status":"publish","type":"post","link":"https:\/\/www.europesays.com\/fr\/359213\/","title":{"rendered":"Rabiot pourrait affronter le 14 septembre Bologne&#8230; et Rowe avec qui il s\u2019est battu dans le vestiaire marseillais"},"content":{"rendered":"<p>Le milieu de terrain fran\u00e7ais pourrait retrouver le joueur qui a provoqu\u00e9 son d\u00e9part de l\u2019OM apr\u00e8s la bagarre dans le vestiaire \u00e0 Rennes.<\/p>\n<p class=\"fig-paragraph\">Le hasard fait parfois bien les choses. Adrien Rabiot,\u00a0<a href=\"http:\/\/www.lefigaro.fr\/sports\/football\/transferts\/mercato-l-om-et-l-ac-milan-officialisent-le-transfert-d-adrien-rabiot-20250901\" data-fig-type=\"NewsFlash\" data-gtm-custom-categorie=\"navigation\" data-gtm-custom-action=\"crossclick\" data-gtm-custom-label=\"Contextuel\" data-gtm-event=\"customEventSPE\" data-fig-domain=\"LEFIGARO\" rel=\"nofollow noopener\" target=\"_blank\">qui s\u2019est engag\u00e9 jusqu\u2019en 2028 \u00e0 l\u2019AC Milan<\/a>\u00a0va retrouver la Serie A qu\u2019il avait d\u00e9couverte en 2019 avec la Juventus Turin et Massimiliano Allegri alors aux commandes de la \u00abVieille Dame\u00bb. Mais le milieu de terrain fran\u00e7ais a probablement not\u00e9 dans son agenda que son nouveau club allait affronter Bologne le 14 septembre prochain apr\u00e8s la tr\u00eave internationale. Jusque-l\u00e0, rien de plus banal.<\/p>\n<p>Des retrouvailles explosives le 14 septembre\u00a0?<\/p>\n<p class=\"fig-paragraph\">Sauf que cette rencontre, qui pourrait permettre \u00e0 Rabiot de faire ses grands d\u00e9buts en rossonero \u00e0 San Siro sera peut-\u00eatre celle des retrouvailles avec Jonathan Rowe, son ex-co\u00e9quipier phoc\u00e9en\u00a0<a href=\"http:\/\/www.lefigaro.fr\/sports\/football\/ligue-1\/om-apres-leur-altercation-dans-le-vestiaire-a-rennes-rabiot-et-rowe-temporairement-ecartes-de-l-equipe-premiere-20250818\" data-fig-type=\"NewsFlash\" data-gtm-custom-categorie=\"navigation\" data-gtm-custom-action=\"crossclick\" data-gtm-custom-label=\"Contextuel\" data-gtm-event=\"customEventSPE\" data-fig-domain=\"LEFIGARO\" rel=\"nofollow noopener\" target=\"_blank\">avec qui il s\u2019\u00e9tait battu dans le vestiaire apr\u00e8s la d\u00e9faite \u00e0 Rennes<\/a>. Une altercation qui avait pouss\u00e9 les dirigeants marseillais \u00e0 se s\u00e9parer des deux hommes plac\u00e9 sur le march\u00e9 des transferts. Rowe\u00a0<a href=\"http:\/\/www.lefigaro.fr\/sports\/football\/transferts\/mercato-concerne-par-l-affaire-rabiot-jonathan-rowe-quitte-l-om-et-rejoint-bologne-20250824\" data-fig-type=\"NewsFlash\" data-gtm-custom-categorie=\"navigation\" data-gtm-custom-action=\"crossclick\" data-gtm-custom-label=\"Contextuel\" data-gtm-event=\"customEventSPE\" data-fig-domain=\"LEFIGARO\" rel=\"nofollow noopener\" target=\"_blank\">avait pris la direction de Bologne<\/a>\u00a0quarante-huit heures apr\u00e8s cet incident.<\/p>\n","protected":false},"excerpt":{"rendered":"Le milieu de terrain fran\u00e7ais pourrait retrouver le joueur qui a provoqu\u00e9 son d\u00e9part de l\u2019OM apr\u00e8s la&hellip;\n","protected":false},"author":2,"featured_media":359214,"comment_status":"","ping_status":"","sticky":false,"template":"","format":"standard","meta":{"footnotes":""},"categories":[1412],"tags":[2261,525,3233,1981,49465,814,1451,11809,2257,63,1452,1453,1454,1455,1011,27,4788,452,7153,49468,955,967,49469,1980,49467,49466,67,60],"class_list":{"0":"post-359213","1":"post","2":"type-post","3":"status-publish","4":"format-standard","5":"has-post-thumbnail","7":"category-f1","8":"tag-calcio","9":"tag-calendrier","10":"tag-championnat","11":"tag-classement","12":"tag-coppa","13":"tag-direct","14":"tag-f1","15":"tag-fiorentina","16":"tag-foot","17":"tag-football","18":"tag-formula-1","19":"tag-formula1","20":"tag-formule-1","21":"tag-formule1","22":"tag-fr","23":"tag-france","24":"tag-inter-milan","25":"tag-italie","26":"tag-juventus","27":"tag-lazio","28":"tag-match","29":"tag-milan-ac","30":"tag-napoli","31":"tag-resultats","32":"tag-roma","33":"tag-scudetto","34":"tag-serie-a","35":"tag-sports"},"share_on_mastodon":{"url":"https:\/\/pubeurope.com\/@fr\/115131155959983837","error":""},"_links":{"self":[{"href":"https:\/\/www.europesays.com\/fr\/wp-json\/wp\/v2\/posts\/359213","targetHints":{"allow":["GET"]}}],"collection":[{"href":"https:\/\/www.europesays.com\/fr\/wp-json\/wp\/v2\/posts"}],"about":[{"href":"https:\/\/www.europesays.com\/fr\/wp-json\/wp\/v2\/types\/post"}],"author":[{"embeddable":true,"href":"https:\/\/www.europesays.com\/fr\/wp-json\/wp\/v2\/users\/2"}],"replies":[{"embeddable":true,"href":"https:\/\/www.europesays.com\/fr\/wp-json\/wp\/v2\/comments?post=359213"}],"version-history":[{"count":0,"href":"https:\/\/www.europesays.com\/fr\/wp-json\/wp\/v2\/posts\/359213\/revisions"}],"wp:featuredmedia":[{"embeddable":true,"href":"https:\/\/www.europesays.com\/fr\/wp-json\/wp\/v2\/media\/359214"}],"wp:attachment":[{"href":"https:\/\/www.europesays.com\/fr\/wp-json\/wp\/v2\/media?parent=359213"}],"wp:term":[{"taxonomy":"category","embeddable":true,"href":"https:\/\/www.europesays.com\/fr\/wp-json\/wp\/v2\/categories?post=359213"},{"taxonomy":"post_tag","embeddable":true,"href":"https:\/\/www.europesays.com\/fr\/wp-json\/wp\/v2\/tags?post=359213"}],"curies":[{"name":"wp","href":"https:\/\/api.w.org\/{rel}","templated":true}]}}