{"id":359217,"date":"2025-09-01T21:27:09","date_gmt":"2025-09-01T21:27:09","guid":{"rendered":"https:\/\/www.europesays.com\/fr\/359217\/"},"modified":"2025-09-01T21:27:09","modified_gmt":"2025-09-01T21:27:09","slug":"adrien-rabiot-est-arrive-a-clairefontaine","status":"publish","type":"post","link":"https:\/\/www.europesays.com\/fr\/359217\/","title":{"rendered":"Adrien Rabiot est arriv\u00e9 \u00e0 Clairefontaine"},"content":{"rendered":"<p>C\u2019est officiel depuis 20h32. Apr\u00e8s seulement une saison pass\u00e9e \u00e0 l\u2019Olympique de Marseille, <a href=\"https:\/\/www.footmercato.net\/joueur\/adrien-rabiot\/\" rel=\"nofollow noopener\" target=\"_blank\">Adrien Rabiot<\/a> a retrouv\u00e9 la Serie A. <a href=\"https:\/\/www.footmercato.net\/a4350897922776590849-lac-milan-recupere-adrien-rabiot\" rel=\"nofollow noopener\" target=\"_blank\">Le milieu de terrain fran\u00e7ais a \u00e9t\u00e9 recrut\u00e9 par l\u2019AC Milan jusqu\u2019en 2028<\/a>.<\/p>\n<p>            La suite apr\u00e8s cette publicit\u00e9<\/p>\n<p>Le joueur peut d\u00e9sormais se concentrer sur ses \u00e9changes avec l\u2019\u00e9quipe de <a href=\"https:\/\/www.footmercato.net\/selection\/france\/\" rel=\"nofollow noopener\" target=\"_blank\">France<\/a>. La FFF annonce en effet que l\u2019ancien Olympien est arriv\u00e9 \u00e0 Clairefontaine ce soir et a donc rejoint le groupe des Bleus. <\/p>\n<p>\n    Pub. le 01\/09\/2025 21:53<br \/>\n            &#8211; MAJ le 01\/09\/2025 22:55\n    <\/p>\n","protected":false},"excerpt":{"rendered":"C\u2019est officiel depuis 20h32. Apr\u00e8s seulement une saison pass\u00e9e \u00e0 l\u2019Olympique de Marseille, Adrien Rabiot a retrouv\u00e9 la&hellip;\n","protected":false},"author":2,"featured_media":157282,"comment_status":"","ping_status":"","sticky":false,"template":"","format":"standard","meta":{"footnotes":""},"categories":[1410],"tags":[63,1011,27,60],"class_list":{"0":"post-359217","1":"post","2":"type-post","3":"status-publish","4":"format-standard","5":"has-post-thumbnail","7":"category-football","8":"tag-football","9":"tag-fr","10":"tag-france","11":"tag-sports"},"share_on_mastodon":{"url":"https:\/\/pubeurope.com\/@fr\/115131163888736307","error":""},"_links":{"self":[{"href":"https:\/\/www.europesays.com\/fr\/wp-json\/wp\/v2\/posts\/359217","targetHints":{"allow":["GET"]}}],"collection":[{"href":"https:\/\/www.europesays.com\/fr\/wp-json\/wp\/v2\/posts"}],"about":[{"href":"https:\/\/www.europesays.com\/fr\/wp-json\/wp\/v2\/types\/post"}],"author":[{"embeddable":true,"href":"https:\/\/www.europesays.com\/fr\/wp-json\/wp\/v2\/users\/2"}],"replies":[{"embeddable":true,"href":"https:\/\/www.europesays.com\/fr\/wp-json\/wp\/v2\/comments?post=359217"}],"version-history":[{"count":0,"href":"https:\/\/www.europesays.com\/fr\/wp-json\/wp\/v2\/posts\/359217\/revisions"}],"wp:featuredmedia":[{"embeddable":true,"href":"https:\/\/www.europesays.com\/fr\/wp-json\/wp\/v2\/media\/157282"}],"wp:attachment":[{"href":"https:\/\/www.europesays.com\/fr\/wp-json\/wp\/v2\/media?parent=359217"}],"wp:term":[{"taxonomy":"category","embeddable":true,"href":"https:\/\/www.europesays.com\/fr\/wp-json\/wp\/v2\/categories?post=359217"},{"taxonomy":"post_tag","embeddable":true,"href":"https:\/\/www.europesays.com\/fr\/wp-json\/wp\/v2\/tags?post=359217"}],"curies":[{"name":"wp","href":"https:\/\/api.w.org\/{rel}","templated":true}]}}