{"id":359218,"date":"2025-09-01T21:28:12","date_gmt":"2025-09-01T21:28:12","guid":{"rendered":"https:\/\/www.europesays.com\/fr\/359218\/"},"modified":"2025-09-01T21:28:12","modified_gmt":"2025-09-01T21:28:12","slug":"cyril-hanouna-sort-deja-des-rails-apres-une-arrivee-digne-de-las-vegas","status":"publish","type":"post","link":"https:\/\/www.europesays.com\/fr\/359218\/","title":{"rendered":"Cyril Hanouna sort (d\u00e9j\u00e0) des rails apr\u00e8s une arriv\u00e9e digne de Las Vegas"},"content":{"rendered":"<p>        <img decoding=\"async\" loading=\"lazy\" src=\"https:\/\/www.europesays.com\/fr\/wp-content\/uploads\/2025\/09\/3654c7f_upload-1-4hp1ng5rvndw-capture-da-a-cran-2025-09-01-220349.png\"  width=\"728\" height=\"409\" alt=\"L\u2019animateur Cyril Hanouna a fait une entr\u00e9e en fanfare pour son retour t\u00e9l\u00e9vis\u00e9, en fin d\u2019apr\u00e8s-midi ce lundi 1er septembre.\"\/>  <\/p>\n<p>W9\u00a0capture d\u2019\u00e9cran vid\u00e9o X<\/p>\n<p>L\u2019animateur Cyril Hanouna a fait une entr\u00e9e en fanfare pour son retour t\u00e9l\u00e9vis\u00e9, en fin d\u2019apr\u00e8s-midi ce lundi 1er septembre.<\/p>\n<p class=\"asset asset-text\">M\u00c9DIAS &#8211; \u00ab\u00a0On est chauds\u00a0!\u00a0\u00bb L\u2019animateur <a href=\"https:\/\/www.huffingtonpost.fr\/divertissement\/article\/cyril-hanouna-commence-tout-beau-tout-neuf-sur-w9-et-recoit-les-encouragements-de-son-ancien-patron_254266.html\" target=\"_blank\" rel=\"noopener\">Cyril Hanouna<\/a> a fait une entr\u00e9e en fanfare pour son retour t\u00e9l\u00e9vis\u00e9, en fin d\u2019apr\u00e8s-midi ce lundi 1er\u00a0septembre, dans <a href=\"https:\/\/www.huffingtonpost.fr\/divertissement\/article\/dans-tout-beau-tout-neuf-cyril-hanouna-fera-t-il-autre-chose-qu-un-touche-pas-a-mon-poste-bis_254072.html\" target=\"_blank\" rel=\"noopener\">Tout beau tout n9uf,<\/a> sur W9. Et celui qui avait pour directive de ne pas parler politique a quand m\u00eame lanc\u00e9 des d\u00e9bats&#8230; sur la politique\u00a0!<\/p>\n<p class=\"asset asset-text\">Accroch\u00e9e par des c\u00e2bles, la star du PAF est arriv\u00e9e par les airs avant de fouler un tapis rouge \u00e0 l\u2019ext\u00e9rieur des studios. Applaudie par une horde de spectateurs mass\u00e9s derri\u00e8re des grilles, l\u2019ex-vedette de la galaxie Bollor\u00e9 a lanc\u00e9\u00a0apr\u00e8s plusieurs mois de relative di\u00e8te m\u00e9diatique\u00a0: \u00ab\u00a0Les ch\u00e9ris, vous m\u2019avez manqu\u00e9.\u00a0\u00bb<\/p>\n<p class=\"asset asset-text\">\u00ab\u00a0Balancez-moi du son\u00a0\u00bb a encore scand\u00e9 l\u2019animateur, avant de courir et danser sur le tapis rouge sur I\u2019m Good (Blue) de David\u00a0Guetta et Bebe Rexha.<\/p>\n<p> La lecture de ce contenu est susceptible d\u2019entra\u00eener un d\u00e9p\u00f4t de cookies de la part de l\u2019op\u00e9rateur tiers qui l\u2019h\u00e9berge. Compte-tenu des choix que vous avez exprim\u00e9s en mati\u00e8re de d\u00e9p\u00f4t de cookies, nous avons bloqu\u00e9 l\u2019affichage de ce contenu. Si vous souhaitez y acc\u00e9der, vous devez accepter la cat\u00e9gorie de cookies \u201cContenus tiers\u201d en cliquant sur le bouton ci-dessous. <\/p>\n<p> Lire la Vid\u00e9o        <\/p>\n<p class=\"asset asset-text\">Si aucune restriction n\u2019a \u00e9t\u00e9 donn\u00e9e sur l\u2019humour, le groupe M6 auquel appartient W9 a demand\u00e9 au roi du clash de privil\u00e9gier le divertissement et d\u2019\u00e9viter les sujets politiques et pol\u00e9miques qu\u2019il abordait dans son ancienne \u00e9mission TPMP sur la cha\u00eene C8.<\/p>\n<p>                     Deux d\u00e9bats sur de la politique d\u00e8s la premi\u00e8re \u00e9mission    <\/p>\n<p class=\"asset asset-text\">Mais Cyril Hanouna n\u2019a pas vraiment respect\u00e9 cette commande et est d\u00e9j\u00e0 sorti des rails. L\u2019animateur controvers\u00e9 a en effet lanc\u00e9 un d\u00e9bat en lien avec l\u2019actualit\u00e9 politique. \u00ab\u00a0Fran\u00e7ois Bayrou d\u00e9clare que\u00a0ce sont les Fran\u00e7ais qui d\u00e9pensent l\u2019argent public\u00a0: \u00eates-vous d\u2019accord\u00a0?\u00a0\u00bb, a-t-il questionn\u00e9 sa vingtaine de chroniqueurs dont nombre d\u2019anciens de C8 et des nouveaux venu comme l\u2019ex-ministre Marl\u00e8ne Schiappa. Une question qui a notamment mis en col\u00e8re Gilles Verdez, mais le plateau a fini par globalement s\u2019accorder sur le fait de s\u2019opposer \u00e0 la d\u00e9claration du Premier ministre. Le pr\u00e9sentateur de Tout beau tout n9uf\u00a0en profite pour glisser qu\u2019il ne croit pas \u00e0 une dissolution.<\/p>\n<p> La lecture de ce contenu est susceptible d\u2019entra\u00eener un d\u00e9p\u00f4t de cookies de la part de l\u2019op\u00e9rateur tiers qui l\u2019h\u00e9berge. Compte-tenu des choix que vous avez exprim\u00e9s en mati\u00e8re de d\u00e9p\u00f4t de cookies, nous avons bloqu\u00e9 l\u2019affichage de ce contenu. Si vous souhaitez y acc\u00e9der, vous devez accepter la cat\u00e9gorie de cookies \u201cContenus tiers\u201d en cliquant sur le bouton ci-dessous. <\/p>\n<p> Lire la Vid\u00e9o            <\/p>\n<p class=\"asset asset-text\">Et Cyril Hanouna ne s\u2019est pas arr\u00eat\u00e9 l\u00e0\u00a0: il a lanc\u00e9 un second d\u00e9bat, cette fois-ci sur la \u00ab\u00a0pause num\u00e9rique\u00a0\u00bb dans les \u00e9tablissements scolaires, souligne<a href=\"https:\/\/www.leparisien.fr\/culture-loisirs\/tv\/direct-cyril-hanouna-lance-tout-beau-tout-n9uf-sa-nouvelle-emission-sur-w9-suivez-la-premiere-01-09-2025-DWFVDROCTVEGNIC7Q66FQZFNFE.php\" target=\"_blank\" rel=\"noopener\" title=\"Nouvelle fen\u00eatre\"> Le Parisien<\/a>. L\u2019interdiction de l\u2019utilisation du t\u00e9l\u00e9phone portable \u00e0 l\u2019\u00e9cole et au coll\u00e8ge\u00a0est l\u2019une des mesures phares de la rentr\u00e9e scolaire 2025\u00a0et le cheval de bataille de la ministre de l\u2019\u00c9ducation nationale \u00c9lisabeth Borne.<\/p>\n<p>    Vocabulaire fleuri et retour de Delormeau    <\/p>\n<p class=\"asset asset-text\">Outre la politique, Cyril Hanouna a, sur un plateau flambant neuf, charri\u00e9 ses chroniqueurs et d\u00e9ploy\u00e9 humour potache et vocabulaire fleuri, en retenant parfois ses coups. \u00ab\u00a0Ne me demandez pas mon avis, je ne suis pas l\u00e0 pour \u00e7a\u00a0\u00bb, a-t-il notamment l\u00e2ch\u00e9.<\/p>\n<p class=\"asset asset-text\">Autre surprise de ces trois heures d\u2019\u00e9mission\u00a0: l\u2019ex-chroniqueur de TPMP Matthieu Delormeau, notamment arr\u00eat\u00e9 \u00e0 deux reprises par les forces de l\u2019ordre ces derniers mois, a fait son grand retour. Il rejoindra la bande comme visage r\u00e9gulier de Tout beau tout n9uf.<\/p>\n<p class=\"asset asset-text\">Le patron de M6, David Larramendy, qui a frapp\u00e9 fort avec ce recrutement, esp\u00e8re retrouver les audiences de TPMP qui rassemblait quelque 2\u00a0millions de t\u00e9l\u00e9spectateurs.<\/p>\n<p class=\"asset asset-text\">D\u00e8s mardi, le trublion du PAF aura un autre pied dans le groupe, avec Tout beau tout fun, sur Fun Radio de 15\u00a0h \u00e0 18\u00a0h, et cumulera au total pr\u00e8s de six heures d\u2019antenne chaque jour.<\/p>\n","protected":false},"excerpt":{"rendered":"W9\u00a0capture d\u2019\u00e9cran vid\u00e9o X L\u2019animateur Cyril Hanouna a fait une entr\u00e9e en fanfare pour son retour t\u00e9l\u00e9vis\u00e9, en&hellip;\n","protected":false},"author":2,"featured_media":359219,"comment_status":"","ping_status":"","sticky":false,"template":"","format":"standard","meta":{"footnotes":""},"categories":[1359],"tags":[251,1083,58,59,1011,27,500,973,2395],"class_list":{"0":"post-359218","1":"post","2":"type-post","3":"status-publish","4":"format-standard","5":"has-post-thumbnail","7":"category-people","8":"tag-culture","9":"tag-cyril-hanouna","10":"tag-divertissement","11":"tag-entertainment","12":"tag-fr","13":"tag-france","14":"tag-medias","15":"tag-people","16":"tag-w9"},"share_on_mastodon":{"url":"https:\/\/pubeurope.com\/@fr\/115131168260702574","error":""},"_links":{"self":[{"href":"https:\/\/www.europesays.com\/fr\/wp-json\/wp\/v2\/posts\/359218","targetHints":{"allow":["GET"]}}],"collection":[{"href":"https:\/\/www.europesays.com\/fr\/wp-json\/wp\/v2\/posts"}],"about":[{"href":"https:\/\/www.europesays.com\/fr\/wp-json\/wp\/v2\/types\/post"}],"author":[{"embeddable":true,"href":"https:\/\/www.europesays.com\/fr\/wp-json\/wp\/v2\/users\/2"}],"replies":[{"embeddable":true,"href":"https:\/\/www.europesays.com\/fr\/wp-json\/wp\/v2\/comments?post=359218"}],"version-history":[{"count":0,"href":"https:\/\/www.europesays.com\/fr\/wp-json\/wp\/v2\/posts\/359218\/revisions"}],"wp:featuredmedia":[{"embeddable":true,"href":"https:\/\/www.europesays.com\/fr\/wp-json\/wp\/v2\/media\/359219"}],"wp:attachment":[{"href":"https:\/\/www.europesays.com\/fr\/wp-json\/wp\/v2\/media?parent=359218"}],"wp:term":[{"taxonomy":"category","embeddable":true,"href":"https:\/\/www.europesays.com\/fr\/wp-json\/wp\/v2\/categories?post=359218"},{"taxonomy":"post_tag","embeddable":true,"href":"https:\/\/www.europesays.com\/fr\/wp-json\/wp\/v2\/tags?post=359218"}],"curies":[{"name":"wp","href":"https:\/\/api.w.org\/{rel}","templated":true}]}}