{"id":359220,"date":"2025-09-01T21:29:14","date_gmt":"2025-09-01T21:29:14","guid":{"rendered":"https:\/\/www.europesays.com\/fr\/359220\/"},"modified":"2025-09-01T21:29:14","modified_gmt":"2025-09-01T21:29:14","slug":"loeil-du-photographe-une-cigogne-noire-dans-le-ciel-de-trevignon","status":"publish","type":"post","link":"https:\/\/www.europesays.com\/fr\/359220\/","title":{"rendered":"L\u2019\u0152il du photographe\u00a0: une cigogne noire dans le ciel de Tr\u00e9vignon"},"content":{"rendered":"<p>L\u2019image n\u2019est pas commune\u2026 Le 20 ao\u00fbt, Gildas Funtun a r\u00e9ussi \u00e0 photographier cette cigogne noire juv\u00e9nile (ciconia nigra), en plein vol au-dessus des \u00e9tangs de Tr\u00e9vignon, \u00e0 Tr\u00e9gunc. \u00ab\u00a0Une belle surprise, car c\u2019est plut\u00f4t rare dans ce secteur\u00a0\u00bb, souligne-t-il. Pour \u00eatre publi\u00e9 dans cette rubrique r\u00e9serv\u00e9e aux photographes amateurs du pays de Concarneau, adressez-nous vos clich\u00e9s, r\u00e9cents de pr\u00e9f\u00e9rence et d\u2019une r\u00e9solution d\u2019au moins 1 Mo, \u00e0 concarneau@letelegramme.fr. L\u2019envoi des images vaut autorisation de publication gratuite dans nos colonnes et sur le site internet du T\u00e9l\u00e9gramme.<\/p>\n","protected":false},"excerpt":{"rendered":"L\u2019image n\u2019est pas commune\u2026 Le 20 ao\u00fbt, Gildas Funtun a r\u00e9ussi \u00e0 photographier cette cigogne noire juv\u00e9nile (ciconia&hellip;\n","protected":false},"author":2,"featured_media":359221,"comment_status":"","ping_status":"","sticky":false,"template":"","format":"standard","meta":{"footnotes":""},"categories":[1358],"tags":[1348,1384,1385,3322,1386,58,59,1011,27,32053,19529],"class_list":{"0":"post-359220","1":"post","2":"type-post","3":"status-publish","4":"format-standard","5":"has-post-thumbnail","7":"category-arts-et-design","8":"tag-arts","9":"tag-arts-and-design","10":"tag-arts-et-design","11":"tag-concarneau","12":"tag-design","13":"tag-divertissement","14":"tag-entertainment","15":"tag-fr","16":"tag-france","17":"tag-loeil-du-photographe","18":"tag-tregunc"},"share_on_mastodon":{"url":"https:\/\/pubeurope.com\/@fr\/115131172036479953","error":""},"_links":{"self":[{"href":"https:\/\/www.europesays.com\/fr\/wp-json\/wp\/v2\/posts\/359220","targetHints":{"allow":["GET"]}}],"collection":[{"href":"https:\/\/www.europesays.com\/fr\/wp-json\/wp\/v2\/posts"}],"about":[{"href":"https:\/\/www.europesays.com\/fr\/wp-json\/wp\/v2\/types\/post"}],"author":[{"embeddable":true,"href":"https:\/\/www.europesays.com\/fr\/wp-json\/wp\/v2\/users\/2"}],"replies":[{"embeddable":true,"href":"https:\/\/www.europesays.com\/fr\/wp-json\/wp\/v2\/comments?post=359220"}],"version-history":[{"count":0,"href":"https:\/\/www.europesays.com\/fr\/wp-json\/wp\/v2\/posts\/359220\/revisions"}],"wp:featuredmedia":[{"embeddable":true,"href":"https:\/\/www.europesays.com\/fr\/wp-json\/wp\/v2\/media\/359221"}],"wp:attachment":[{"href":"https:\/\/www.europesays.com\/fr\/wp-json\/wp\/v2\/media?parent=359220"}],"wp:term":[{"taxonomy":"category","embeddable":true,"href":"https:\/\/www.europesays.com\/fr\/wp-json\/wp\/v2\/categories?post=359220"},{"taxonomy":"post_tag","embeddable":true,"href":"https:\/\/www.europesays.com\/fr\/wp-json\/wp\/v2\/tags?post=359220"}],"curies":[{"name":"wp","href":"https:\/\/api.w.org\/{rel}","templated":true}]}}