{"id":359222,"date":"2025-09-01T21:30:12","date_gmt":"2025-09-01T21:30:12","guid":{"rendered":"https:\/\/www.europesays.com\/fr\/359222\/"},"modified":"2025-09-01T21:30:12","modified_gmt":"2025-09-01T21:30:12","slug":"la-premiere-selection-du-prix-decembre-2025","status":"publish","type":"post","link":"https:\/\/www.europesays.com\/fr\/359222\/","title":{"rendered":"La premi\u00e8re s\u00e9lection du prix D\u00e9cembre 2025"},"content":{"rendered":"<p>Le coup d\u2019envoi des grands prix litt\u00e9raires d\u2019automne 2025 est lanc\u00e9 avec la premi\u00e8re s\u00e9lection du jury du prix D\u00e9cembre. Comportant 11 titres, celle-ci est majoritairement f\u00e9minine (sept femmes pour quatre hommes) et comprend un premier roman, celui de <strong>Lucie-Anne Belgy<\/strong>, Il pleut sur la parade (Gallimard), d\u00e9j\u00e0 <a href=\"https:\/\/www.livreshebdo.fr\/article\/le-palmares-transfuge-de-la-rentree-litteraire-2025\" target=\"_blank\" rel=\"nofollow noopener\">couronn\u00e9 du prix Transfuge 2025<\/a>, tandis que le laur\u00e9at du prix Transfuge de la biographie 2025, Huysmans vivant\u00a0d&rsquo;<strong>Agn\u00e8s Michaux<\/strong> (Cherche Midi) est \u00e9galement dans la liste, qui compte un essai,\u00a0Flamme volcan temp\u00eate : un portrait de Christine Pawlowska de <strong>Pierre Boisson<\/strong> (Sous-Sol) et deux ouvrages non encore parus, Le parlement de l&rsquo;Eau, de <strong>Wendy Delorme<\/strong> (3 septembre \/ Cambourakis) et\u00a0Remember Fessenheim\u00a0de <strong>David Dufresne<\/strong> (17 septembre \/ Grasset).<\/p>\n<p>La deuxi\u00e8me s\u00e9lection est pr\u00e9vue le 14 octobre et la remise du prix, dot\u00e9 par la Fondation Pierre Berg\u00e9 &#8211; Yves-Saint-Laurent, est attendue le 28 octobre.<\/p>\n<p><strong>La premi\u00e8re s\u00e9lection du prix D\u00e9cembre 2025\u00a0<\/strong><\/p>\n<ul>\n<li><strong>Jakuta Alikavazovic<\/strong>,\u00a0Au Grand Jamais \u00a0(Gallimard)\u00a0<\/li>\n<li><strong>Anthony Passeron<\/strong>,\u00a0Jacky\u00a0(Grasset)<\/li>\n<li><strong>Caroline Larmarche<\/strong>,\u00a0Le Bel Obscur\u00a0(Seuil)<\/li>\n<li><strong>Laura Vazquez<\/strong>,\u00a0Les Forces\u00a0(Sous-Sol)<\/li>\n<li><strong>Agn\u00e8s Michaux,<\/strong>\u00a0Huysmans vivant\u00a0(Cherche Midi)<\/li>\n<li><strong>Lucie-Anne Belgy<\/strong>, Il pleut sur la parade\u00a0(Gallimard)<\/li>\n<li><strong>Anne Serre<\/strong>,\u00a0Vertu et Rosalinde\u00a0(Mercure de France)<\/li>\n<li><strong>Pierre Boisson<\/strong>,\u00a0Flamme Volcan temp\u00eate\u00a0(Sous-Sol)<\/li>\n<li><strong>Kevin Orr<\/strong>,\u00a0Laure\u00a0Editions (Seuil)<\/li>\n<li><strong>David Dufresne,<\/strong>\u00a0Remember Fessenheim\u00a0 (Grasset)<\/li>\n<li><strong>Wendy Delorme<\/strong>, Le parlement de l\u2019Eau\u00a0(Cambourakis)<\/li>\n<\/ul>\n<p>\u00a0<\/p>\n<p>L\u2019an dernier, <a href=\"https:\/\/www.livreshebdo.fr\/article\/le-prix-decembre-2024-attribue-abdellah-taia\" target=\"_blank\" rel=\"nofollow noopener\"><strong>Abdellah Ta\u00efa<\/strong> avait \u00e9t\u00e9 r\u00e9compens\u00e9 pour son roman Le bastion des larmes<\/a>, paru aux \u00e9ditions Julliard et \u00e9coul\u00e9 \u00e0 pr\u00e8s de 20 000 exemplaires (contre quelque 5 000 avant la proclamation), selon NielsenIQ Bookdata (GfK).<\/p>\n<p>\u00a0<\/p>\n<p>          Le jury du prix D\u00e9cembre 2025<\/p>\n<ul>\n<li>Claude <strong>ARNAUD\u00a0<\/strong><\/li>\n<li>Laure <strong>ADLER<\/strong><\/li>\n<li>Maxime <strong>CATROUX<\/strong>\u00a0<\/li>\n<li>Chlo\u00e9 <strong>DELAUME<\/strong><\/li>\n<li>Maylis de <strong>KERANGAL<\/strong><\/li>\n<li>Am\u00e9lie <strong>NOTHOMB<\/strong>\u00a0<\/li>\n<li>Patricia <strong>MARTIN<\/strong><\/li>\n<li>Charles <strong>DANTZIG<\/strong><\/li>\n<li>Christophe <strong>HONORE<\/strong><\/li>\n<li>Arnaud <strong>VIVIANT<\/strong><\/li>\n<\/ul>\n<p>Pour t\u00e9l\u00e9charger ce document, vous devez d&rsquo;abord acheter l&rsquo;article correspondant.<\/p>\n","protected":false},"excerpt":{"rendered":"Le coup d\u2019envoi des grands prix litt\u00e9raires d\u2019automne 2025 est lanc\u00e9 avec la premi\u00e8re s\u00e9lection du jury du&hellip;\n","protected":false},"author":2,"featured_media":359223,"comment_status":"","ping_status":"","sticky":false,"template":"","format":"standard","meta":{"footnotes":""},"categories":[1357],"tags":[1379,58,59,1011,27,1380],"class_list":{"0":"post-359222","1":"post","2":"type-post","3":"status-publish","4":"format-standard","5":"has-post-thumbnail","7":"category-livres","8":"tag-books","9":"tag-divertissement","10":"tag-entertainment","11":"tag-fr","12":"tag-france","13":"tag-livres"},"share_on_mastodon":{"url":"https:\/\/pubeurope.com\/@fr\/115131175701495848","error":""},"_links":{"self":[{"href":"https:\/\/www.europesays.com\/fr\/wp-json\/wp\/v2\/posts\/359222","targetHints":{"allow":["GET"]}}],"collection":[{"href":"https:\/\/www.europesays.com\/fr\/wp-json\/wp\/v2\/posts"}],"about":[{"href":"https:\/\/www.europesays.com\/fr\/wp-json\/wp\/v2\/types\/post"}],"author":[{"embeddable":true,"href":"https:\/\/www.europesays.com\/fr\/wp-json\/wp\/v2\/users\/2"}],"replies":[{"embeddable":true,"href":"https:\/\/www.europesays.com\/fr\/wp-json\/wp\/v2\/comments?post=359222"}],"version-history":[{"count":0,"href":"https:\/\/www.europesays.com\/fr\/wp-json\/wp\/v2\/posts\/359222\/revisions"}],"wp:featuredmedia":[{"embeddable":true,"href":"https:\/\/www.europesays.com\/fr\/wp-json\/wp\/v2\/media\/359223"}],"wp:attachment":[{"href":"https:\/\/www.europesays.com\/fr\/wp-json\/wp\/v2\/media?parent=359222"}],"wp:term":[{"taxonomy":"category","embeddable":true,"href":"https:\/\/www.europesays.com\/fr\/wp-json\/wp\/v2\/categories?post=359222"},{"taxonomy":"post_tag","embeddable":true,"href":"https:\/\/www.europesays.com\/fr\/wp-json\/wp\/v2\/tags?post=359222"}],"curies":[{"name":"wp","href":"https:\/\/api.w.org\/{rel}","templated":true}]}}