{"id":359224,"date":"2025-09-01T21:31:13","date_gmt":"2025-09-01T21:31:13","guid":{"rendered":"https:\/\/www.europesays.com\/fr\/359224\/"},"modified":"2025-09-01T21:31:13","modified_gmt":"2025-09-01T21:31:13","slug":"lamour-est-dans-le-pre-voici-le-chateau-qui-appartient-a-la-famille-dun-agriculteur-qui-est-aussi-baron","status":"publish","type":"post","link":"https:\/\/www.europesays.com\/fr\/359224\/","title":{"rendered":"L&rsquo;amour est dans le pr\u00e9 : Voici le ch\u00e2teau qui appartient \u00e0 la famille d&rsquo;un agriculteur qui est aussi baron"},"content":{"rendered":"<p>            <img loading=\"lazy\" decoding=\"async\" src=\"https:\/\/www.europesays.com\/fr\/wp-content\/uploads\/2025\/04\/121-62909a850c1a7-35x35-1.jpg\" class=\"author-article-picture\" width=\"35\" height=\"35\"\/><\/p>\n<p>                Par<br \/>\n                                    <a class=\"author-article-bio-link\" href=\"https:\/\/www.purepeople.com\/auteur\/bertrand-bielle_a121\" rel=\"nofollow noopener\" target=\"_blank\">Bertrand Bielle<\/a><br \/>\n                                                    | Journaliste<\/p>\n<p>\n                Curieux de nature, Bertrand est toujours \u00e0 l\u2019affut du moindre petit scoop. Passionn\u00e9 par le football, il n\u2019est jamais bien loin du ballon rond et de toutes les actualit\u00e9s qui en d\u00e9coulent. Toutefois, l\u2019\u00e9v\u00e8nementiel du showbiz ou de la politique fait \u00e9galement partie de ses recherches journalistiques privil\u00e9gi\u00e9es.\n            <\/p>\n<p>\n    Cet agriculteur, connu gr\u00e2ce \u00e0 \u00ab\u00a0L\u2019Amour est dans le pr\u00e9\u00a0\u00bb, cache un secret surprenant que peu de ses fans imaginent. Entre son quotidien \u00e0 la ferme et son h\u00e9ritage familial, certains aspects de sa vie r\u00e9v\u00e8lent une dimension inattendue et prestigieuse, qui tranche avec son image habituelle.\n<\/p>\n<p>                            <img loading=\"lazy\" decoding=\"async\" class=\"player-thumbnail\" src=\"https:\/\/www.europesays.com\/fr\/wp-content\/uploads\/2025\/09\/402330e611292b3b-580x326-1.jpg\" width=\"580\" height=\"326\"\/><\/p>\n<p>                    L&rsquo;amour est dans le pr\u00e9 : Voici le ch\u00e2teau qui appartient \u00e0 la famille d&rsquo;un agriculteur qui est aussi baron<\/p>\n<p>La suite apr\u00e8s la publicit\u00e9<\/p>\n<p><a href=\"https:\/\/www.purepeople.com\/article\/on-est-obliges-de-freiner-frederique-et-pierre-lamour-est-dans-le-pre-doivent-prendre-une-decision-importante-pour-la-survie-de-leur-histoire_a541799\/1\" rel=\"nofollow noopener\" target=\"_blank\">Pierre et Fr\u00e9d\u00e9riqu<\/a>e forment l&rsquo;un des couples embl\u00e9matiques de L&rsquo;amour est dans le pr\u00e9 (saison 7),<a href=\"https:\/\/www.purepeople.com\/article\/lamour-est-dans-le-pre-2025-la-date-de-lancement-les-portraits-des-13-agriculteurs-deux-abandons-tout-ce-quil-faut-savoir-sur-la-nouvelle-saison_a540998\/1\" rel=\"nofollow noopener\" target=\"_blank\"> \u00e9mission \u00e0 retrouver ce lundi soir sur M6<\/a>. L&rsquo;occasion de s&rsquo;int\u00e9resser \u00e0 l&rsquo;agriculteur, notamment au fait qu&rsquo;il est issu de la noblesse du Gers, un \u00e9l\u00e9ment qu&rsquo;il met tr\u00e8s peu en avant. Mais sa femme a d\u00e9cid\u00e9 en mai dernier d&rsquo;en dire plus \u00e0 leurs fans \u00e0 ce sujet, par l&rsquo;interm\u00e9diaire d&rsquo;une publication Instagram.<\/p>\n<p>\u00ab\u00a0Quand j\u2019ai rencontr\u00e9 mon Pierre, je ne savais pas qu\u2019il \u00e9tait le Baron Pierre-Henri de Saint Pastou de Bonrepaux. Comme il s\u2019amuse \u00e0 dire tr\u00e8s souvent : \u2018J\u2019ai le nom mais pas la fortune, mais j\u2019ai trouv\u00e9 l\u2019amour.\u2019 Qui dit noble, dit des ramifications familiales qui remontent tr\u00e8s loin dans l\u2019arbre g\u00e9n\u00e9alogique\u00a0\u00bb, avait-elle expliqu\u00e9. Et d&rsquo;ajouter : \u00c0 l\u2019initiative d\u2019une branche de la famille, les Lemoine, nous avons eu la chance de participer \u00e0 une cousinade au ch\u00e2teau de Castex, celui du grand-p\u00e8re de Pierre, appartenant \u00e0 sa famille depuis plusieurs si\u00e8cles, demeure actuelle de son oncle Guy. Le ch\u00e2teau se trouve \u00e0 quelques centaines de m\u00e8tres de chez nous, ainsi que l\u2019\u00e9glise et le cimeti\u00e8re de la famille.\u00a0\u00bb<\/p>\n<p>Pierre (L&rsquo;amour est dans le pr\u00e9), d\u00e9couvrez ce somptueux ch\u00e2teau qui appartient \u00e0 sa famille<\/p>\n<p>A noter que leur fils <a href=\"https:\/\/www.purepeople.com\/article\/pierre-et-fred-l-amour-est-dans-le-pre-leur-fils-gabriel-suit-deja-leurs-pas_a381116\/1\" rel=\"nofollow noopener\" target=\"_blank\">Gabriel <\/a>\u00e9tait pr\u00e9sent pour ce moment : \u00ab\u00a0Pierre \u00e9tait content mais stress\u00e9 de faire partager \u00e0 Gabriel ce monde jonch\u00e9 de souvenirs heureux mais aussi de souvenirs douloureux avec des blessures d\u2019enfance v\u00e9cues et\/ou transmises par ses parents\u00a0\u00bb. Ce ch\u00e2teau, que l&rsquo;on peut d\u00e9couvrir via les quelques photos partag\u00e9es par Fred dans son post Instagram, est disponible \u00e0 la location, pour des \u00e9v\u00e8nements exceptionnels tels que des mariages. C&rsquo;est ce que l&rsquo;on comprend sur le site mariages.net, o\u00f9 il est \u00e9galement pr\u00e9cis\u00e9 que c&rsquo;est 600 invit\u00e9s maximum. Plusieurs photos sont l\u00e0-aussi montr\u00e9es.<\/p>\n<p>\u00ab\u00a0En Gascogne, \u00e0 25 kilom\u00e8tres \u00e0 l\u2019Est de Mont de Marsan, le Ch\u00e2teau de Castex d&rsquo;Armagnac vous offre un cadre d\u2019exception dans un \u00e9crin de verdure pour c\u00e9l\u00e9brer le plus beau jour de votre vie. D\u00e9couvrir cette ancienne place forte surplombant la vall\u00e9e, entour\u00e9e de b\u00e2timents circulaires adoss\u00e9s aux anciens remparts, qui vous permettra de recevoir vos convives dans un vaste cadre priv\u00e9 dominant la campagne gersoise\u00a0\u00bb, peut-on lire.<\/p>\n<p>Une vid\u00e9o est \u00e9galement disponible, sur laquelle on remarque alors que ce magnifique ch\u00e2teau en forme de demi-cercle dispose d&rsquo;une piscine et d&rsquo;un vaste jardin. La salle de r\u00e9ception est \u00e9galement montr\u00e9e dans cette vid\u00e9o.<\/p>\n","protected":false},"excerpt":{"rendered":"Par Bertrand Bielle | Journaliste Curieux de nature, Bertrand est toujours \u00e0 l\u2019affut du moindre petit scoop. Passionn\u00e9&hellip;\n","protected":false},"author":2,"featured_media":359225,"comment_status":"","ping_status":"","sticky":false,"template":"","format":"standard","meta":{"footnotes":""},"categories":[1356],"tags":[58,59,1011,27,252,1364],"class_list":{"0":"post-359224","1":"post","2":"type-post","3":"status-publish","4":"format-standard","5":"has-post-thumbnail","7":"category-television","8":"tag-divertissement","9":"tag-entertainment","10":"tag-fr","11":"tag-france","12":"tag-television","13":"tag-tv"},"share_on_mastodon":{"url":"https:\/\/pubeurope.com\/@fr\/115131179726461172","error":""},"_links":{"self":[{"href":"https:\/\/www.europesays.com\/fr\/wp-json\/wp\/v2\/posts\/359224","targetHints":{"allow":["GET"]}}],"collection":[{"href":"https:\/\/www.europesays.com\/fr\/wp-json\/wp\/v2\/posts"}],"about":[{"href":"https:\/\/www.europesays.com\/fr\/wp-json\/wp\/v2\/types\/post"}],"author":[{"embeddable":true,"href":"https:\/\/www.europesays.com\/fr\/wp-json\/wp\/v2\/users\/2"}],"replies":[{"embeddable":true,"href":"https:\/\/www.europesays.com\/fr\/wp-json\/wp\/v2\/comments?post=359224"}],"version-history":[{"count":0,"href":"https:\/\/www.europesays.com\/fr\/wp-json\/wp\/v2\/posts\/359224\/revisions"}],"wp:featuredmedia":[{"embeddable":true,"href":"https:\/\/www.europesays.com\/fr\/wp-json\/wp\/v2\/media\/359225"}],"wp:attachment":[{"href":"https:\/\/www.europesays.com\/fr\/wp-json\/wp\/v2\/media?parent=359224"}],"wp:term":[{"taxonomy":"category","embeddable":true,"href":"https:\/\/www.europesays.com\/fr\/wp-json\/wp\/v2\/categories?post=359224"},{"taxonomy":"post_tag","embeddable":true,"href":"https:\/\/www.europesays.com\/fr\/wp-json\/wp\/v2\/tags?post=359224"}],"curies":[{"name":"wp","href":"https:\/\/api.w.org\/{rel}","templated":true}]}}