{"id":359228,"date":"2025-09-01T21:33:16","date_gmt":"2025-09-01T21:33:16","guid":{"rendered":"https:\/\/www.europesays.com\/fr\/359228\/"},"modified":"2025-09-01T21:33:16","modified_gmt":"2025-09-01T21:33:16","slug":"the-surfer-sur-paramount-nicolas-cage-piege-dans-les-vagues-de-lenfer-telerama","status":"publish","type":"post","link":"https:\/\/www.europesays.com\/fr\/359228\/","title":{"rendered":"\u201cThe Surfer\u201d sur Paramount+ : Nicolas Cage pi\u00e9g\u00e9 dans les vagues de l\u2019enfer &#8211; T\u00e9l\u00e9rama"},"content":{"rendered":"<ol>\n<li><a href=\"https:\/\/news.google.com\/rss\/articles\/CBMiuAFBVV95cUxOQUZPc0kyR3BUZkllLXdzVEZKWG5RbE1XcUxwYzQ1TGJPenh0QVZSLVJVR21GQXNhTWo1dURxTVd1TzFUV19xMExmMm5rXzQyQjR0Z0J2bnVlejdBWXd0Y3Z3TkhORUYxalYxX2Q0OHdLeFRudXlBSGRVeDhSZDJ6UDludTM5ZWZzZE85Mmt3ZU5qZWFtY3R6UmcyU3NUel9mdnpGMjdzOGY3WTE4UkNQd2dNRGFDYTdq?oc=5\" target=\"_blank\" rel=\"nofollow noopener\">\u201cThe Surfer\u201d sur Paramount+ : Nicolas Cage pi\u00e9g\u00e9 dans les vagues de l\u2019enfer<\/a>&nbsp;&nbsp;T\u00e9l\u00e9rama<\/li>\n<li><a href=\"https:\/\/news.google.com\/rss\/articles\/CBMiugFBVV95cUxOampKMmR0LUg5WXVOT3dzVUh0d1VQSkJVTW8zWEV6bldncHNmaHpkUFBHOFFPZlZyWmdCbkFySXlSQkx0aEREM21IZ0U4SjE5cWhkNkttQ2h5al8yQ0R1VFhOSGVTN1d1OVAxRzJmVFVZdGJ6TGNsNUwzWWl5aGwzU2FOSDdyTUhmNmRnUXNjRmJRTC0wV0UwbXlPZWp0dGw0M3VOWlp4N042RVp1VmIwci1XS0lRaGRsSEE?oc=5\" target=\"_blank\" rel=\"nofollow noopener\">\u00ab The Surfer \u00bb : Nicolas Cage arrive au bout du rouleau<\/a>&nbsp;&nbsp;Le Point<\/li>\n<li><a href=\"https:\/\/news.google.com\/rss\/articles\/CBMifkFVX3lxTE1fSHY3RzY1WHJmVWhjdlZSUEJ1bDdBN09mSEdKY2dVRlJMSmhoMFdaR09sSlJLTnI2SU5uYUhNWnVuX3JOTVNSc3NTQ1NpeC1PanNDUFYxR2lsY1RudEdYRnNEdWxuNWt0eG56QTZjSFFIcWcyQzVCWGpVREJxdw?oc=5\" target=\"_blank\" rel=\"nofollow noopener\">Priv\u00e9 de sortie en salles, ce thriller parano\u00efaque avec Nicolas Cage et Julian McMahon dans l&rsquo;un de ses derniers r\u00f4les est disponible en streaming<\/a>&nbsp;&nbsp;AlloCin\u00e9<\/li>\n<li><a href=\"https:\/\/news.google.com\/rss\/articles\/CBMi1gFBVV95cUxPQW5IQWxZZExmekZnT3hWSDZxR21YcHA0Nm5MbkViZU1YZHYzQVcwSm45bkg0UlowUGs0QmZTdnBmQ2JwcEhzTDRoZjdnQTlPWnRzbXJzZVhJeF9xLUJCRHd2aVZVSENDZ01xYTg2dHpEdXlvR0lma0xaUlMtWGlEY3BYRHNJNmFrbjFZOGliZy1GLVU5UEFHbWFNMmFGbktMOW9hX0VPRlpvNllJX3R5cTZyVExrQ0ZkTWo0bHk0WWtINm5zV0R1WGpIRFk4UnFkWlRpSmp3?oc=5\" target=\"_blank\" rel=\"nofollow noopener\">The Surfer : Nicolas Cage pouss\u00e9 \u00e0 bout dans ce film un peu d\u00e9ment sur Paramount+<\/a>&nbsp;&nbsp;Linternaute.com<\/li>\n<li><a href=\"https:\/\/news.google.com\/rss\/articles\/CBMi1gFBVV95cUxNbXlfLUlzcXpIVlBVdnY5ZWpWQXVZTFpESmtxZ19YSzNxbEoyZGxFOW5zRU02UV9DUTlZeFNpUjdNMUpsWl8yWHFveUw4WUViRG5FYy14UVNWNEF4SjU2UFg3RFgtbzNfY1Y5eERvQ1psOWNob2xpaWNPNG5XUDJreDhwZUtES0RYRl9HbkszMjJ3SzdjVU5laDRNVk1FUnh5dUxjQkpSbnR6VlFfdllQRVU1aVU2SHNyYTFLWDB4ZnF4NG5xV2hyRzBVb2J5VHpncU1KZnVR?oc=5\" target=\"_blank\" rel=\"nofollow noopener\">The Surfer : Nicolas Cage et Julian McMahon font des miracles dans un thriller \u00e9touffant [critique]<\/a>&nbsp;&nbsp;Premiere.fr<\/li>\n<\/ol>\n","protected":false},"excerpt":{"rendered":"\u201cThe Surfer\u201d sur Paramount+ : Nicolas Cage pi\u00e9g\u00e9 dans les vagues de l\u2019enfer&nbsp;&nbsp;T\u00e9l\u00e9rama \u00ab The Surfer \u00bb :&hellip;\n","protected":false},"author":2,"featured_media":359229,"comment_status":"","ping_status":"","sticky":false,"template":"","format":"standard","meta":{"footnotes":""},"categories":[1354],"tags":[58,59,1346,1011,27,1360],"class_list":{"0":"post-359228","1":"post","2":"type-post","3":"status-publish","4":"format-standard","5":"has-post-thumbnail","7":"category-films","8":"tag-divertissement","9":"tag-entertainment","10":"tag-films","11":"tag-fr","12":"tag-france","13":"tag-movies"},"share_on_mastodon":{"url":"https:\/\/pubeurope.com\/@fr\/115131187678835723","error":""},"_links":{"self":[{"href":"https:\/\/www.europesays.com\/fr\/wp-json\/wp\/v2\/posts\/359228","targetHints":{"allow":["GET"]}}],"collection":[{"href":"https:\/\/www.europesays.com\/fr\/wp-json\/wp\/v2\/posts"}],"about":[{"href":"https:\/\/www.europesays.com\/fr\/wp-json\/wp\/v2\/types\/post"}],"author":[{"embeddable":true,"href":"https:\/\/www.europesays.com\/fr\/wp-json\/wp\/v2\/users\/2"}],"replies":[{"embeddable":true,"href":"https:\/\/www.europesays.com\/fr\/wp-json\/wp\/v2\/comments?post=359228"}],"version-history":[{"count":0,"href":"https:\/\/www.europesays.com\/fr\/wp-json\/wp\/v2\/posts\/359228\/revisions"}],"wp:featuredmedia":[{"embeddable":true,"href":"https:\/\/www.europesays.com\/fr\/wp-json\/wp\/v2\/media\/359229"}],"wp:attachment":[{"href":"https:\/\/www.europesays.com\/fr\/wp-json\/wp\/v2\/media?parent=359228"}],"wp:term":[{"taxonomy":"category","embeddable":true,"href":"https:\/\/www.europesays.com\/fr\/wp-json\/wp\/v2\/categories?post=359228"},{"taxonomy":"post_tag","embeddable":true,"href":"https:\/\/www.europesays.com\/fr\/wp-json\/wp\/v2\/tags?post=359228"}],"curies":[{"name":"wp","href":"https:\/\/api.w.org\/{rel}","templated":true}]}}