{"id":359230,"date":"2025-09-01T21:34:09","date_gmt":"2025-09-01T21:34:09","guid":{"rendered":"https:\/\/www.europesays.com\/fr\/359230\/"},"modified":"2025-09-01T21:34:09","modified_gmt":"2025-09-01T21:34:09","slug":"trois-nouvelles-maladies-integrees-a-partir-du-1er-septembre","status":"publish","type":"post","link":"https:\/\/www.europesays.com\/fr\/359230\/","title":{"rendered":"trois nouvelles maladies int\u00e9gr\u00e9es \u00e0 partir du 1er septembre"},"content":{"rendered":"<p>                             Par Le Figaro avec AFP<\/p>\n<p>                Le 1 septembre 2025 \u00e0 19h07<\/p>\n<p>    Jusqu\u2019\u00e0 pr\u00e9sent, en France, dans les deux ou trois jours de vie d\u2019un enfant, un d\u00e9pistage \u00e9tait propos\u00e9 gratuitement pour 13 maladies. Seize pathologies seront d\u00e9sormais d\u00e9pist\u00e9es (image d\u2019illustration).<br \/>\n                CHRISTOPHE ARCHAMBAULT \/ AFP<\/p>\n<p>Les trois nouvelles pathologies sont l\u2019amyotrophie spinale infantile (SMA), les d\u00e9ficits immunitaires combin\u00e9s s\u00e9v\u00e8res (DICS) et le d\u00e9ficit en acyl-coenzyme A d\u00e9shydrog\u00e9nase des acides gras \u00e0 cha\u00eene tr\u00e8s longue (VLCAD).<\/p>\n<p class=\"fig-paragraph\">Trois nouvelles maladies graves, dont l&rsquo;<a href=\"http:\/\/sante.lefigaro.fr\/medecine\/une-question-de-vie-ou-de-mort-le-depistage-de-l-amyotrophie-spinale-chez-les-nouveau-nes-20250301\" target=\"_blank\" data-fig-type=\"Article\" rel=\"noopener nofollow\" data-gtm-custom-categorie=\"navigation\" data-gtm-custom-action=\"crossclick\" data-gtm-custom-label=\"Contextuel\" data-gtm-event=\"customEventSPE\" data-fig-domain=\"SANTE\">amyotrophie spinale<\/a>, sont d\u00e9pist\u00e9es \u00e0 la naissance \u00e0 partir de ce lundi 1er septembre, une \u00e9volution souhait\u00e9e de longue date par les associations de patients alors que la France reste en retrait en la mati\u00e8re par rapport \u00e0 d&rsquo;autres pays. \u00ab\u00c0 compter du 1er septembre 2025, tous les nouveau-n\u00e9s en France b\u00e9n\u00e9ficient d&rsquo;un d\u00e9pistage \u00e9largi \u00e0 trois nouvelles maladies rares et graves\u00bb, a rappel\u00e9 lundi dans un\u00a0<a href=\"https:\/\/sante.gouv.fr\/actualites\/presse\/communiques-de-presse\/article\/depistage-neonatal-3-nouvelles-maladies-desormais-detectees-des-la-naissance\" target=\"_blank\" rel=\"noopener nofollow\" data-gtm-custom-categorie=\"navigation\" data-gtm-custom-action=\"crossclick\" data-gtm-custom-label=\"Contextuel\" data-gtm-event=\"customEventSPE\">communiqu\u00e9 de presse<\/a>\u00a0le minist\u00e8re de la Sant\u00e9.<\/p>\n<p class=\"fig-paragraph\">Jusqu&rsquo;\u00e0 pr\u00e9sent, en France, dans les deux ou trois jours de vie d&rsquo;un enfant, un d\u00e9pistage &#8211; pas obligatoire mais fortement recommand\u00e9 &#8211; \u00e9tait propos\u00e9 gratuitement pour 13 maladies, \u00e0 partir de quelques gouttes de sang pr\u00e9lev\u00e9es sur le talon du nourrisson et recueillies sur un buvard. Seize pathologies seront d\u00e9sormais d\u00e9pist\u00e9es.<\/p>\n<p>                                    <a class=\"fig-a11y-skip a11y-hidden\" href=\"#fig-a11y-skip-main-inarticle\"><br \/>\n        Passer la publicit\u00e9<br \/>\n    <\/a><\/p>\n<p>Limiter les cons\u00e9quences<\/p>\n<p class=\"fig-paragraph\">Les trois nouvelles maladies sont l&rsquo;amyotrophie spinale infantile (SMA), les d\u00e9ficits immunitaires combin\u00e9s s\u00e9v\u00e8res (DICS) et le d\u00e9ficit en acyl-coenzyme A d\u00e9shydrog\u00e9nase des acides gras \u00e0 cha\u00eene tr\u00e8s longue (VLCAD).<\/p>\n<p class=\"fig-paragraph\">La SMA est la plus fr\u00e9quente, touchant un b\u00e9b\u00e9 sur 7000. C&rsquo;est une maladie g\u00e9n\u00e9tique tr\u00e8s grave, qui se caract\u00e9rise par une d\u00e9g\u00e9n\u00e9rescence neuromusculaire irr\u00e9versible. Dans ses formes les plus s\u00e9v\u00e8res, elle tue avant ses deux ans l&rsquo;enfant atteint, rapidement victime de difficult\u00e9s \u00e0 s&rsquo;alimenter ou \u00e0 respirer, mais une prise en charge pr\u00e9coce peut drastiquement en limiter les cons\u00e9quences.<\/p>\n<p class=\"fig-paragraph\">Les deux autres maladies sont encore plus rares\u00a0: un b\u00e9b\u00e9 sur 30.000 pour les DICS, qui affaiblissent gravement le syst\u00e8me immunitaire du b\u00e9b\u00e9 et peuvent \u00eatre trait\u00e9s par une greffe de moelle osseuse dans les deux premiers mois de vie, et un sur 100.000 pour le VLCAD, qui n\u00e9cessite de donner une alimentation tr\u00e8s adapt\u00e9e d\u00e8s la naissance.<\/p>\n<p>\u00abAvanc\u00e9e majeure pour les familles\u00bb<\/p>\n<p class=\"fig-paragraph\">Cet \u00e9largissement du d\u00e9pistage, annonc\u00e9 en mai dernier, \u00e9tait vivement souhait\u00e9 par les associations de lutte contre les maladies rares. L&rsquo;AFM-T\u00e9l\u00e9thon a ainsi salu\u00e9 fin ao\u00fbt une \u00abavanc\u00e9e majeure pour les familles\u00bb, rappelant qu&rsquo;elle faisait suite \u00e0 une exp\u00e9rimentation r\u00e9ussie ces derni\u00e8res ann\u00e9es dans le Grand-Est et la Nouvelle-Aquitaine.<\/p>\n<p class=\"fig-paragraph\">Les associations estiment toutefois que le d\u00e9pistage pourrait aller encore plus loin en France. Celle-ci a \u00e9t\u00e9 longtemps en avance en la mati\u00e8re &#8211; depuis 50 ans, 40.000 enfants ont pu \u00eatre pris en charge gr\u00e2ce au d\u00e9pistage &#8211; mais est d\u00e9sormais moins ambitieuse que d&rsquo;autres pays, comme l&rsquo;Italie qui d\u00e9piste une quarantaine de maladies \u00e0 la naissance.<\/p>\n","protected":false},"excerpt":{"rendered":"Par Le Figaro avec AFP Le 1 septembre 2025 \u00e0 19h07 Jusqu\u2019\u00e0 pr\u00e9sent, en France, dans les deux&hellip;\n","protected":false},"author":2,"featured_media":359231,"comment_status":"","ping_status":"","sticky":false,"template":"","format":"standard","meta":{"footnotes":""},"categories":[10],"tags":[1011,27,72,71,49470],"class_list":{"0":"post-359230","1":"post","2":"type-post","3":"status-publish","4":"format-standard","5":"has-post-thumbnail","7":"category-sante","8":"tag-fr","9":"tag-france","10":"tag-health","11":"tag-sante","12":"tag-sante-de-bebe"},"share_on_mastodon":{"url":"https:\/\/pubeurope.com\/@fr\/115131191394852761","error":""},"_links":{"self":[{"href":"https:\/\/www.europesays.com\/fr\/wp-json\/wp\/v2\/posts\/359230","targetHints":{"allow":["GET"]}}],"collection":[{"href":"https:\/\/www.europesays.com\/fr\/wp-json\/wp\/v2\/posts"}],"about":[{"href":"https:\/\/www.europesays.com\/fr\/wp-json\/wp\/v2\/types\/post"}],"author":[{"embeddable":true,"href":"https:\/\/www.europesays.com\/fr\/wp-json\/wp\/v2\/users\/2"}],"replies":[{"embeddable":true,"href":"https:\/\/www.europesays.com\/fr\/wp-json\/wp\/v2\/comments?post=359230"}],"version-history":[{"count":0,"href":"https:\/\/www.europesays.com\/fr\/wp-json\/wp\/v2\/posts\/359230\/revisions"}],"wp:featuredmedia":[{"embeddable":true,"href":"https:\/\/www.europesays.com\/fr\/wp-json\/wp\/v2\/media\/359231"}],"wp:attachment":[{"href":"https:\/\/www.europesays.com\/fr\/wp-json\/wp\/v2\/media?parent=359230"}],"wp:term":[{"taxonomy":"category","embeddable":true,"href":"https:\/\/www.europesays.com\/fr\/wp-json\/wp\/v2\/categories?post=359230"},{"taxonomy":"post_tag","embeddable":true,"href":"https:\/\/www.europesays.com\/fr\/wp-json\/wp\/v2\/tags?post=359230"}],"curies":[{"name":"wp","href":"https:\/\/api.w.org\/{rel}","templated":true}]}}