{"id":359242,"date":"2025-09-01T21:40:12","date_gmt":"2025-09-01T21:40:12","guid":{"rendered":"https:\/\/www.europesays.com\/fr\/359242\/"},"modified":"2025-09-01T21:40:12","modified_gmt":"2025-09-01T21:40:12","slug":"rave-party-dans-les-corbieres-beaucoup-ditaliens-verbalisation-a-hauteur-de-750-euros-le-ministre-de-linterieur-assure-que-nous-netions-pas-avert","status":"publish","type":"post","link":"https:\/\/www.europesays.com\/fr\/359242\/","title":{"rendered":"Rave party dans les Corbi\u00e8res\u00a0: \u00ab\u00a0Beaucoup d\u2019Italiens\u00a0\u00bb, \u00ab\u00a0verbalisation \u00e0 hauteur de 750\u00a0euros\u2026\u00a0\u00bb, le ministre de l\u2019Int\u00e9rieur assure que \u00ab\u00a0nous n\u2019\u00e9tions pas avertis\u00a0\u00bb de l\u2019\u00e9v\u00e9nement"},"content":{"rendered":"<p>\n                                                                Alors que plus d\u2019un millier de teufeurs se sont install\u00e9s\u00a0dans la nuit de vendredi \u00e0 samedi dans le secteur du domaine de Palats, \u00e0 Fontjoncouse, pour une rave party, le ministre de l\u2019Int\u00e9rieur, Bruno Retailleau, a assur\u00e9 sur TF1, ce lundi 1er\u00a0septembre, que \u00ab\u00a0nous n\u2019\u00e9tions pas avertis\u00a0\u00bb de cet \u00e9v\u00e9nement.\n                            <\/p>\n<p>Dans la nuit du samedi\u00a030 au dimanche 31\u00a0ao\u00fbt, un peu plus d\u2019un millier\u00a0de teufeurs se sont install\u00e9s sur le secteur du domaine de Palats, \u00e0 Fontjoncouse pour une rave party. Un \u00e9v\u00e9nement qui se d\u00e9roule l\u00e0 o\u00f9, il y a quelques semaines, s\u2019est d\u00e9clench\u00e9 le terrible incendie sur le territoire audois.<\/p>\n<p>Mais alors que<a href=\"https:\/\/www.lindependant.fr\/2025\/09\/01\/rave-party-dans-les-corbieres-des-violentes-echauffourees-opposent-les-teufeurs-aux-agriculteurs-12904887.php\" target=\"_self\" rel=\"nofollow noopener\"> les agriculteurs ont d\u00e9cid\u00e9 de passer \u00e0 l\u2019action, ce lundi 1er\u00a0septembre, pour tenter de d\u00e9loger les f\u00eatards<\/a>, le ministre de l\u2019Int\u00e9rieur, Bruno Retailleau, est revenu sur cet \u00e9v\u00e9nement sur le plateau de TF1.<\/p>\n<blockquote data-class=\"twitter-tweet\">\n<p lang=\"fr\" dir=\"ltr\">\\ud83d\\udd34 Bruno Retailleau (<a href=\"https:\/\/twitter.com\/BrunoRetailleau?ref_src=twsrc%5Etfw\" rel=\"nofollow noopener\" target=\"_blank\">@BrunoRetailleau<\/a>) est l\u2019invit\u00e9 du JT de 20H<\/p>\n<p>\\ud83d\\udde3\\ufe0f Rave-party dans l&rsquo;Aude : \u00ab\u00a0C&rsquo;est totalement ind\u00e9cent (&#8230;) \u00c9videmment que nous n&rsquo;\u00e9tions pas avertis (&#8230;) Comme l&rsquo;Italie, il va falloir criminaliser l&rsquo;organisation de ces manifestations interdites.\u00a0\u00bb <a href=\"https:\/\/t.co\/Q8dYGVWSXv\" rel=\"nofollow\">pic.twitter.com\/Q8dYGVWSXv<\/a><\/p>\n<p>\u2014 TF1Info (@TF1Info) <a href=\"https:\/\/twitter.com\/TF1Info\/status\/1962585849721164218?ref_src=twsrc%5Etfw\" rel=\"nofollow noopener\" target=\"_blank\">September 1, 2025<\/a><\/p><\/blockquote>\n<p>Dans un premier temps, ce dernier a indiqu\u00e9 que \u00ab\u00a0nous n\u2019\u00e9tions pas avertis\u00a0\u00bb de l\u2019installation de la rave party et qu\u2019il s\u2019agissait d\u2019un \u00e9v\u00e9nement \u00ab\u00a0totalement ind\u00e9cent\u00a0\u00bb.<\/p>\n<p>\u00ab\u00a0Depuis le printemps, ce sont des dizaines et des dizaines de rave party qu\u2019on a\u00a0qu\u2019on a bloqu\u00e9s, qu\u2019on a interdits. Mais parfois, certaines passent entre les mailles du filet, vont dans des lieux o\u00f9 on n\u2019a pas suffisamment de force, notamment de gendarmerie et autres, les messageries crypt\u00e9es, et donc c\u2019est trop tard\u00a0\u00bb, s\u2019est-il justifi\u00e9.<\/p>\n<p>Selon lui, beaucoup d\u2019Italiens sont \u00e9galement pr\u00e9sents sur place en raison d\u2019une l\u00e9gislation \u00ab\u00a0tr\u00e8s dure\u00a0\u00bb dans leur pays o\u00f9 ils ont \u00ab\u00a0criminalis\u00e9 ces manifestations qui sont interdites.<\/p>\n<p>\u00ab\u00a0Faire que ce soit un d\u00e9lit\u00a0\u00bb<\/p>\n<p>Enfin, Bruno Retailleau a propos\u00e9 deux mesures pour combattre les rave party. \u00ab\u00a0Faire que ce soit un d\u00e9lit et non pas seulement une contravention avec un risque de prison\u00a0\u00bb et \u00ab\u00a0on verbalise d\u2019abord les organisateurs et puis aussi la participation \u00e0 hauteur, par exemple, de 750\u00a0euros\u00a0\u00bb.<\/p>\n<p>                                                                                                                                                                                                        <script async src=\"https:\/\/platform.twitter.com\/widgets.js\" charset=\"utf-8\"><\/script><\/p>\n","protected":false},"excerpt":{"rendered":"Alors que plus d\u2019un millier de teufeurs se sont install\u00e9s\u00a0dans la nuit de vendredi \u00e0 samedi dans le&hellip;\n","protected":false},"author":2,"featured_media":359243,"comment_status":"","ping_status":"","sticky":false,"template":"","format":"standard","meta":{"footnotes":""},"categories":[4],"tags":[11,1011,27,12,25],"class_list":{"0":"post-359242","1":"post","2":"type-post","3":"status-publish","4":"format-standard","5":"has-post-thumbnail","7":"category-france","8":"tag-actualites","9":"tag-fr","10":"tag-france","11":"tag-news","12":"tag-republique-francaise"},"share_on_mastodon":{"url":"https:\/\/pubeurope.com\/@fr\/115131214998229129","error":""},"_links":{"self":[{"href":"https:\/\/www.europesays.com\/fr\/wp-json\/wp\/v2\/posts\/359242","targetHints":{"allow":["GET"]}}],"collection":[{"href":"https:\/\/www.europesays.com\/fr\/wp-json\/wp\/v2\/posts"}],"about":[{"href":"https:\/\/www.europesays.com\/fr\/wp-json\/wp\/v2\/types\/post"}],"author":[{"embeddable":true,"href":"https:\/\/www.europesays.com\/fr\/wp-json\/wp\/v2\/users\/2"}],"replies":[{"embeddable":true,"href":"https:\/\/www.europesays.com\/fr\/wp-json\/wp\/v2\/comments?post=359242"}],"version-history":[{"count":0,"href":"https:\/\/www.europesays.com\/fr\/wp-json\/wp\/v2\/posts\/359242\/revisions"}],"wp:featuredmedia":[{"embeddable":true,"href":"https:\/\/www.europesays.com\/fr\/wp-json\/wp\/v2\/media\/359243"}],"wp:attachment":[{"href":"https:\/\/www.europesays.com\/fr\/wp-json\/wp\/v2\/media?parent=359242"}],"wp:term":[{"taxonomy":"category","embeddable":true,"href":"https:\/\/www.europesays.com\/fr\/wp-json\/wp\/v2\/categories?post=359242"},{"taxonomy":"post_tag","embeddable":true,"href":"https:\/\/www.europesays.com\/fr\/wp-json\/wp\/v2\/tags?post=359242"}],"curies":[{"name":"wp","href":"https:\/\/api.w.org\/{rel}","templated":true}]}}