{"id":35925,"date":"2025-04-19T07:22:16","date_gmt":"2025-04-19T07:22:16","guid":{"rendered":"https:\/\/www.europesays.com\/fr\/35925\/"},"modified":"2025-04-19T07:22:16","modified_gmt":"2025-04-19T07:22:16","slug":"une-grande-braderie-chauffage-bois-et-granules-chez-top-chaleur-du-25-avril-au-7-mai-au-chambon-feugerolles","status":"publish","type":"post","link":"https:\/\/www.europesays.com\/fr\/35925\/","title":{"rendered":"Une grande braderie chauffage bois et granul\u00e9s chez Top Chaleur du 25 avril au 7 mai au Chambon-Feugerolles"},"content":{"rendered":"<p>\t\t\t\t\t\t\t\t\t\t\t\t\t\t\t\t\t\t\t\t\t\t\t\t\t\t\t\t\t\t\t\t\t\t\t\t\t\t\t\t\t\t\t\t\t\t\t\t\t\t\t\t\t\t\t\t\t\t\t\t\t\t\t<a href=\"https:\/\/www.lacommere43.fr\/component\/banners\/click\/1745.html\" target=\"_blank\" title=\"Tence Carrefour Market livraison domicile mars 2025\" rel=\"nofollow noopener\"><br \/>\n\t\t\t\t\t\t\t<img decoding=\"async\" src=\"https:\/\/www.europesays.com\/fr\/wp-content\/uploads\/2025\/04\/Livraison__Domiciecarr_.jpg\" alt=\"Tence Carrefour Market livraison domicile mars 2025\"\/><br \/>\n\t\t\t\t\t\t<\/a><\/p>\n<p>\t\t\t\t\t\t\t\t\t\t\t\t\t\t\t\t\t\t\t\t\t\t\t\t\t\t\t\t\t\t\t\t\t\t\t\t\t\t\t\t\t\t\t\t\t\t\t\t\t\t\t\t\t\t\t\t\t\t\t\t\t\t\t<a href=\"https:\/\/www.lacommere43.fr\/component\/banners\/click\/1751.html\" target=\"_blank\" title=\"Chevalier Fr\u00e8res avril 2025\" rel=\"nofollow noopener\"><br \/>\n\t\t\t\t\t\t\t<img decoding=\"async\" src=\"https:\/\/www.europesays.com\/fr\/wp-content\/uploads\/2025\/04\/chevalier-fraise.jpg\" alt=\"Chevalier Fr\u00e8res avril 2025\"\/><br \/>\n\t\t\t\t\t\t<\/a><\/p>\n<p><strong>(Publi-reportage) Bas\u00e9 au Chambon-Feugerolles, <a href=\"https:\/\/www.topchaleur.com\/\" target=\"_blank\" rel=\"noopener nofollow\">TopChaleur.com<\/a> est le plus grand site fran\u00e7ais de vente en ligne de po\u00eales \u00e0 bois, po\u00eales \u00e0 granul\u00e9s et cuisini\u00e8res \u00e0 bois. La grande braderie se fera du 25 avril au 7 mai, du lundi au samedi. Profitez jusqu&rsquo;\u00e0 70 % de remises imm\u00e9diates.<\/strong><\/p>\n<p>Chaque ann\u00e9e, plus de 10 000 foyers font confiance \u00e0 son expertise pour s&rsquo;\u00e9quiper avec des appareils fiables, performants et accessibles.<\/p>\n<p>Une seule fois par an, et uniquement sur place, une grande braderie est propos\u00e9e. C&rsquo;est le seul moment de l&rsquo;ann\u00e9e o\u00f9 les locaux ouvrent au public. Le reste du temps, les ventes se font exclusivement en ligne. C&rsquo;est donc une occasion unique pour d\u00e9couvrir les produits, les comparer sur place, et profiter de remises encore plus avantageuses.<\/p>\n<p>Des remises jusqu&rsquo;\u00e0 -70 % sont possibles sur une s\u00e9lection d&rsquo;appareils neufs et reconditionn\u00e9s, disponibles imm\u00e9diatement, sur des marques reconnues comme La Nordica, Extraflame, Etna, Jolly Mec.<\/p>\n<p>Une large offre concerne des produits reconditionn\u00e9s, test\u00e9s, garantis, et pour la plupart jamais utilis\u00e9s.<\/p>\n<p>Sur place, vous pourrez \u00e9changer avec des conseillers, voir les produits en vrai, et m\u00eame d\u00e9guster des cookies cuits dans les cuisini\u00e8res \u00e0 bois.<\/p>\n<p>Horaires : lundi \u00e0 vendredi : 10h \u2013 18h ; samedi : 10h \u2013 17h (fermeture exceptionnelle le samedi 3 mai)<\/p>\n<p>Plus d&rsquo;infos sur : <a href=\"https:\/\/www.topchaleur.com\/content\/34-grande-braderie-au-chambon-feugerolles-du-25-avril-au-7-mai-2025\" target=\"_blank\" rel=\"noopener nofollow\">https:\/\/www.topchaleur.com\/content\/34-grande-braderie-au-chambon-feugerolles-du-25-avril-au-7-mai-2025<\/a><\/p>\n<p>Adresse : TopChaleur \u2013 63 rue du Professeur Calmette, 42500 Le Chambon-Feugerolles<\/p><\/p>\n","protected":false},"excerpt":{"rendered":"(Publi-reportage) Bas\u00e9 au Chambon-Feugerolles, TopChaleur.com est le plus grand site fran\u00e7ais de vente en ligne de po\u00eales \u00e0&hellip;\n","protected":false},"author":2,"featured_media":35926,"comment_status":"","ping_status":"","sticky":false,"template":"","format":"standard","meta":{"footnotes":""},"categories":[9653],"tags":[1111,2281,11,2430,1777,674,2282,1011,27,2280,2284,2285,2283,12,25,4001],"class_list":{"0":"post-35925","1":"post","2":"type-post","3":"status-publish","4":"format-standard","5":"has-post-thumbnail","7":"category-saint-etienne","8":"tag-actu","9":"tag-actualite-43","10":"tag-actualites","11":"tag-auvergne-rhone-alpes","12":"tag-eu","13":"tag-europe","14":"tag-faits-divers-auvergne","15":"tag-fr","16":"tag-france","17":"tag-information-haute-loire","18":"tag-infos-43","19":"tag-journal-haute-loire","20":"tag-la-commere-43","21":"tag-news","22":"tag-republique-francaise","23":"tag-saint-etienne"},"share_on_mastodon":{"url":"https:\/\/pubeurope.com\/@fr\/114363429251314794","error":""},"_links":{"self":[{"href":"https:\/\/www.europesays.com\/fr\/wp-json\/wp\/v2\/posts\/35925","targetHints":{"allow":["GET"]}}],"collection":[{"href":"https:\/\/www.europesays.com\/fr\/wp-json\/wp\/v2\/posts"}],"about":[{"href":"https:\/\/www.europesays.com\/fr\/wp-json\/wp\/v2\/types\/post"}],"author":[{"embeddable":true,"href":"https:\/\/www.europesays.com\/fr\/wp-json\/wp\/v2\/users\/2"}],"replies":[{"embeddable":true,"href":"https:\/\/www.europesays.com\/fr\/wp-json\/wp\/v2\/comments?post=35925"}],"version-history":[{"count":0,"href":"https:\/\/www.europesays.com\/fr\/wp-json\/wp\/v2\/posts\/35925\/revisions"}],"wp:featuredmedia":[{"embeddable":true,"href":"https:\/\/www.europesays.com\/fr\/wp-json\/wp\/v2\/media\/35926"}],"wp:attachment":[{"href":"https:\/\/www.europesays.com\/fr\/wp-json\/wp\/v2\/media?parent=35925"}],"wp:term":[{"taxonomy":"category","embeddable":true,"href":"https:\/\/www.europesays.com\/fr\/wp-json\/wp\/v2\/categories?post=35925"},{"taxonomy":"post_tag","embeddable":true,"href":"https:\/\/www.europesays.com\/fr\/wp-json\/wp\/v2\/tags?post=35925"}],"curies":[{"name":"wp","href":"https:\/\/api.w.org\/{rel}","templated":true}]}}