{"id":359257,"date":"2025-09-01T21:48:19","date_gmt":"2025-09-01T21:48:19","guid":{"rendered":"https:\/\/www.europesays.com\/fr\/359257\/"},"modified":"2025-09-01T21:48:19","modified_gmt":"2025-09-01T21:48:19","slug":"un-college-tout-neuf-cest-trop-bien-461-eleves-font-leur-rentree-a-juvignac","status":"publish","type":"post","link":"https:\/\/www.europesays.com\/fr\/359257\/","title":{"rendered":"\u00ab\u00a0Un coll\u00e8ge tout neuf, c\u2019est trop bien\u00a0!\u00a0\u00bb\u00a0: 461 \u00e9l\u00e8ves font leur rentr\u00e9e \u00e0 Juvignac"},"content":{"rendered":"<p>\n                                                                \u00c0 Juvignac, le tout nouveau coll\u00e8ge a ouvert ses portes ce lundi 1er\u00a0septembre, accueillant ses premiers \u00e9l\u00e8ves de 6e dans un \u00e9tablissement moderne, lumineux et pens\u00e9 pour grandir avec la ville. Avec 461 coll\u00e9giens inscrits d\u00e8s cette rentr\u00e9e et une inauguration officielle pr\u00e9vue ce jeudi, le D\u00e9partement mise sur un \u00e9quipement scolaire d\u2019envergure pour r\u00e9pondre \u00e0 la croissance d\u00e9mographique du secteur.\n                            <\/p>\n<p>\u00ab\u00a0Cette ann\u00e9e, j\u2019ai une nouvelle trousse, un nouveau cartable et aussi un coll\u00e8ge tout neuf. Trop bien\u00a0!\u00a0\u00bb La jeune Caroline attend avec ses parents l\u2019ouverture des grilles du nouveau <a href=\"https:\/\/juvignac.mon-ent-occitanie.fr\/\" target=\"_blank\" rel=\"nofollow noopener\">coll\u00e8ge de Juvignac<\/a>, ce lundi 1er\u00a0septembre, peu avant 8\u00a0h. Avec elle, 210 \u00e9l\u00e8ves de 6e r\u00e9partis en 7 classes \u00e9trennent ce matin-l\u00e0 les locaux dont l\u2019inauguration avait \u00e9t\u00e9 repouss\u00e9e l\u2019an dernier.<\/p>\n<p>\u00ab\u00a0Nous habitons juste \u00e0 c\u00f4t\u00e9, soupire Laurian, la maman de Liam qui entre \u00e9galement en 6e. On a suivi les travaux jour apr\u00e8s jour. Il \u00e9tait temps\u00a0!\u00a0\u00bb Liam, quant \u00e0 lui, ne stresse pas plus que \u00e7a\u00a0: \u00ab\u00a0On \u00e9tait en primaire \u00e0 Nelson-Mandela\u00a0: je devrais retrouver mes copains.\u00a0\u00bb<\/p>\n<p>Danila, la \u00ab\u00a0grande\u00a0\u00bb s\u0153ur de Caroline, l\u2019a accompagn\u00e9e\u00a0: \u00ab\u00a0Moi, je rentre demain en 5e. L\u2019an dernier, on \u00e9tait \u00e0 Arthur-Rimbaud. \u00c7a devrait \u00eatre plus calme cette ann\u00e9e.\u00a0\u00bb Avec la jeune fille, 131 \u00e9l\u00e8ves de 5e (en 5 classes) rentrent \u00e0 leur tour ce 2\u00a0septembre. Un jour de plus grosse rentr\u00e9e, puisque les 113 \u00e9l\u00e8ves de 4e (en 4 classes) sont \u00e9galement attendus ce mardi matin.<\/p>\n<p>\u00a0<\/p>\n<p>Un effectif de 690 \u00e9l\u00e8ves \u00e0 terme<\/p>\n<p>\u00ab\u00a0Il n\u2019y aura pas de 3e cette ann\u00e9e, explique Kristelle Aubin, la principale de l\u2019\u00e9tablissement. Ce sera l\u2019an prochain, avec les 4e de cette ann\u00e9e. En revanche, nous avons aussi une classe ULIS (scolarisation d\u2019\u00e9l\u00e8ves en situation de handicap, NDLR) de 7 \u00e9l\u00e8ves d\u00e8s cette rentr\u00e9e.\u00a0\u00bb<\/p>\n<p>Le total de 461 \u00e9l\u00e8ves de 2025 alimentera l\u2019objectif, \u00e0 terme, de six classes par niveau, de la 6e \u00e0 la 3e, soit 24 classes, pour un effectif de 690 \u00e9l\u00e8ves\u00a0de <a href=\"https:\/\/www.midilibre.fr\/herault\/juvignac\/\" target=\"_blank\" rel=\"nofollow noopener\">Juvignac<\/a>, <a href=\"https:\/\/www.midilibre.fr\/herault\/saint-georges-d-orques\/\" target=\"_blank\" rel=\"nofollow noopener\">Saint-Georges-d\u2019Orques<\/a>, <a href=\"https:\/\/www.midilibre.fr\/herault\/montpellier\/\" target=\"_blank\" rel=\"nofollow noopener\">Montpellier<\/a>, <a href=\"https:\/\/www.midilibre.fr\/herault\/saint-jean-de-vedas\/\" target=\"_blank\" rel=\"nofollow noopener\">Saint-Jean-de-V\u00e9das<\/a> ou <a href=\"https:\/\/www.midilibre.fr\/herault\/laverune\/\" target=\"_blank\" rel=\"nofollow noopener\">Lav\u00e9rune<\/a>.<\/p>\n<p>\u00c0 Juvignac, rue Castillo, \u00e0 quelques pas du terminus de la ligne 3 du tramway, entre les nouveaux quartiers des Constellations et des Garrigues, le b\u00e2timent flambant neuf, en forme de U, pr\u00e9sente une grande cour v\u00e9g\u00e9talis\u00e9e, comme l\u2019enceinte. Dans les locaux, l\u2019omnipr\u00e9sence du bois apporte sa contribution \u00e0 la bonne odeur du neuf.<\/p>\n<p>Quant \u00e0 la probl\u00e9matique des portables d\u00e9sormais interdits au coll\u00e8ge, pas de casiers ni de bacs d\u00e9di\u00e9s ici. \u00ab\u00a0Ils ne sont pas autoris\u00e9s, c\u2019est tout\u00a0\u00bb, r\u00e9pond Kristelle Aubin avec fermet\u00e9.<\/p>\n<p>Mais au juste, quel est le nom du nouveau coll\u00e8ge\u00a0? \u00ab\u00a0Effectivement, il n\u2019est pas encore arr\u00eat\u00e9, sourit la principale. Il sera d\u00e9cid\u00e9 en cours d\u2019ann\u00e9e avec l\u2019\u00e9quipe p\u00e9dagogique\u00a0\u00bb.<\/p>\n","protected":false},"excerpt":{"rendered":"\u00c0 Juvignac, le tout nouveau coll\u00e8ge a ouvert ses portes ce lundi 1er\u00a0septembre, accueillant ses premiers \u00e9l\u00e8ves de&hellip;\n","protected":false},"author":2,"featured_media":359258,"comment_status":"","ping_status":"","sticky":false,"template":"","format":"standard","meta":{"footnotes":""},"categories":[9599],"tags":[1111,11,1777,674,1011,27,2208,12,2680,25],"class_list":{"0":"post-359257","1":"post","2":"type-post","3":"status-publish","4":"format-standard","5":"has-post-thumbnail","7":"category-montpellier","8":"tag-actu","9":"tag-actualites","10":"tag-eu","11":"tag-europe","12":"tag-fr","13":"tag-france","14":"tag-montpellier","15":"tag-news","16":"tag-occitanie","17":"tag-republique-francaise"},"share_on_mastodon":{"url":"https:\/\/pubeurope.com\/@fr\/115131246448888282","error":""},"_links":{"self":[{"href":"https:\/\/www.europesays.com\/fr\/wp-json\/wp\/v2\/posts\/359257","targetHints":{"allow":["GET"]}}],"collection":[{"href":"https:\/\/www.europesays.com\/fr\/wp-json\/wp\/v2\/posts"}],"about":[{"href":"https:\/\/www.europesays.com\/fr\/wp-json\/wp\/v2\/types\/post"}],"author":[{"embeddable":true,"href":"https:\/\/www.europesays.com\/fr\/wp-json\/wp\/v2\/users\/2"}],"replies":[{"embeddable":true,"href":"https:\/\/www.europesays.com\/fr\/wp-json\/wp\/v2\/comments?post=359257"}],"version-history":[{"count":0,"href":"https:\/\/www.europesays.com\/fr\/wp-json\/wp\/v2\/posts\/359257\/revisions"}],"wp:featuredmedia":[{"embeddable":true,"href":"https:\/\/www.europesays.com\/fr\/wp-json\/wp\/v2\/media\/359258"}],"wp:attachment":[{"href":"https:\/\/www.europesays.com\/fr\/wp-json\/wp\/v2\/media?parent=359257"}],"wp:term":[{"taxonomy":"category","embeddable":true,"href":"https:\/\/www.europesays.com\/fr\/wp-json\/wp\/v2\/categories?post=359257"},{"taxonomy":"post_tag","embeddable":true,"href":"https:\/\/www.europesays.com\/fr\/wp-json\/wp\/v2\/tags?post=359257"}],"curies":[{"name":"wp","href":"https:\/\/api.w.org\/{rel}","templated":true}]}}