{"id":359269,"date":"2025-09-01T21:55:20","date_gmt":"2025-09-01T21:55:20","guid":{"rendered":"https:\/\/www.europesays.com\/fr\/359269\/"},"modified":"2025-09-01T21:55:20","modified_gmt":"2025-09-01T21:55:20","slug":"rennes-pioche-son-nouvel-attaquant-a-monaco-france-stade-rennais","status":"publish","type":"post","link":"https:\/\/www.europesays.com\/fr\/359269\/","title":{"rendered":"Rennes pioche son nouvel attaquant \u00e0 Monaco &#8211; France &#8211; Stade rennais"},"content":{"rendered":"<p>Ouf, Rennes a fini par trouver son attaquant.<\/p>\n<p>Apr\u00e8s <a target=\"_blank\" href=\"https:\/\/www.sofoot.com\/breves\/accord-total-entre-esteban-lepaul-et-rennes-le-joueur-est-attendu-ce-jeudi\" rel=\"nofollow noopener\">avoir accueilli Est\u00e9ban Lepaul<\/a>, d\u00e9j\u00e0 <a target=\"_blank\" href=\"https:\/\/www.sofoot.com\/breves\/ligue-1-un-rennes-poussif-ramene-un-point-dangers\" rel=\"nofollow noopener\">buteur contre Angers ce week-end<\/a>, le Stade rennais tenait \u00e0 finaliser l\u2019arriv\u00e9e d\u2019un autre attaquant pour renforcer son secteur offensif.<\/p>\n<p>Un contrat de quatre ans \u00e0 Rennes<\/p>\n<p>Le club breton a longtemps fait les yeux doux au Danois Conrad Harder, qui s\u2019est finalement engag\u00e9 au RB Leipzig ce lundi, mais il a fini <strong>par faire le choix de Breel Embolo.<\/strong> Il y a eu des h\u00e9sitations, notamment du c\u00f4t\u00e9 du joueur, <strong>qui a sign\u00e9 un contrat jusqu\u2019en 2029 avec les Rouge et Noir en d\u00e9but de soir\u00e9e. Le tarif du deal ? Environ 15 millions d\u2019euros, bonus compris.\u00a0<\/strong><\/p>\n<p>\u00ab\u00a0Un profil qui faisait partie de notre shortlist initiale au poste d\u2019attaquant, mais qui ne b\u00e9n\u00e9ficiait pas de bon de sortie au d\u00e9but du mercato, a indiqu\u00e9 le pr\u00e9sident rennais Arnaud Pouille sur le site officiel du SRFC.\u00a0L\u2019ann\u00e9e pass\u00e9e, il a jou\u00e9 plus de 50 matchs avec son club et sa s\u00e9lection, ce qui d\u00e9montre toute sa r\u00e9gularit\u00e9. \u00bb<\/p>\n<p>Le directeur sportif Lo\u00efc D\u00e9sir\u00e9 parle, lui, d\u2019un \u00ab\u00a0attaquant qui p\u00e8se dans la surface, difficile \u00e0 bouger, marquant dans le dernier geste. Ce que nous appr\u00e9cions \u00e9galement, c\u2019est son c\u00f4t\u00e9 altruiste, capable de mettre ses co\u00e9quipiers dans de bonnes dispositions.\u00a0\u00bb\u00a0<strong>L\u2019international suisse \u00e9tait revenu d\u2019une grave blessure, parvenant \u00e0 encha\u00eener les apparitions avec l\u2019ASM la saison derni\u00e8re (7 buts et 9 passes d\u00e9cisives en 42 matchs).\u00a0<\/strong><\/p>\n<p>Six arriv\u00e9es contre 26 d\u00e9parts (au moins) du c\u00f4t\u00e9 de Rennes, c\u2019est ce qui s\u2019appelle un vrai bon gros d\u00e9graissage.<\/p>\n<p>\t\t\t\t\t\t\t\t\t\t<a class=\"lien-connexe\" href=\"https:\/\/www.sofoot.com\/breves\/rennes-om-et-nantes-psg-on-connait-les-affiches-de-la-premiere-journee-de-ligue-1\" rel=\"nofollow noopener\" target=\"_blank\">D\u00e9couvrez les affiches de la premi\u00e8re journ\u00e9e de Ligue 1<\/a>\t\t\t\t\t<\/p>\n","protected":false},"excerpt":{"rendered":"Ouf, Rennes a fini par trouver son attaquant. Apr\u00e8s avoir accueilli Est\u00e9ban Lepaul, d\u00e9j\u00e0 buteur contre Angers ce&hellip;\n","protected":false},"author":2,"featured_media":359270,"comment_status":"","ping_status":"","sticky":false,"template":"","format":"standard","meta":{"footnotes":""},"categories":[2821],"tags":[1111,47,11,61,829,69,65,64,1777,674,63,1011,27,68,66,12,62,70,584,25,67],"class_list":{"0":"post-359269","1":"post","2":"type-post","3":"status-publish","4":"format-standard","5":"has-post-thumbnail","7":"category-rennes","8":"tag-actu","9":"tag-actualite","10":"tag-actualites","11":"tag-actus-football","12":"tag-bretagne","13":"tag-bundesliga","14":"tag-championnats-europeens","15":"tag-equipe-de-france","16":"tag-eu","17":"tag-europe","18":"tag-football","19":"tag-fr","20":"tag-france","21":"tag-ligua","22":"tag-ligue-1","23":"tag-news","24":"tag-news-foot","25":"tag-premier-league","26":"tag-rennes","27":"tag-republique-francaise","28":"tag-serie-a"},"share_on_mastodon":{"url":"https:\/\/pubeurope.com\/@fr\/115131274028744079","error":""},"_links":{"self":[{"href":"https:\/\/www.europesays.com\/fr\/wp-json\/wp\/v2\/posts\/359269","targetHints":{"allow":["GET"]}}],"collection":[{"href":"https:\/\/www.europesays.com\/fr\/wp-json\/wp\/v2\/posts"}],"about":[{"href":"https:\/\/www.europesays.com\/fr\/wp-json\/wp\/v2\/types\/post"}],"author":[{"embeddable":true,"href":"https:\/\/www.europesays.com\/fr\/wp-json\/wp\/v2\/users\/2"}],"replies":[{"embeddable":true,"href":"https:\/\/www.europesays.com\/fr\/wp-json\/wp\/v2\/comments?post=359269"}],"version-history":[{"count":0,"href":"https:\/\/www.europesays.com\/fr\/wp-json\/wp\/v2\/posts\/359269\/revisions"}],"wp:featuredmedia":[{"embeddable":true,"href":"https:\/\/www.europesays.com\/fr\/wp-json\/wp\/v2\/media\/359270"}],"wp:attachment":[{"href":"https:\/\/www.europesays.com\/fr\/wp-json\/wp\/v2\/media?parent=359269"}],"wp:term":[{"taxonomy":"category","embeddable":true,"href":"https:\/\/www.europesays.com\/fr\/wp-json\/wp\/v2\/categories?post=359269"},{"taxonomy":"post_tag","embeddable":true,"href":"https:\/\/www.europesays.com\/fr\/wp-json\/wp\/v2\/tags?post=359269"}],"curies":[{"name":"wp","href":"https:\/\/api.w.org\/{rel}","templated":true}]}}