{"id":35927,"date":"2025-04-19T07:23:10","date_gmt":"2025-04-19T07:23:10","guid":{"rendered":"https:\/\/www.europesays.com\/fr\/35927\/"},"modified":"2025-04-19T07:23:10","modified_gmt":"2025-04-19T07:23:10","slug":"saint-etienne-metropole-les-eboueurs-reprendront-le-travail-lundi","status":"publish","type":"post","link":"https:\/\/www.europesays.com\/fr\/35927\/","title":{"rendered":"Saint-Etienne m\u00e9tropole : les \u00e9boueurs reprendront le travail lundi"},"content":{"rendered":"<p><img loading=\"lazy\" decoding=\"async\" alt=\"\u00a9 Denis Meynard - Une semaine sera n\u00e9cessaire pour \u00e9vacuer la totalit\u00e9 de d\u00e9chets accumul\u00e9s dans les rues de Saint-Etienne M\u00e9tropole.\" data-zoom-src=\"https:\/\/www.europesays.com\/fr\/wp-content\/uploads\/2025\/04\/initial-greve-eboueurs.jpg\" data-zoomable=\"\" height=\"702\" src=\"https:\/\/www.europesays.com\/fr\/wp-content\/uploads\/2025\/04\/initial-greve-eboueurs.jpg\" width=\"1248\"\/>  <\/p>\n<p class=\"article-desc\">\u00a9 Denis Meynard &#8211; Une semaine sera n\u00e9cessaire pour \u00e9vacuer la totalit\u00e9 de d\u00e9chets accumul\u00e9s dans les rues de Saint-Etienne M\u00e9tropole. <\/p>\n<p>\u00c0 l\u2019issue de plus de deux heures de r\u00e9union, vendredi, au si\u00e8ge de la m\u00e9tropole st\u00e9phanoise entre les repr\u00e9sentants des <strong>\u00e9boueurs en gr\u00e8ve<\/strong> et une<strong> d\u00e9l\u00e9gation de l\u2019ex\u00e9cutif<\/strong> de la collectivit\u00e9, conduite par<strong> Sylvie Fayolle<\/strong>, sa premi\u00e8re vice-pr\u00e9sidente, la majorit\u00e9 des salari\u00e9s s\u2019est prononc\u00e9e en faveur d\u2019un <strong>arr\u00eat du mouvement<\/strong>. La tourn\u00e9e qu\u2019ils r\u00e9alisent dans la moiti\u00e9 des 53 communes de la m\u00e9tropole devrait donc reprendre lundi matin. Apr\u00e8s deux semaines d\u2019une gr\u00e8ve tr\u00e8s largement suivie, men\u00e9e \u00e0 l\u2019appel du syndicat CGT. <\/p>\n<p>Le Chambon-Feugerolles renonce au retour en r\u00e9gie <\/p>\n<p>Sylvie Fayolle a indiqu\u00e9 lors d\u2019un point presse que le sujet s\u2019\u00e9tait invit\u00e9 jeudi soir lors des r\u00e9unions des vice-pr\u00e9sidents et des maires. Affirmant que la position de la M\u00e9tropole avait \u00e9t\u00e9 arr\u00eat\u00e9e \u00e0 une tr\u00e8s grosse majorit\u00e9. Les \u00e9lus ont par ailleurs fait le choix de <strong>repousser d\u2019un an l\u2019\u00e9ventuel retour en r\u00e9gie<\/strong> de la collecte des d\u00e9chets m\u00e9nagers qui devait intervenir en juin prochain au<strong> Chambon-Feugerolles<\/strong>. Une partie des habitants de la commune ayant manifest\u00e9 leur opposition au projet dans le contexte de la gr\u00e8ve.<\/p>\n<p>Sylvie Fayolle a soulign\u00e9 que la M\u00e9tropole \u00ab\u00a0n\u2019a pas tenu compte des propositions du maire de Saint-Etienne\u00a0\u00bb dans ses n\u00e9gociations men\u00e9es avec les repr\u00e9sentants du personnel. <\/p>\n<p>Si ces derniers ont obtenu <strong>le paiement des jours de gr\u00e8ve<\/strong> et la <strong>mise en place de groupes de travail<\/strong> en vue d\u2019am\u00e9liorer l\u2019organisation leur activit\u00e9, il semble qu\u2019ils n\u2019ont pas re\u00e7u d\u2019engagement sur l\u2019augmentation demand\u00e9e de leur prime pour travaux dangereux et insalubres.<\/p>\n","protected":false},"excerpt":{"rendered":"\u00a9 Denis Meynard &#8211; Une semaine sera n\u00e9cessaire pour \u00e9vacuer la totalit\u00e9 de d\u00e9chets accumul\u00e9s dans les rues&hellip;\n","protected":false},"author":2,"featured_media":35928,"comment_status":"","ping_status":"","sticky":false,"template":"","format":"standard","meta":{"footnotes":""},"categories":[9653],"tags":[1111,11,2430,1777,674,1011,27,11611,12,25,4001],"class_list":{"0":"post-35927","1":"post","2":"type-post","3":"status-publish","4":"format-standard","5":"has-post-thumbnail","7":"category-saint-etienne","8":"tag-actu","9":"tag-actualites","10":"tag-auvergne-rhone-alpes","11":"tag-eu","12":"tag-europe","13":"tag-fr","14":"tag-france","15":"tag-gru00e8ves","16":"tag-news","17":"tag-republique-francaise","18":"tag-saint-etienne"},"share_on_mastodon":{"url":"https:\/\/pubeurope.com\/@fr\/114363433163571978","error":""},"_links":{"self":[{"href":"https:\/\/www.europesays.com\/fr\/wp-json\/wp\/v2\/posts\/35927","targetHints":{"allow":["GET"]}}],"collection":[{"href":"https:\/\/www.europesays.com\/fr\/wp-json\/wp\/v2\/posts"}],"about":[{"href":"https:\/\/www.europesays.com\/fr\/wp-json\/wp\/v2\/types\/post"}],"author":[{"embeddable":true,"href":"https:\/\/www.europesays.com\/fr\/wp-json\/wp\/v2\/users\/2"}],"replies":[{"embeddable":true,"href":"https:\/\/www.europesays.com\/fr\/wp-json\/wp\/v2\/comments?post=35927"}],"version-history":[{"count":0,"href":"https:\/\/www.europesays.com\/fr\/wp-json\/wp\/v2\/posts\/35927\/revisions"}],"wp:featuredmedia":[{"embeddable":true,"href":"https:\/\/www.europesays.com\/fr\/wp-json\/wp\/v2\/media\/35928"}],"wp:attachment":[{"href":"https:\/\/www.europesays.com\/fr\/wp-json\/wp\/v2\/media?parent=35927"}],"wp:term":[{"taxonomy":"category","embeddable":true,"href":"https:\/\/www.europesays.com\/fr\/wp-json\/wp\/v2\/categories?post=35927"},{"taxonomy":"post_tag","embeddable":true,"href":"https:\/\/www.europesays.com\/fr\/wp-json\/wp\/v2\/tags?post=35927"}],"curies":[{"name":"wp","href":"https:\/\/api.w.org\/{rel}","templated":true}]}}