{"id":359275,"date":"2025-09-01T21:58:09","date_gmt":"2025-09-01T21:58:09","guid":{"rendered":"https:\/\/www.europesays.com\/fr\/359275\/"},"modified":"2025-09-01T21:58:09","modified_gmt":"2025-09-01T21:58:09","slug":"un-homme-blesse-a-larme-blanche-ce-lundi-soir-a-nice","status":"publish","type":"post","link":"https:\/\/www.europesays.com\/fr\/359275\/","title":{"rendered":"Un homme bless\u00e9 \u00e0 l\u2019arme blanche ce lundi soir \u00e0 Nice"},"content":{"rendered":"<p>Un homme de 24 ans aurait \u00e9t\u00e9 gri\u00e8vement bless\u00e9 au thorax, ce lundi soir \u00e0 Nice, selon un tweet d\u2019\u00c9ric Ciotti. Le candidat \u00e0 l\u2019\u00e9lection municipale d\u00e9nonce \u00ab\u00a0la 49e agression \u00e0 l\u2019arme blanche depuis le d\u00e9but de l\u2019ann\u00e9e\u00a0\u00bb dans la ville qu\u2019il ambitionne de remporter en mars prochain.<\/p>\n<p>Quant \u00e0 Christian Estrosi, il a \u00ab\u00a0f\u00e9licit\u00e9\u00a0\u00bb sa police municipale \u00ab\u00a0qui a arr\u00eat\u00e9 \u00a0\u00bb gr\u00e2ce \u00e0 la vid\u00e9osurveillance \u00ab\u00a0un individu suspect\u00e9 d\u2019\u00eatre l\u2019auteur de coups de couteau dans le secteur de la gare\u00a0\u00bb Thiers.<\/p>\n","protected":false},"excerpt":{"rendered":"Un homme de 24 ans aurait \u00e9t\u00e9 gri\u00e8vement bless\u00e9 au thorax, ce lundi soir \u00e0 Nice, selon un&hellip;\n","protected":false},"author":2,"featured_media":359276,"comment_status":"","ping_status":"","sticky":false,"template":"","format":"standard","meta":{"footnotes":""},"categories":[2819],"tags":[1111,11,1777,674,118,1011,27,12,2401,882,25],"class_list":{"0":"post-359275","1":"post","2":"type-post","3":"status-publish","4":"format-standard","5":"has-post-thumbnail","7":"category-nice","8":"tag-actu","9":"tag-actualites","10":"tag-eu","11":"tag-europe","12":"tag-faits-divers","13":"tag-fr","14":"tag-france","15":"tag-news","16":"tag-nice","17":"tag-provence-alpes-cote-dazur","18":"tag-republique-francaise"},"share_on_mastodon":{"url":"https:\/\/pubeurope.com\/@fr\/115131285945528351","error":""},"_links":{"self":[{"href":"https:\/\/www.europesays.com\/fr\/wp-json\/wp\/v2\/posts\/359275","targetHints":{"allow":["GET"]}}],"collection":[{"href":"https:\/\/www.europesays.com\/fr\/wp-json\/wp\/v2\/posts"}],"about":[{"href":"https:\/\/www.europesays.com\/fr\/wp-json\/wp\/v2\/types\/post"}],"author":[{"embeddable":true,"href":"https:\/\/www.europesays.com\/fr\/wp-json\/wp\/v2\/users\/2"}],"replies":[{"embeddable":true,"href":"https:\/\/www.europesays.com\/fr\/wp-json\/wp\/v2\/comments?post=359275"}],"version-history":[{"count":0,"href":"https:\/\/www.europesays.com\/fr\/wp-json\/wp\/v2\/posts\/359275\/revisions"}],"wp:featuredmedia":[{"embeddable":true,"href":"https:\/\/www.europesays.com\/fr\/wp-json\/wp\/v2\/media\/359276"}],"wp:attachment":[{"href":"https:\/\/www.europesays.com\/fr\/wp-json\/wp\/v2\/media?parent=359275"}],"wp:term":[{"taxonomy":"category","embeddable":true,"href":"https:\/\/www.europesays.com\/fr\/wp-json\/wp\/v2\/categories?post=359275"},{"taxonomy":"post_tag","embeddable":true,"href":"https:\/\/www.europesays.com\/fr\/wp-json\/wp\/v2\/tags?post=359275"}],"curies":[{"name":"wp","href":"https:\/\/api.w.org\/{rel}","templated":true}]}}