{"id":359279,"date":"2025-09-01T22:00:24","date_gmt":"2025-09-01T22:00:24","guid":{"rendered":"https:\/\/www.europesays.com\/fr\/359279\/"},"modified":"2025-09-01T22:00:24","modified_gmt":"2025-09-01T22:00:24","slug":"carambolage-impliquant-un-poids-lourd-juste-avant-le-cardo-3-km-de-bouchons-a-lentree-de","status":"publish","type":"post","link":"https:\/\/www.europesays.com\/fr\/359279\/","title":{"rendered":"Carambolage impliquant un poids lourd juste avant le Cardo, 3\u00a0km de bouchons \u00e0 l\u2019entr\u00e9e de"},"content":{"rendered":"<p>Un accident de la route impliquant six v\u00e9hicules, dont un poids lourd, s\u2019est produit un peu avant la zone du Cardo, sur la RN 137, dans le sens Rennes-Nantes, ce lundi 1er\u00a0septembre, vers 15\u00a0h\u00a030.<\/p>\n<blockquote class=\"twitter-tweet\" data-media-max-width=\"560\" wp_automatic_readability=\"7.2132352941176\">\n<p lang=\"fr\" dir=\"ltr\"><a href=\"https:\/\/twitter.com\/hashtag\/InfoTrafic?src=hash&amp;ref_src=twsrc%5Etfw\" rel=\"nofollow noopener\" target=\"_blank\">#InfoTrafic<\/a> | D\u00e9viation de circulation suite \u00e0 un accident sur la RN137, dans le sens Rennes ?? Nantes, juste avant l&rsquo;acc\u00e8s au Cardo. <br \/>Merci de rester vigilant et d&rsquo;adapter votre vitesse! <a href=\"https:\/\/t.co\/7PWuhZ3izi\" rel=\"nofollow\">pic.twitter.com\/7PWuhZ3izi<\/a><\/p>\n<p>\u2014 Police Nationale 44 (@PoliceNat44) <a href=\"https:\/\/twitter.com\/PoliceNat44\/status\/1962517120085860470?ref_src=twsrc%5Etfw\" rel=\"nofollow noopener\" target=\"_blank\">September 1, 2025<\/a><\/p><\/blockquote>\n<p>Circulation interrompue<\/p>\n<p>Un carambolage occasionnant trois kilom\u00e8tres de bouchons actuellement. La circulation est donc temporairement interrompue.\u00a0Les \u00e9quipes de secours et d\u2019intervention sont mobilis\u00e9es, indique Bison fut\u00e9.<\/p>\n<p>Les automobilistes en provenance de Rennes et \u00e0 destination de Paris et du centre de Nantes peuvent prendre le p\u00e9riph\u00e9rique ext\u00e9rieur (A844) et faire demi-tour en direction de Paris \u00e0 l\u2019\u00e9changeur suivant.<\/p>\n<p>\u00a0<\/p>\n<p>\t\t<script async src=\"https:\/\/platform.twitter.com\/widgets.js\" charset=\"utf-8\"><\/script><\/p>\n","protected":false},"excerpt":{"rendered":"Un accident de la route impliquant six v\u00e9hicules, dont un poids lourd, s\u2019est produit un peu avant la&hellip;\n","protected":false},"author":2,"featured_media":359280,"comment_status":"","ping_status":"","sticky":false,"template":"","format":"standard","meta":{"footnotes":""},"categories":[2818],"tags":[19020,1111,11,7050,7725,42973,11594,1777,674,1011,27,7726,9037,17714,5402,2047,766,12,2636,5401,25],"class_list":{"0":"post-359279","1":"post","2":"type-post","3":"status-publish","4":"format-standard","5":"has-post-thumbnail","7":"category-nantes","8":"tag-19020","9":"tag-actu","10":"tag-actualites","11":"tag-bouchons","12":"tag-carambolage","13":"tag-cardo","14":"tag-entree","15":"tag-eu","16":"tag-europe","17":"tag-fr","18":"tag-france","19":"tag-impliquant","20":"tag-juste","21":"tag-km","22":"tag-lourd","23":"tag-mans","24":"tag-nantes","25":"tag-news","26":"tag-pays-de-la-loire","27":"tag-poids","28":"tag-republique-francaise"},"share_on_mastodon":{"url":"https:\/\/pubeurope.com\/@fr\/115131293638460281","error":""},"_links":{"self":[{"href":"https:\/\/www.europesays.com\/fr\/wp-json\/wp\/v2\/posts\/359279","targetHints":{"allow":["GET"]}}],"collection":[{"href":"https:\/\/www.europesays.com\/fr\/wp-json\/wp\/v2\/posts"}],"about":[{"href":"https:\/\/www.europesays.com\/fr\/wp-json\/wp\/v2\/types\/post"}],"author":[{"embeddable":true,"href":"https:\/\/www.europesays.com\/fr\/wp-json\/wp\/v2\/users\/2"}],"replies":[{"embeddable":true,"href":"https:\/\/www.europesays.com\/fr\/wp-json\/wp\/v2\/comments?post=359279"}],"version-history":[{"count":0,"href":"https:\/\/www.europesays.com\/fr\/wp-json\/wp\/v2\/posts\/359279\/revisions"}],"wp:featuredmedia":[{"embeddable":true,"href":"https:\/\/www.europesays.com\/fr\/wp-json\/wp\/v2\/media\/359280"}],"wp:attachment":[{"href":"https:\/\/www.europesays.com\/fr\/wp-json\/wp\/v2\/media?parent=359279"}],"wp:term":[{"taxonomy":"category","embeddable":true,"href":"https:\/\/www.europesays.com\/fr\/wp-json\/wp\/v2\/categories?post=359279"},{"taxonomy":"post_tag","embeddable":true,"href":"https:\/\/www.europesays.com\/fr\/wp-json\/wp\/v2\/tags?post=359279"}],"curies":[{"name":"wp","href":"https:\/\/api.w.org\/{rel}","templated":true}]}}