{"id":359281,"date":"2025-09-01T22:01:36","date_gmt":"2025-09-01T22:01:36","guid":{"rendered":"https:\/\/www.europesays.com\/fr\/359281\/"},"modified":"2025-09-01T22:01:36","modified_gmt":"2025-09-01T22:01:36","slug":"la-lecon-de-courage-de-jules-18-ans-victime-dun-rodeo-sauvage-pres-de-nantes","status":"publish","type":"post","link":"https:\/\/www.europesays.com\/fr\/359281\/","title":{"rendered":"La le\u00e7on de courage de Jules, 18 ans, victime d&rsquo;un rod\u00e9o sauvage pr\u00e8s de Nantes"},"content":{"rendered":"<p>Apr\u00e8s six semaines en r\u00e9animation, plus de six mois en r\u00e9\u00e9ducation, Jules Guignard, 18 ans, quitte le centre de r\u00e9\u00e9ducation du CHU de Nantes. Le jeune homme a \u00e9t\u00e9 tr\u00e8s gravement bless\u00e9, lors d&rsquo;un rod\u00e9o sauvage, \u00e0 la mi-janvier. Il t\u00e9moigne de son parcours.<\/p>\n<p>Voici une belle le\u00e7on de vie, une force de caract\u00e8re. Celles d&rsquo;un jeune habitant de Pornic. Il s&rsquo;appelle Jules Guignard, il a 18 ans et, il vient de quitter l&rsquo;h\u00f4pital Saint-Jacques, le centre de r\u00e9\u00e9ducation du CHU de Nantes, apr\u00e8s de longs mois. <a class=\"IciLink ici-link IciArticleLink g-ici-body-regular-1 underline brand svelte-lu7k6w\" href=\"https:\/\/www.francebleu.fr\/infos\/faits-divers-justice\/un-conducteur-percute-plusieurs-personnes-lors-d-un-rassemblement-a-saint-jean-de-boiseau-trois-blesses-dont-un-grave-9580297\" rel=\"nofollow noopener\" target=\"_blank\">Mi-janvier 2025, il a \u00e9t\u00e9 gravement bless\u00e9, fauch\u00e9 par un pick-up<\/a>\u00a0lors d&rsquo;un rod\u00e9o sauvage sur la commune de Saint-Jean-de-Boiseau.<\/p>\n<p>S&rsquo;en suivent des semaines en r\u00e9animation, une longue r\u00e9\u00e9ducation, un handicap malgr\u00e9 tout et une nouvelle vie \u00e0 inventer. Jules, lyc\u00e9en \u00e0 Saint-Nazaire en bac pro pour devenir ma\u00e7on, va devoir changer de voie.<\/p>\n<p>loading<\/p>\n<p>loading<\/p>\n<p>Jules et sa famille tiennent \u00e0 remercier Sandrine, la kin\u00e9 et Charlotte, la psychologue ainsi que l&rsquo;ensemble des \u00e9quipes de r\u00e9animation et de r\u00e9\u00e9ducation. Pour Corine<\/p>\n<p>loading<\/p>\n<p>Rappelons que <a class=\"IciLink ici-link IciArticleLink g-ici-body-regular-1 underline brand svelte-lu7k6w\" href=\"https:\/\/www.francebleu.fr\/infos\/faits-divers-justice\/le-rodeo-avait-mal-tourne-a-saint-jean-de-boiseau-un-homme-juge-pour-avoir-grievement-blesse-un-adolescent-de-17-ans-9030400\" rel=\"nofollow noopener\" target=\"_blank\">l&rsquo;homme qui a caus\u00e9 l&rsquo;accident a \u00e9t\u00e9 condamn\u00e9 en mars<\/a>\u00a0\u00e0 six mois de prison avec sursis, annulation de son permis de conduire et interdiction de le repasser avant cet automne.<\/p>\n<p>\u00c0 lire aussi   <img decoding=\"async\" src=\"https:\/\/www.europesays.com\/fr\/wp-content\/uploads\/2025\/09\/1756764096_215_560x315\" alt=\"Jules, le lyc\u00e9en bless\u00e9, a pass\u00e9 six semaines en r\u00e9animation au CHU de Nantes. Il est depuis un peu plus de deux semaines en r\u00e9\u00e9ducation \u00e0 l'h\u00f4pital Saint-Jacques.\" style=\"--_image-preview:url('data:image\/jpeg;base64,\/9j\/2wBDACgcHiMeGSgjISMtKygwPGRBPDc3PHtYXUlkkYCZlo+AjIqgtObDoKrarYqMyP\/L2u71\/\/\/\/m8H\/\/\/\/6\/+b9\/\/j\/2wBDASstLTw1PHZBQXb4pYyl+Pj4+Pj4+Pj4+Pj4+Pj4+Pj4+Pj4+Pj4+Pj4+Pj4+Pj4+Pj4+Pj4+Pj4+Pj4+Pj4+Pj\/wAARCAAXACoDASIAAhEBAxEB\/8QAGAAAAwEBAAAAAAAAAAAAAAAAAAIDAQT\/xAAYEAEBAQEBAAAAAAAAAAAAAAAAARICEf\/EABUBAQEAAAAAAAAAAAAAAAAAAAAB\/8QAFBEBAAAAAAAAAAAAAAAAAAAAAP\/aAAwDAQACEQMRAD8AtobR0NAts06c86PKqLzo3qMpvRXKwBFbDQARSU3oAP\/Z');\" loading=\"lazy\" fetchpriority=\"low\" aria-hidden=\"true\" class=\"svelte-1pnmlwx rounded\" onload=\"this.__e=event\" onerror=\"this.__e=event\"\/><\/p>\n","protected":false},"excerpt":{"rendered":"Apr\u00e8s six semaines en r\u00e9animation, plus de six mois en r\u00e9\u00e9ducation, Jules Guignard, 18 ans, quitte le centre&hellip;\n","protected":false},"author":2,"featured_media":359282,"comment_status":"","ping_status":"","sticky":false,"template":"","format":"standard","meta":{"footnotes":""},"categories":[2818],"tags":[1111,11,1777,674,1011,27,766,12,2636,25],"class_list":{"0":"post-359281","1":"post","2":"type-post","3":"status-publish","4":"format-standard","5":"has-post-thumbnail","7":"category-nantes","8":"tag-actu","9":"tag-actualites","10":"tag-eu","11":"tag-europe","12":"tag-fr","13":"tag-france","14":"tag-nantes","15":"tag-news","16":"tag-pays-de-la-loire","17":"tag-republique-francaise"},"share_on_mastodon":{"url":"https:\/\/pubeurope.com\/@fr\/115131297633384696","error":""},"_links":{"self":[{"href":"https:\/\/www.europesays.com\/fr\/wp-json\/wp\/v2\/posts\/359281","targetHints":{"allow":["GET"]}}],"collection":[{"href":"https:\/\/www.europesays.com\/fr\/wp-json\/wp\/v2\/posts"}],"about":[{"href":"https:\/\/www.europesays.com\/fr\/wp-json\/wp\/v2\/types\/post"}],"author":[{"embeddable":true,"href":"https:\/\/www.europesays.com\/fr\/wp-json\/wp\/v2\/users\/2"}],"replies":[{"embeddable":true,"href":"https:\/\/www.europesays.com\/fr\/wp-json\/wp\/v2\/comments?post=359281"}],"version-history":[{"count":0,"href":"https:\/\/www.europesays.com\/fr\/wp-json\/wp\/v2\/posts\/359281\/revisions"}],"wp:featuredmedia":[{"embeddable":true,"href":"https:\/\/www.europesays.com\/fr\/wp-json\/wp\/v2\/media\/359282"}],"wp:attachment":[{"href":"https:\/\/www.europesays.com\/fr\/wp-json\/wp\/v2\/media?parent=359281"}],"wp:term":[{"taxonomy":"category","embeddable":true,"href":"https:\/\/www.europesays.com\/fr\/wp-json\/wp\/v2\/categories?post=359281"},{"taxonomy":"post_tag","embeddable":true,"href":"https:\/\/www.europesays.com\/fr\/wp-json\/wp\/v2\/tags?post=359281"}],"curies":[{"name":"wp","href":"https:\/\/api.w.org\/{rel}","templated":true}]}}