{"id":359289,"date":"2025-09-01T22:05:19","date_gmt":"2025-09-01T22:05:19","guid":{"rendered":"https:\/\/www.europesays.com\/fr\/359289\/"},"modified":"2025-09-01T22:05:19","modified_gmt":"2025-09-01T22:05:19","slug":"briques-rouges-et-vegetalisation-sont-de-mise","status":"publish","type":"post","link":"https:\/\/www.europesays.com\/fr\/359289\/","title":{"rendered":"briques rouges et v\u00e9g\u00e9talisation sont de mise"},"content":{"rendered":"<p>            Par<br \/>\n        <strong><br \/>\n            <a href=\"https:\/\/actu.fr\/auteur\/lea-afonso\" title=\"Consulter tous les articles de L\u00e9a Afonso\" target=\"_blank\" rel=\"noopener\">L\u00e9a Afonso<\/a><br \/>\n        <\/strong><\/p>\n<p>        Publi\u00e9 le<\/p>\n<p>            1 sept. 2025 \u00e0 19h34        <\/p>\n<p>Des briques roses, de la v\u00e9g\u00e9talisation et des espaces pi\u00e9tons\u2026 le visage du parvis de la <strong><a href=\"https:\/\/actu.fr\/toulouse\/\" target=\"_blank\" rel=\"noopener\">Toulouse<\/a> School of Economics<\/strong> (TSE) change de fa\u00e7on tr\u00e8s visible en cette rentr\u00e9e et il n\u2019y a pas que lui\u2026 Commenc\u00e9s il y a un an, les <strong>travaux<\/strong> de r\u00e9novation avancent et sont d\u00e9j\u00e0 bien visibles dans tout le secteur autour de l\u2019\u00e9cole et le<strong> long du Canal de Brienne<\/strong>. Le point en ce 1er\u00a0septembre 2025.<\/p>\n<p>Une premi\u00e8re \u00e9tape<\/p>\n<p class=\" wall-content\">Les Toulousains l\u2019auront constat\u00e9 dans le secteur du Canal de Brienne et de TSE, les travaux battent leur plein. Commenc\u00e9s en septembre\u00a02024, ils devraient se terminer \u00e0 la fin de l\u2019ann\u00e9e 2025, pour offrir d\u00e9sormais de grandes esplanades, r\u00e9nov\u00e9es et v\u00e9g\u00e9talis\u00e9es.<\/p>\n<p class=\" wall-content\">Il s\u2019agit ici de la premi\u00e8re \u00e9tape du Grand Parc Canal annonc\u00e9 par la Mairie, la M\u00e9tropole et l\u2019Universit\u00e9 Toulouse Capitole <a href=\"https:\/\/actu.fr\/occitanie\/toulouse_31555\/toulouse-lance-son-plan-pour-valoriser-ses-canaux-voici-les-9-sites-qui-vont-etre-reamenages_56558913.html\" target=\"_blank\" rel=\"noopener\">d\u00e8s le mois de janvier 2023.<\/a><\/p>\n<p>Plusieurs axes de r\u00e9novation<\/p>\n<p class=\" wall-content\">Dans le projet initial port\u00e9 par la maire de Toulouse, plusieurs axes de r\u00e9novations ont \u00e9t\u00e9 et seront travaill\u00e9s\u2009:<\/p>\n<ul class=\" wall-content\">\n<li>la cr\u00e9ation d\u2019une <strong>promenade pi\u00e9tonne<\/strong> le long des all\u00e9es de Barcelone, comprenant la pose de bancs et une piste cyclable bidirectionnelle<\/li>\n<li>l\u2019<strong>am\u00e9nagement de la place des Reines et Rois Wisigoths<\/strong> avec de nombreuses plantations<\/li>\n<li>la cr\u00e9ation d\u2019un <strong>parvis pi\u00e9ton devant la Toulouse School of Economics<\/strong> largement v\u00e9g\u00e9talis\u00e9 et arbor\u00e9<\/li>\n<li>la restauration et la<strong> mise en valeur patrimoniale de l\u2019\u00e9cluse Saint-Pierre<\/strong> et du rempart m\u00e9di\u00e9val<\/li>\n<\/ul>\n<p>O\u00f9 en sommes-nous\u2009?<br \/>\n    <img   decoding=\"async\" loading=\"lazy\" src=\"https:\/\/www.europesays.com\/fr\/wp-content\/uploads\/2025\/09\/travaux-canal-de-brienne-4-960x640.jpg\" alt=\"Le parvis de l'\u00e9cole est termin\u00e9 avec des briques rouges et marrons au sol. \" width=\"960\" height=\"640\"\/><br \/>\n    Le parvis de l\u2019\u00e9cole est quasiment termin\u00e9 avec des briques rouges et marrons au sol. (\u00a9L\u00e9a Afonso \/ Actu Toulouse)<\/p>\n<p class=\" wall-content\">Pour l\u2019heure, le <strong>parvis devant la fac est presque termin\u00e9<\/strong> avec des arbres plant\u00e9s. Quant \u00e0 la piste cyclable le long des all\u00e9es de Barcelone, elle est en cours de cr\u00e9ation. Une petite partie \u00e9tant d\u00e9j\u00e0 r\u00e9alis\u00e9e. Elle commence sur le boulevard Armand Duportal, direction les all\u00e9es de Barcelone et est positionn\u00e9e de mani\u00e8re \u00e0 longer le futur parc pr\u00e9vu \u00e0 cet endroit.<\/p>\n<p>Votre r\u00e9gion, votre actu !<\/p>\n<p>Recevez chaque jour les infos qui comptent pour vous.<\/p>\n<p>\t<a href=\"https:\/\/actu.fr\/newsletter\" class=\"ac-btn ac-btn--corner ac-btn--medium ac-btn--blue800\" target=\"_blank\" rel=\"noopener\">S&rsquo;incrire<\/a><\/p>\n<p>    <img   decoding=\"async\" loading=\"lazy\" src=\"https:\/\/www.europesays.com\/fr\/wp-content\/uploads\/2025\/09\/travaux-canal-de-brienne-6-960x640.jpg\" alt=\"La piste cyclable commence sur le boulevard Armand Duportal, pour ensuite continuer sur les all\u00e9es de Brienne. \" width=\"960\" height=\"640\"\/><br \/>\n    La piste cyclable commence sur le boulevard Armand Duportal, pour ensuite continuer sur les all\u00e9es de Brienne. (\u00a9L\u00e9a Afonso \/ Actu Toulouse)<\/p>\n<p class=\" wall-content\">On y retrouvera aussi une toute <strong>nouvelle station de v\u00e9l\u00d4Toulouse.<\/strong><\/p>\n<p>    <img   decoding=\"async\" loading=\"lazy\" src=\"https:\/\/www.europesays.com\/fr\/wp-content\/uploads\/2025\/09\/travaux-canal-de-brienne-7-960x640.jpg\" alt=\"Une station v\u00e9l\u00d4Toulouse est en cours d'installation. \" width=\"960\" height=\"640\"\/><br \/>\n    Une station v\u00e9l\u00d4Toulouse est en cours d\u2019installation. (\u00a9L\u00e9a Afonso \/ Actu Toulouse)Un jardin en cr\u00e9ation<\/p>\n<p class=\" wall-content\">La plus grosse transformation sera sans doute celle de la<strong> cr\u00e9ation d\u2019un jardin<\/strong> \u00e0 la place des parkings d\u2019antan au niveau de la place des Reines et Rois Wisigoths.<\/p>\n<p>    <img   decoding=\"async\" loading=\"lazy\" src=\"https:\/\/www.europesays.com\/fr\/wp-content\/uploads\/2025\/09\/travaux-canal-de-brienne-5-960x640.jpg\" alt=\"Camions et b\u00e9ton sont encore bien pr\u00e9sents sur la place des Reines et Rois Wisigoths, l\u00e0 o\u00f9 bient\u00f4t, il y aura un grand jardin.\" width=\"960\" height=\"640\"\/><br \/>\n    Camions et b\u00e9ton sont encore bien pr\u00e9sents sur la place des Reines et Rois Wisigoths, l\u00e0 o\u00f9 bient\u00f4t, il y aura un grand jardin. (\u00a9L\u00e9a Afonso \/ Actu Toulouse)<\/p>\n<p class=\" wall-content\">Ici se dressera un<strong> jardin de 1\u2009500 m\u00b2,<\/strong> \u00abdot\u00e9 de tilleuls et d\u2019arbres de Jud\u00e9e, entre autres. Ce parc sera enti\u00e8rement pi\u00e9ton et offrira une vue sur le d\u00f4me de la Grave\u2009\u00bb, indiquait\u00a0<a href=\"https:\/\/actu.fr\/occitanie\/toulouse_31555\/images-cette-partie-du-centre-ville-de-toulouse-va-se-metamorphoser-voici-a-quoi-elle-ressemblera_61620471.html\" target=\"_blank\" rel=\"noopener\">Actu Toulouse au moment de la pr\u00e9sentation du projet en 2024.<\/a><\/p>\n<p>Une autre rue r\u00e9nov\u00e9e<\/p>\n<p class=\" wall-content\">Les travaux dans le secteur s\u2019\u00e9tendent par ailleurs \u00e0 une rue toute proche, <a href=\"https:\/\/actu.fr\/occitanie\/toulouse_31555\/longtemps-fermee-a-la-circulation-cette-rue-du-centre-ville-est-a-nouveau-ouverte_63100459.html\" target=\"_blank\" rel=\"noopener\">celle de la Boule,<\/a> situ\u00e9e de mani\u00e8re parall\u00e8le aux all\u00e9es de Brienne. Elle aussi a eu droit \u00e0 une r\u00e9novation\u2009: brique rouge au sol et acc\u00e8s de plain-pied au parvis de TSE sont d\u00e9sormais de mise.<\/p>\n<p>    <img   decoding=\"async\" loading=\"lazy\" src=\"https:\/\/www.europesays.com\/fr\/wp-content\/uploads\/2025\/09\/travaux-canal-de-brienne-1-960x640.jpg\" alt=\"Les briques rouges au sol adopt\u00e9es suite \u00e0 une r\u00e9flexion avec l'Architecte des B\u00e2timents de France, est d\u00e9sormais le nouveau visage de tout le secteur. Cela s'\u00e9tendre \u00e0 tout le projet du Grand Parc Canal.\" width=\"960\" height=\"640\"\/><br \/>\n    Les briques rouges au sol adopt\u00e9es suite \u00e0 une r\u00e9flexion avec l\u2019Architecte des B\u00e2timents de France, sont d\u00e9sormais le nouveau visage de tout le secteur. Cela s\u2019\u00e9tendre \u00e0 tout le projet du Grand Parc Canal. (\u00a9L\u00e9a Afonso \/ Actu Toulouse)<\/p>\n<p class=\" wall-content\">Personnalisez votre actualit\u00e9 en ajoutant vos villes et m\u00e9dias en favori avec <a href=\"https:\/\/moncompte.actu.fr\" title=\"D\u00e9couvez Mon Actu\" rel=\"nofollow noopener\" data-trk=\"{&quot;cta&quot;:{&quot;action&quot;:&quot;https:\\\/\\\/moncompte.actu.fr&quot;,&quot;category&quot;:&quot;mon compte&quot;,&quot;from&quot;:&quot;article footer&quot;,&quot;name&quot;:&quot;Mon actu&quot;,&quot;type&quot;:&quot;cta&quot;}}\" target=\"_blank\">Mon Actu<\/a>.<\/p>\n","protected":false},"excerpt":{"rendered":"Par L\u00e9a Afonso Publi\u00e9 le 1 sept. 2025 \u00e0 19h34 Des briques roses, de la v\u00e9g\u00e9talisation et des&hellip;\n","protected":false},"author":2,"featured_media":359290,"comment_status":"","ping_status":"","sticky":false,"template":"","format":"standard","meta":{"footnotes":""},"categories":[2816],"tags":[1111,11,1777,674,1011,27,12,2680,25,104,2312,2086,1352],"class_list":{"0":"post-359289","1":"post","2":"type-post","3":"status-publish","4":"format-standard","5":"has-post-thumbnail","7":"category-toulouse","8":"tag-actu","9":"tag-actualites","10":"tag-eu","11":"tag-europe","12":"tag-fr","13":"tag-france","14":"tag-news","15":"tag-occitanie","16":"tag-republique-francaise","17":"tag-societe","18":"tag-toulouse","19":"tag-travaux","20":"tag-urbanisme"},"share_on_mastodon":{"url":"https:\/\/pubeurope.com\/@fr\/115131313482803928","error":""},"_links":{"self":[{"href":"https:\/\/www.europesays.com\/fr\/wp-json\/wp\/v2\/posts\/359289","targetHints":{"allow":["GET"]}}],"collection":[{"href":"https:\/\/www.europesays.com\/fr\/wp-json\/wp\/v2\/posts"}],"about":[{"href":"https:\/\/www.europesays.com\/fr\/wp-json\/wp\/v2\/types\/post"}],"author":[{"embeddable":true,"href":"https:\/\/www.europesays.com\/fr\/wp-json\/wp\/v2\/users\/2"}],"replies":[{"embeddable":true,"href":"https:\/\/www.europesays.com\/fr\/wp-json\/wp\/v2\/comments?post=359289"}],"version-history":[{"count":0,"href":"https:\/\/www.europesays.com\/fr\/wp-json\/wp\/v2\/posts\/359289\/revisions"}],"wp:featuredmedia":[{"embeddable":true,"href":"https:\/\/www.europesays.com\/fr\/wp-json\/wp\/v2\/media\/359290"}],"wp:attachment":[{"href":"https:\/\/www.europesays.com\/fr\/wp-json\/wp\/v2\/media?parent=359289"}],"wp:term":[{"taxonomy":"category","embeddable":true,"href":"https:\/\/www.europesays.com\/fr\/wp-json\/wp\/v2\/categories?post=359289"},{"taxonomy":"post_tag","embeddable":true,"href":"https:\/\/www.europesays.com\/fr\/wp-json\/wp\/v2\/tags?post=359289"}],"curies":[{"name":"wp","href":"https:\/\/api.w.org\/{rel}","templated":true}]}}