{"id":359313,"date":"2025-09-01T22:18:14","date_gmt":"2025-09-01T22:18:14","guid":{"rendered":"https:\/\/www.europesays.com\/fr\/359313\/"},"modified":"2025-09-01T22:18:14","modified_gmt":"2025-09-01T22:18:14","slug":"lallemagne-lance-un-exercice-militaire-en-mer-baltique-alors-que-les-tensions-avec-la-russie-sintensifient","status":"publish","type":"post","link":"https:\/\/www.europesays.com\/fr\/359313\/","title":{"rendered":"L\u2019Allemagne lance un exercice militaire en mer Baltique alors que les tensions avec la Russie s\u2019intensifient"},"content":{"rendered":"<p align=\"justify\" style=\"overflow-wrap:break-word;text-align:justify;\">AA \/ Berlin<\/p>\n<p align=\"justify\" style=\"overflow-wrap:break-word;text-align:justify;\">L\u2019exercice militaire dirig\u00e9 par l\u2019Allemagne, baptis\u00e9\u00a0Northern\u00a0Coasts\u00a0(C\u00f4tes du Nord), a d\u00e9but\u00e9 lundi dans la r\u00e9gion de la mer Baltique, avec la participation de plus d\u2019une douzaine d\u2019alli\u00e9s de l\u2019OTAN, dont les \u00c9tats-Unis et le Canada.<\/p>\n<p align=\"justify\" style=\"overflow-wrap:break-word;text-align:justify;\">Le commandant militaire en chef de l\u2019Allemagne, le g\u00e9n\u00e9ral Carsten Breuer, a annonc\u00e9 lors d\u2019une conf\u00e9rence de presse \u00e0 Berlin que ces man\u0153uvres constitueront le c\u0153ur de la s\u00e9rie d\u2019exercices\u00a0Quadriga, visant \u00e0 renforcer la dissuasion et \u00e0 am\u00e9liorer la pr\u00e9paration op\u00e9rationnelle des forces arm\u00e9es participantes.<\/p>\n<p align=\"justify\" style=\"overflow-wrap:break-word;text-align:justify;\">\u00ab Le pr\u00e9sident russe Poutine nous observe. Ses plans d\u00e9passent l\u2019Ukraine. En tant que forces arm\u00e9es, nous devons nous pr\u00e9parer \u00e0 cela \u00bb, a-t-il d\u00e9clar\u00e9, ajoutant que les forces participantes se concentreront \u00e0 la fois sur les menaces hybrides et conventionnelles.<\/p>\n<p align=\"justify\" style=\"overflow-wrap:break-word;text-align:justify;\">\u00ab L\u2019exercice implique 8 000 soldats de 14 nations, 40 navires, 30 a\u00e9ronefs et plus de 1 800 v\u00e9hicules \u00bb, a-t-il pr\u00e9cis\u00e9 aux journalistes. \u00ab Nous allons pratiquer le transport de troupes et de mat\u00e9riel vers la Lituanie par mer, par terre et par air. \u00bb<\/p>\n<p align=\"justify\" style=\"overflow-wrap:break-word;text-align:justify;\">Le g\u00e9n\u00e9ral Carsten Breuer a \u00e9galement mis en garde contre de potentielles tensions avec la Russie, qui pr\u00e9pare son exercice militaire conjoint\u00a0Zapad\u00a0avec la Bi\u00e9lorussie dans deux semaines, pr\u00e8s de la fronti\u00e8re d\u2019un alli\u00e9 de l\u2019OTAN, la Lituanie.<\/p>\n<p align=\"justify\" style=\"overflow-wrap:break-word;text-align:justify;\">\u00ab Certaines parties de\u00a0Quadriga\u00a0vont in\u00e9vitablement se chevaucher avec\u00a0Zapad\u00a0\u00bb, a-t-il expliqu\u00e9, pr\u00e9cisant que les deux exercices auront lieu \u00e0 la suite l\u2019un de l\u2019autre avec des forces militaires op\u00e9rant \u00e0 proximit\u00e9.<\/p>\n<p align=\"justify\" style=\"overflow-wrap:break-word;text-align:justify;\">\u00ab Je tiens \u00e0 souligner une fois de plus que nous voulons dissuader, nous ne voulons pas d\u2019escalade. Nous nous entra\u00eenons exclusivement \u00e0 la d\u00e9fense \u00bb, a-t-il poursuivi.<\/p>\n<p align=\"justify\" style=\"overflow-wrap:break-word;text-align:justify;\">\u00ab Pour\u00a0Zapad\u00a02025, nous n\u2019avons encore re\u00e7u aucune preuve de pr\u00e9paratifs pour une attaque sous couvert de ces exercices. Mais nous restons vigilants. Et par vigilant, je ne parle pas seulement des forces arm\u00e9es allemandes, je parle de l\u2019OTAN \u00bb, a ajout\u00e9 Breuer.<\/p>\n<p align=\"justify\" style=\"overflow-wrap:break-word;text-align:justify;\">* Traduit de l&rsquo;anglais par Adama Bamba<\/p>\n","protected":false},"excerpt":{"rendered":"AA \/ Berlin L\u2019exercice militaire dirig\u00e9 par l\u2019Allemagne, baptis\u00e9\u00a0Northern\u00a0Coasts\u00a0(C\u00f4tes du Nord), a d\u00e9but\u00e9 lundi dans la r\u00e9gion de&hellip;\n","protected":false},"author":2,"featured_media":359314,"comment_status":"","ping_status":"","sticky":false,"template":"","format":"standard","meta":{"footnotes":""},"categories":[1591],"tags":[11,672,1785,1887,49472,7436,12,1885,1886,132],"class_list":{"0":"post-359313","1":"post","2":"type-post","3":"status-publish","4":"format-standard","5":"has-post-thumbnail","7":"category-russie","8":"tag-actualites","9":"tag-allemagne","10":"tag-anadolu-ajansi","11":"tag-federation-de-russie","12":"tag-guerre-russe-en-ukraine","13":"tag-mer-baltique","14":"tag-news","15":"tag-russia","16":"tag-russian-federation","17":"tag-russie"},"share_on_mastodon":{"url":"https:\/\/pubeurope.com\/@fr\/115131364666262463","error":""},"_links":{"self":[{"href":"https:\/\/www.europesays.com\/fr\/wp-json\/wp\/v2\/posts\/359313","targetHints":{"allow":["GET"]}}],"collection":[{"href":"https:\/\/www.europesays.com\/fr\/wp-json\/wp\/v2\/posts"}],"about":[{"href":"https:\/\/www.europesays.com\/fr\/wp-json\/wp\/v2\/types\/post"}],"author":[{"embeddable":true,"href":"https:\/\/www.europesays.com\/fr\/wp-json\/wp\/v2\/users\/2"}],"replies":[{"embeddable":true,"href":"https:\/\/www.europesays.com\/fr\/wp-json\/wp\/v2\/comments?post=359313"}],"version-history":[{"count":0,"href":"https:\/\/www.europesays.com\/fr\/wp-json\/wp\/v2\/posts\/359313\/revisions"}],"wp:featuredmedia":[{"embeddable":true,"href":"https:\/\/www.europesays.com\/fr\/wp-json\/wp\/v2\/media\/359314"}],"wp:attachment":[{"href":"https:\/\/www.europesays.com\/fr\/wp-json\/wp\/v2\/media?parent=359313"}],"wp:term":[{"taxonomy":"category","embeddable":true,"href":"https:\/\/www.europesays.com\/fr\/wp-json\/wp\/v2\/categories?post=359313"},{"taxonomy":"post_tag","embeddable":true,"href":"https:\/\/www.europesays.com\/fr\/wp-json\/wp\/v2\/tags?post=359313"}],"curies":[{"name":"wp","href":"https:\/\/api.w.org\/{rel}","templated":true}]}}